{"id":16982,"date":"2024-12-13T10:18:51","date_gmt":"2024-12-13T10:18:51","guid":{"rendered":"https:\/\/clearingtheair.eu\/mexiko-steht-kurz-davor-das-erste-land-zu-werden-das-ein-vape-verbot-in-die-verfassung-aufnimmt\/"},"modified":"2025-01-07T11:43:05","modified_gmt":"2025-01-07T11:43:05","slug":"mexiko-steht-kurz-davor-das-erste-land-zu-werden-das-ein-vape-verbot-in-die-verfassung-aufnimmt","status":"publish","type":"post","link":"https:\/\/clearingtheair.eu\/de\/post\/mexiko-steht-kurz-davor-das-erste-land-zu-werden-das-ein-vape-verbot-in-die-verfassung-aufnimmt\/","title":{"rendered":"Mexiko steht kurz davor, das erste Land zu werden, das ein Vape-Verbot in die Verfassung aufnimmt"},"content":{"rendered":"<div class=\"clear-before-content-2\" style=\"margin-top: 20px;margin-bottom: 20px;margin-left: auto;margin-right: auto;text-align: center;\" id=\"clear-3384766429\"><img src=\"https:\/\/clearingtheair.eu\/wp-content\/uploads\/2026\/04\/caafc5c68900198b80aee12c11b50184.avif\" alt=\"\"   style=\"display: inline-block;\" \/><\/div><p id=\"\"><strong id=\"\">Mexiko ist dem Ziel, das erste Land zu werden, das jemals ein Verbot von Vapes in seiner Verfassung verankert hat, einen Schritt n\u00e4her gekommen. <br \/><\/strong><\/p>\n<p id=\"\">Der Senat in Mexiko hat gestern einstimmig f\u00fcr die Verabschiedung der Reform gestimmt, die die Herstellung, den Vertrieb und den Verkauf aller Arten von Vapes verbieten wird.<\/p>\n<p id=\"\">Das Gesetz muss nun von den Kongressen in jedem der 28 Bundesstaaten Mexikos verabschiedet werden \u2014 was voraussichtlich der Fall sein wird \u2014, bevor es in Kraft treten kann. <\/p>\n<p id=\"\">Die mexikanische Regierung ist nach eigenen Angaben besorgt \u00fcber die potenziellen Gesundheitsrisiken von Vaping und die zunehmende Zahl junger Menschen, die nikotinabh\u00e4ngig werden. <\/p>\n<p id=\"\"><strong id=\"\">Den Vaping-Markt in den Untergrund treiben<\/strong><\/p>\n<p id=\"\">Kritiker des Verbots warnen jedoch davor, dass es zu einem Boom auf einem bereits florierenden und gef\u00e4hrlichen Schwarzmarkt und zum Verlust potenzieller Steuereinnahmen f\u00fchren wird. <\/p>\n<p id=\"\">Cuauhtemoc Rivera, Pr\u00e4sident der National Alliance of Small Merchants, sagte dem Fernsehsender Milenio: <\/p>\n<blockquote id=\"\"><p>\u201eEs gibt fast zwei Millionen Verbraucher dieser Produkte, und indem sie ihre Vermarktung verbieten&#8230; \u00fcbergeben sie diesen Markt dem Schwarzmarkt.\u201c <\/p><\/blockquote>\n<p id=\"\">Es gibt auch Bef\u00fcrchtungen, dass das Verbot die bereits hohe Raucherquote Mexikos von 11,6 Prozent, was 15 Millionen Menschen entspricht, in die H\u00f6he treiben k\u00f6nnte. J\u00e4hrlich sterben im Land mehr als 50.000 Menschen an Rauchen, und Vaping verursacht nachweislich keine tabakbedingten Krankheiten. <\/p>\n<p id=\"\">Der Verkauf und Import von Vapes war in Mexiko zuvor verboten. Die Produkte sind jedoch immer noch weit verbreitet, nachdem das Verbot erfolgreich vor Gericht angefochten und als \u201everfassungswidrig\u201c eingestuft wurde.<\/p>\n<p id=\"\"><strong id=\"\">Fast unm\u00f6glich r\u00fcckg\u00e4ngig zu machen<\/strong><\/p>\n<p id=\"\">Der j\u00fcngste Schritt der f\u00fchrenden Morena-Partei des Landes, die eine \u00fcberw\u00e4ltigende Mehrheit hat, das Verbot in Artikel 4 der mexikanischen Verfassung (das \u201eRecht auf Gesundheit\u201c) aufzunehmen, bedeutet, dass es nahezu unm\u00f6glich sein wird, es r\u00fcckg\u00e4ngig zu machen. <\/p>\n<p id=\"\">Der Vorschlag <a href=\"https:\/\/www.clearingtheair.eu\/en\/post\/mexicos-new-law-to-ban-vapes-passes-major-hurdle\" id=\"\">hat das Unterhaus des Bundeskongresses verabschiedet<\/a> Anfang dieser Woche mit 410 Ja-Stimmen und nur 24 Nein-Stimmen. <\/p>\n<p id=\"\">Obwohl Vapes in Mexiko technisch gesehen bereits illegal sind, gibt es einen florierenden Schwarzmarkt, der von kriminellen Banden angef\u00fchrt wird, und Berichten zufolge dampfen fast zwei Millionen Mexikaner. <\/p>\n<p id=\"\">In der Zwischenzeit wird die Verfassungs\u00e4nderung Zigaretten nicht verbieten, die bis zu der H\u00e4lfte aller regelm\u00e4\u00dfigen Raucher t\u00f6ten. <\/p>\n<p id=\"\"><strong id=\"\">Das Vape-Verbot umfasst das Medikament Fentanyl<\/strong><\/p>\n<p id=\"\">Die neue Reform sanktioniert auch die \u201eHerstellung, den Vertrieb und den Verkauf giftiger Substanzen, chemischer Ausgangsstoffe, den illegalen Konsum von Fentanyl und anderen nicht zugelassenen synthetischen Drogen\u201c.<\/p>\n<p id=\"\">Fentanyl ist zwar f\u00fcr einige medizinische Zwecke zugelassen, in Mexiko jedoch bereits verboten, aber nach wie vor weit verbreitet.<\/p>\n<p id=\"\">Der Oppositionsabgeordnete Ector Jaime Ramirez warnte davor, dass das Verbot von Vapes und Fentanyl in derselben Reform \u00fcbertrieben sei und \u201edie Bem\u00fchungen zur Bek\u00e4mpfung der s\u00fcchtig machenden und gef\u00e4hrlichsten Drogen verharmlost\u201c.<\/p>\n<p id=\"\">Bef\u00fcrworter von Vapes und Aktivisten gegen das Rauchen argumentieren, dass eine effektivere Alternative zum Verbot von Vapes darin best\u00fcnde, sie auf \u00e4hnliche Weise wie Tabak und Alkohol zu regulieren. Diese werden von Gesundheitsbeh\u00f6rden \u00fcberwacht, besteuert und es ist verboten, sie f\u00fcr Kinder unter 18 Jahren zu kaufen.<\/p>\n<p id=\"\">\u200d<\/p>\n<div class=\"clear-after-content-2\" style=\"margin-top: 20px;margin-bottom: 20px;margin-left: auto;margin-right: auto;text-align: center;\" id=\"clear-3423851371\"><img src=\"https:\/\/clearingtheair.eu\/wp-content\/uploads\/2026\/04\/caafc5c68900198b80aee12c11b50184.avif\" alt=\"\"   style=\"display: inline-block;\" \/><\/div>","protected":false},"excerpt":{"rendered":"<p>Der Senat in Mexiko hat gestern einstimmig f\u00fcr die Verabschiedung der Reform gestimmt, die die Herstellung, den Vertrieb und den Verkauf aller Arten von Vapes verbieten wird.<\/p>\n","protected":false},"author":990002,"featured_media":12297,"comment_status":"open","ping_status":"open","sticky":false,"template":"","format":"standard","meta":{"footnotes":""},"categories":[268],"tags":[],"slider":[],"class_list":["post-16982","post","type-post","status-publish","format-standard","has-post-thumbnail","hentry","category-news"],"_links":{"self":[{"href":"https:\/\/clearingtheair.eu\/de\/wp-json\/wp\/v2\/posts\/16982","targetHints":{"allow":["GET"]}}],"collection":[{"href":"https:\/\/clearingtheair.eu\/de\/wp-json\/wp\/v2\/posts"}],"about":[{"href":"https:\/\/clearingtheair.eu\/de\/wp-json\/wp\/v2\/types\/post"}],"author":[{"embeddable":true,"href":"https:\/\/clearingtheair.eu\/de\/wp-json\/wp\/v2\/users\/990002"}],"replies":[{"embeddable":true,"href":"https:\/\/clearingtheair.eu\/de\/wp-json\/wp\/v2\/comments?post=16982"}],"version-history":[{"count":4,"href":"https:\/\/clearingtheair.eu\/de\/wp-json\/wp\/v2\/posts\/16982\/revisions"}],"predecessor-version":[{"id":18755,"href":"https:\/\/clearingtheair.eu\/de\/wp-json\/wp\/v2\/posts\/16982\/revisions\/18755"}],"wp:featuredmedia":[{"embeddable":true,"href":"https:\/\/clearingtheair.eu\/de\/wp-json\/wp\/v2\/media\/12297"}],"wp:attachment":[{"href":"https:\/\/clearingtheair.eu\/de\/wp-json\/wp\/v2\/media?parent=16982"}],"wp:term":[{"taxonomy":"category","embeddable":true,"href":"https:\/\/clearingtheair.eu\/de\/wp-json\/wp\/v2\/categories?post=16982"},{"taxonomy":"post_tag","embeddable":true,"href":"https:\/\/clearingtheair.eu\/de\/wp-json\/wp\/v2\/tags?post=16982"},{"taxonomy":"slider","embeddable":true,"href":"https:\/\/clearingtheair.eu\/de\/wp-json\/wp\/v2\/slider?post=16982"}],"curies":[{"name":"wp","href":"https:\/\/api.w.org\/{rel}","templated":true}]}}