{"id":17246,"date":"2024-07-17T12:12:00","date_gmt":"2024-07-17T12:12:00","guid":{"rendered":"https:\/\/clearingtheair.eu\/exklusiv-die-abgeordneten-die-uber-das-eu-dampfgesetz-abstimmen-werden-enthullt\/"},"modified":"2025-01-07T12:07:54","modified_gmt":"2025-01-07T12:07:54","slug":"exklusiv-die-abgeordneten-die-uber-das-eu-dampfgesetz-abstimmen-werden-enthullt","status":"publish","type":"post","link":"https:\/\/clearingtheair.eu\/de\/post\/exklusiv-die-abgeordneten-die-uber-das-eu-dampfgesetz-abstimmen-werden-enthullt\/","title":{"rendered":"EXKLUSIV: Die Abgeordneten, die \u00fcber das EU-Dampfgesetz abstimmen werden, enth\u00fcllt"},"content":{"rendered":"<div class=\"clear-before-content-2\" style=\"margin-top: 20px;margin-bottom: 20px;margin-left: auto;margin-right: auto;text-align: center;\" id=\"clear-3295334006\"><img src=\"https:\/\/clearingtheair.eu\/wp-content\/uploads\/2026\/04\/caafc5c68900198b80aee12c11b50184.avif\" alt=\"\"   style=\"display: inline-block;\" \/><\/div><p id=\"\"><strong id=\"\">Clearing the Air kann heute enth\u00fcllen, welche EU-Abgeordneten im Gesundheitsausschuss des Europ\u00e4ischen Parlaments, bekannt als SANT, sitzen werden.<\/strong><\/p>\n<p id=\"\">Der Ausschuss hat im letzten Parlament zwei Berichte verfasst, die die Vorteile der Schadensminderung lobten, und wird die F\u00fchrung \u00fcbernehmen, wenn das Parlament neue Vorschl\u00e4ge der EU-Kommission zu sichereren Nikotinprodukten pr\u00fcft.<\/p>\n<p id=\"\">Die Liste enth\u00e4lt einige bekannte Gesichter. Peter Liese (DE, EVP) kehrt in den Ausschuss zur\u00fcck und ist der wahrscheinlichste Kandidat f\u00fcr die Koordination der Delegierten seiner Gruppe. Liese ist Arzt und hat in der Vergangenheit die Schadensminderung bei Tabak unterst\u00fctzt, einschlie\u00dflich 2013, als das letzte Set von EU-Tabakregeln verabschiedet wurde.<\/p>\n<p id=\"\">Weitere Vertreter der EVP &#8211; die zentristisch-rechte Parteien in ganz Europa zusammenbringt und die gr\u00f6\u00dfte Einzelgruppe im Europ\u00e4ischen Parlament bildet &#8211; sind die ehemalige spanische Gesundheitsministerin Delores Montserrat und die schwedische Abgeordnete Jessica Polfj\u00e4rd, die letztes Jahr die EU-Kommission kritisierte, weil sie in ihrer Konsultation zu sichereren Nikotinprodukten suggestive Fragen gestellt hatte.<\/p>\n<p id=\"\">Die sozialistische Fraktion umfasst Personen, die skeptischer gegen\u00fcber der Schadensminderung sind und von denen viele in der Vergangenheit f\u00fcr Verbote und Beschr\u00e4nkungen kampagniert haben. Ihre Gruppe wird wahrscheinlich von dem ehemaligen EU-Gesundheitskommissar Vytenis Andriukaitis aus Litauen geleitet, der als Kommissar die Idee, dass Dampfen zur Raucherentw\u00f6hnung genutzt werden k\u00f6nnte, ablehnte und sagte: \u201eWenn sie es als Entw\u00f6hnungsmethode nutzen, sollten sie unter der Aufsicht von \u00c4rzten stehen. Sie wissen, wie sie Ihnen helfen k\u00f6nnen. Machen Sie es nicht selbst.\u201c<\/p>\n<p id=\"\">Clearing the Air hat konsequent berichtet, wie die Medikalisierung des Dampfens in Australien ein v\u00f6lliger Fehlschlag war.<\/p>\n<p id=\"\">Auch in den Reihen der Sozialisten befinden sich Nicolas Gonzalez Casares, ein ehemaliger Notfallpfleger, der ebenfalls ein lautstarker Kritiker der Schadensminderung in fr\u00fcheren Parlamenten war; Leire Pajin, eine ehemalige spanische Gesundheitsministerin unter Jose Zapatero; und Marta Temido, eine ehemalige portugiesische Gesundheitsministerin unter Antonio Costa, die nun zur Pr\u00e4sidentin des Europ\u00e4ischen Rates ernannt wurde.<\/p>\n<p id=\"\">Weitere ehemalige Gesundheitsminister sind der Rum\u00e4ne Vlad Voiculescu von der liberalen Renew-Gruppe und der Litauer Aurelijus Veryga von der konservativen EKR-Gruppe.<\/p>\n<p id=\"\">Die Europ\u00e4ische Kommission wird voraussichtlich im n\u00e4chsten Jahr mit einer \u00f6ffentlichen Konsultation und einer Folgenabsch\u00e4tzung beginnen und anschlie\u00dfend einen Vorschlag zur \u00dcberarbeitung ihrer Gesetze zum Dampfen vorlegen. Quellen in der Kommission sagen, dass es wahrscheinlich ist, dass der neue Vorschlag stark auf eine weitere Beschr\u00e4nkung sicherer Nikotinprodukte abzielen wird und ein vollst\u00e4ndiges Geschmacksverbot f\u00fcr E-Zigaretten sowie ein vollst\u00e4ndiges Produktverbot f\u00fcr Nikotinbeutel vorschlagen k\u00f6nnte.<\/p>\n<p id=\"\">Da viele EU-Abgeordnete neu in diesem Parlament sind \u2013 mehr als die H\u00e4lfte sind in ihrer ersten Amtszeit \u2013 werden viele das Thema bisher nicht behandelt haben oder nur fl\u00fcchtig damit in Ber\u00fchrung gekommen sein. Lokale Verbrauchergruppen werden wahrscheinlich versuchen, neue Mitglieder zu kontaktieren, um den Bildungsprozess zu beginnen.<\/p>\n<p id=\"\">Die vollst\u00e4ndige Liste der Abgeordneten im SANT-Ausschuss ist unten aufgef\u00fchrt. Vollmitglieder k\u00f6nnen immer im Ausschuss abstimmen, w\u00e4hrend Ersatzmitglieder im Einvernehmen mit einem Vollmitglied, das nicht an einer Sitzung teilnehmen kann, abstimmen k\u00f6nnen. Wir haben keine Details zu den Ausschusszuweisungen der Abgeordneten der Linksfraktion (extreme Linke) oder der Fraktion Europa der Nationen und der Freiheit (extreme Rechte). Obwohl es zu kleinen \u00c4nderungen kommen kann, d\u00fcrfte diese Liste endg\u00fcltig sein:<\/p>\n<p id=\"\"><strong id=\"\">Europ\u00e4ische Volkspartei (EVP)<\/strong><\/p>\n<p id=\"\"><em id=\"\">Vollmitglieder:<\/em><\/p>\n<ul id=\"\">\n<li id=\"\">Peter Liese, Oliver Schenk (DE)<\/li>\n<li id=\"\">Adam Jarubas, Bartosz Arlukowicz (PL)<\/li>\n<li id=\"\">Delores Montserrat (ES)<\/li>\n<li id=\"\">Andras Kulja (HU)<\/li>\n<li id=\"\">Laurent Castillo (FR)<\/li>\n<li id=\"\">Jessica Polfj\u00e4rd (SE)<\/li>\n<\/ul>\n<p id=\"\"><em id=\"\">Ersatzmitglieder:<\/em><\/p>\n<ul id=\"\">\n<li id=\"\">Manuela Ripa (DE)<\/li>\n<li id=\"\">Ewa Kopacz (PL)<\/li>\n<li id=\"\">Elena Nevado del Campo (ES)<\/li>\n<li id=\"\">Letizia Moratti (IT)<\/li>\n<li id=\"\">Tomislav Sokol (HR)<\/li>\n<li id=\"\">Ingeborg Ter Laak (NL)<\/li>\n<li id=\"\">Ludek Niedermayer (CZ)<\/li>\n<\/ul>\n<p id=\"\"><strong id=\"\">Sozialisten und Demokraten (S&amp;D)<\/strong><\/p>\n<p id=\"\"><em id=\"\">Vollmitglieder:<\/em><\/p>\n<ul id=\"\">\n<li id=\"\">Vytenis Andriukaitis (LT)<\/li>\n<li id=\"\">Christophe Clergeau (FR)<\/li>\n<li id=\"\">Nicolas Gonzalez Casares (ES)<\/li>\n<li id=\"\">Victor Negrescu (RO)<\/li>\n<li id=\"\">Tiemo W\u00f6lken (DE)<\/li>\n<li id=\"\">Romana Jerkovi\u0107 (HR)<\/li>\n<\/ul>\n<p id=\"\"><em id=\"\">Ersatzmitglieder:<\/em><\/p>\n<ul id=\"\">\n<li id=\"\">Estelle Ceulemans (BE)<\/li>\n<li id=\"\">Leire Pajin (ES)<\/li>\n<li id=\"\">Alessandra Moretti, Raffaele Topo (IT)<\/li>\n<li id=\"\">Pierre Jouvet (FR)<\/li>\n<li id=\"\">Marta Temido (PT)<\/li>\n<\/ul>\n<p id=\"\"><strong id=\"\">Patrioten f\u00fcr Europa (PfE)<\/strong><\/p>\n<p id=\"\"><em id=\"\">Vollmitglieder:<\/em><\/p>\n<ul id=\"\">\n<li id=\"\">Marie Luce Brasier Clain (FR)<\/li>\n<li id=\"\">Ondrej Knotek (CZ)<\/li>\n<li id=\"\">Gerald Hauser (AT)<\/li>\n<li id=\"\">Margarita de la Pisa Carri\u00f3n (ES)<\/li>\n<\/ul>\n<p id=\"\"><em id=\"\">Ersatzmitglieder:<\/em><\/p>\n<ul id=\"\">\n<li id=\"\">Keine<\/li>\n<\/ul>\n<p id=\"\"><strong id=\"\">Europ\u00e4ische Konservative und Reformer (EKR)<\/strong><\/p>\n<p id=\"\"><em id=\"\">Vollmitglieder:<\/em><\/p>\n<ul id=\"\">\n<li id=\"\">Galato Alexandraki (HE)<\/li>\n<li id=\"\">Michele Picaro (IT)<\/li>\n<li id=\"\">Laurance Trochu (FR)<\/li>\n<\/ul>\n<p id=\"\"><em id=\"\">Ersatzmitglieder:<\/em><\/p>\n<ul id=\"\">\n<li id=\"\">Ruggero Razza (IT)<\/li>\n<li id=\"\">Aurelijus Veryga (LT)<\/li>\n<li id=\"\">Pietro Fiocchi (IT)<\/li>\n<\/ul>\n<p id=\"\"><strong id=\"\">Renew Europe (RE)<\/strong><\/p>\n<p id=\"\"><em id=\"\">Vollmitglieder:<\/em><\/p>\n<ul id=\"\">\n<li id=\"\">Stine Bosse (DK)<\/li>\n<li id=\"\">Olivier Chastel (BE)<\/li>\n<li id=\"\">Vlad Voiculescu (RO)<\/li>\n<\/ul>\n<p id=\"\"><em id=\"\">Ersatzmitglieder:<\/em><\/p>\n<ul id=\"\">\n<li id=\"\">Andreas Gluck (DE)<\/li>\n<li id=\"\">Irena Joveva (SI)<\/li>\n<li id=\"\">Billy Kelleher (IE)<\/li>\n<\/ul>\n<p id=\"\"><strong id=\"\">Gr\u00fcne\/Europ\u00e4ische Freie Allianz<\/strong><\/p>\n<p id=\"\"><em id=\"\">Vollmitglieder:<\/em><\/p>\n<ul id=\"\">\n<li id=\"\">Ignazio Marino (IT)<\/li>\n<li id=\"\">Tilly Metz (NL)<\/li>\n<\/ul>\n<p id=\"\"><em id=\"\">Ersatzmitglieder:<\/em><\/p>\n<ul id=\"\">\n<li id=\"\">Majdouline Sbai (FR)<\/li>\n<\/ul>\n<p id=\"\">\u200d<\/p>\n<div class=\"clear-after-content-2\" style=\"margin-top: 20px;margin-bottom: 20px;margin-left: auto;margin-right: auto;text-align: center;\" id=\"clear-2827488582\"><img src=\"https:\/\/clearingtheair.eu\/wp-content\/uploads\/2026\/04\/caafc5c68900198b80aee12c11b50184.avif\" alt=\"\"   style=\"display: inline-block;\" \/><\/div>","protected":false},"excerpt":{"rendered":"<p>Clearing the Air kann heute enth\u00fcllen, welche EU-Abgeordneten im Gesundheitsausschuss des Europ\u00e4ischen Parlaments, bekannt als SANT, sitzen werden.<\/p>\n","protected":false},"author":990003,"featured_media":13577,"comment_status":"open","ping_status":"open","sticky":false,"template":"","format":"standard","meta":{"footnotes":""},"categories":[265,268],"tags":[],"slider":[],"class_list":["post-17246","post","type-post","status-publish","format-standard","has-post-thumbnail","hentry","category-legislation","category-news"],"_links":{"self":[{"href":"https:\/\/clearingtheair.eu\/de\/wp-json\/wp\/v2\/posts\/17246","targetHints":{"allow":["GET"]}}],"collection":[{"href":"https:\/\/clearingtheair.eu\/de\/wp-json\/wp\/v2\/posts"}],"about":[{"href":"https:\/\/clearingtheair.eu\/de\/wp-json\/wp\/v2\/types\/post"}],"author":[{"embeddable":true,"href":"https:\/\/clearingtheair.eu\/de\/wp-json\/wp\/v2\/users\/990003"}],"replies":[{"embeddable":true,"href":"https:\/\/clearingtheair.eu\/de\/wp-json\/wp\/v2\/comments?post=17246"}],"version-history":[{"count":4,"href":"https:\/\/clearingtheair.eu\/de\/wp-json\/wp\/v2\/posts\/17246\/revisions"}],"predecessor-version":[{"id":19058,"href":"https:\/\/clearingtheair.eu\/de\/wp-json\/wp\/v2\/posts\/17246\/revisions\/19058"}],"wp:featuredmedia":[{"embeddable":true,"href":"https:\/\/clearingtheair.eu\/de\/wp-json\/wp\/v2\/media\/13577"}],"wp:attachment":[{"href":"https:\/\/clearingtheair.eu\/de\/wp-json\/wp\/v2\/media?parent=17246"}],"wp:term":[{"taxonomy":"category","embeddable":true,"href":"https:\/\/clearingtheair.eu\/de\/wp-json\/wp\/v2\/categories?post=17246"},{"taxonomy":"post_tag","embeddable":true,"href":"https:\/\/clearingtheair.eu\/de\/wp-json\/wp\/v2\/tags?post=17246"},{"taxonomy":"slider","embeddable":true,"href":"https:\/\/clearingtheair.eu\/de\/wp-json\/wp\/v2\/slider?post=17246"}],"curies":[{"name":"wp","href":"https:\/\/api.w.org\/{rel}","templated":true}]}}