{"id":23259,"date":"2025-03-04T13:03:52","date_gmt":"2025-03-04T13:03:52","guid":{"rendered":"https:\/\/clearingtheair.eu\/post\/niederlaendische-regierung-fordert-eu-weites-verbot-von-aromen-und-einfache-verpackungen-fuer-vapes-und-pouches\/"},"modified":"2025-03-07T11:37:26","modified_gmt":"2025-03-07T11:37:26","slug":"niederlaendische-regierung-fordert-eu-weites-verbot-von-aromen-und-einfache-verpackungen-fuer-vapes-und-pouches","status":"publish","type":"post","link":"https:\/\/clearingtheair.eu\/de\/post\/niederlaendische-regierung-fordert-eu-weites-verbot-von-aromen-und-einfache-verpackungen-fuer-vapes-und-pouches\/","title":{"rendered":"Niederl\u00e4ndische Regierung fordert EU-weites Verbot von Aromen und einfache Verpackungen f\u00fcr Vapes und Pouches"},"content":{"rendered":"<div class=\"clear-before-content-2\" style=\"margin-top: 20px;margin-bottom: 20px;margin-left: auto;margin-right: auto;text-align: center;\" id=\"clear-237181749\"><img src=\"https:\/\/clearingtheair.eu\/wp-content\/uploads\/2026\/04\/caafc5c68900198b80aee12c11b50184.avif\" alt=\"\"   style=\"display: inline-block;\" \/><\/div>\n<p><strong>Der niederl\u00e4ndische Gesundheitsminister hat in einem Brief an EU-Gesundheitskommissar Oliv\u00e9r V\u00e1rhelyi, der von Clearing the Air eingesehen und <a href=\"https:\/\/www.euractiv.com\/section\/health-consumers\/news\/dutch-slam-commission-over-harmful-tobacco-delays\/?utm_source=linkedin&amp;utm_medium=dlvr.it\" rel=\"nofollow noopener\" target=\"_blank\">von EurActiv entdeckt<\/a> wurde, gefordert, ein EU-weites Verbot von Vapes und Pouches noch in diesem Jahr zu erlassen.<\/strong><\/p>\n\n<p>Der Brief kommt nur wenige Tage, nachdem der EU-Kommissar f\u00fcr Steuern &#8211; Wopke Hoekstra &#8211; in einer Antwort auf eine Frage aus dem Plenum <a href=\"https:\/\/clearingtheair.eu\/en\/post\/european-commissioner-wrongly-states-vaping-kills\/\">einem Parlamentsausschuss f\u00e4lschlicherweise gesagt hat, dass &#8222;Dampfen t\u00f6tet&#8220;<\/a>. Hoekstra erw\u00e4hnte in seinem Er\u00f6ffnungsvortrag keine Tabakinitiativen, was darauf hindeutet, dass die Tabaksteuer keine Priorit\u00e4t f\u00fcr die Kommission ist.   <\/p>\n\n<p>Minister Vincent Karremens &#8211; der der gleichen VVD-Partei angeh\u00f6rt wie Hoekstra &#8211; m\u00f6chte noch in diesem Jahr einen Gesetzesentwurf vorlegen, der &#8222;umfassende Beschr\u00e4nkungen f\u00fcr Aromen, maximale Nikotinmengen und einfache Verpackungen&#8220; vorsieht.<\/p>\n\n<p>Der Minister m\u00f6chte es auch einfacher machen, nikotinhaltige Produkte europaweit zu verbieten. Er pl\u00e4diert f\u00fcr &#8222;schnelle Reaktionsinstrumente [which] k\u00f6nnten uns in die Lage versetzen, proaktiver zu handeln&#8220;. Schlie\u00dflich pl\u00e4diert er daf\u00fcr, dass die Kommission &#8222;in Zusammenarbeit mit sozialen Medienplattformen Ma\u00dfnahmen ergreifen sollte, um proaktiv Inhalte von ihren Plattformen zu entfernen&#8220;, die nikotinhaltige Produkte bewerben. <\/p>\n\n<p><strong>Verz\u00f6gerung der Tabakrichtlinie?<\/strong><\/p>\n\n<p>Der Brief kommt, nachdem der <a href=\"https:\/\/commission.europa.eu\/strategy-and-policy\/strategy-documents\/commission-work-programme\/commission-work-programme-2025_en\" rel=\"nofollow noopener\" target=\"_blank\">Arbeitsplan der Kommission f\u00fcr 2025<\/a>, der letzte Woche ver\u00f6ffentlicht wurde, keinerlei Hinweis auf die Absicht enth\u00e4lt, in diesem Jahr eine Tabakgesetzgebung vorzuschlagen. Insider, mit denen wir gesprochen haben, glauben, dass die Pr\u00e4sidentin der Kommission, Ursula von der Leyen, in absehbarer Zeit keine \u00c4nderungen an der Tabakgesetzgebung vornehmen will. <\/p>\n\n<p><a href=\"https:\/\/www.europarl.europa.eu\/doceo\/document\/E-10-2024-002345_EN.html\" rel=\"nofollow noopener\" target=\"_blank\">Auf eine schriftliche Anfrage der belgischen Abgeordneten Saskia Bricmont<\/a> antwortete V\u00e1rhelyi unverbindlich, ob die Tabakgesetzgebung noch in diesem Jahr \u00fcberarbeitet wird. Er sagte lediglich, dass die Kommission die derzeitige Verordnung evaluiert und dass k\u00fcnftige Schritte &#8222;von ihren Ergebnissen abh\u00e4ngen werden&#8220;.<\/p>\n\n<p><br\/>Alle \u00c4nderungen, die an den EU-Vorschriften f\u00fcr sicherere Nikotinprodukte vorgeschlagen werden, m\u00fcssten vom Europ\u00e4ischen Parlament gebilligt werden, aber das ist alles andere als sicher. <a href=\"https:\/\/clearingtheair.eu\/en\/post\/parliament-wont-support-the-european-commissions-plan-to-ban-vaping-everywhere-what-happened\/\">Die Abgeordneten des Europ\u00e4ischen Parlaments haben im vergangenen Jahr eine unverbindliche Empfehlung zum Verbot des Dampfens an \u00f6ffentlichen Orten in Innenr\u00e4umen und im Freien abgelehnt<\/a>, und es gibt eine Reihe von Mitgliedern des Europ\u00e4ischen Parlaments, die sich f\u00fcr eine Schadensbegrenzung einsetzen und einen Streit mit den Rauchern vermeiden wollen.<\/p>\n<div class=\"clear-after-content-2\" style=\"margin-top: 20px;margin-bottom: 20px;margin-left: auto;margin-right: auto;text-align: center;\" id=\"clear-246818277\"><img src=\"https:\/\/clearingtheair.eu\/wp-content\/uploads\/2026\/04\/caafc5c68900198b80aee12c11b50184.avif\" alt=\"\"   style=\"display: inline-block;\" \/><\/div>","protected":false},"excerpt":{"rendered":"<p>Der niederl\u00e4ndische Gesundheitsminister hat in einem Brief an EU-Gesundheitskommissar Oliv\u00e9r V\u00e1rhelyi, der von Clearing the Air eingesehen und von EurActiv entdeckt wurde, gefordert, ein EU-weites Verbot von Vapes und Pouches noch in diesem Jahr zu erlassen. Der Brief kommt nur wenige Tage,&hellip;<\/p>\n","protected":false},"author":990003,"featured_media":23152,"comment_status":"open","ping_status":"open","sticky":false,"template":"","format":"standard","meta":{"footnotes":""},"categories":[268],"tags":[],"slider":[],"class_list":["post-23259","post","type-post","status-publish","format-standard","has-post-thumbnail","hentry","category-news"],"_links":{"self":[{"href":"https:\/\/clearingtheair.eu\/de\/wp-json\/wp\/v2\/posts\/23259","targetHints":{"allow":["GET"]}}],"collection":[{"href":"https:\/\/clearingtheair.eu\/de\/wp-json\/wp\/v2\/posts"}],"about":[{"href":"https:\/\/clearingtheair.eu\/de\/wp-json\/wp\/v2\/types\/post"}],"author":[{"embeddable":true,"href":"https:\/\/clearingtheair.eu\/de\/wp-json\/wp\/v2\/users\/990003"}],"replies":[{"embeddable":true,"href":"https:\/\/clearingtheair.eu\/de\/wp-json\/wp\/v2\/comments?post=23259"}],"version-history":[{"count":1,"href":"https:\/\/clearingtheair.eu\/de\/wp-json\/wp\/v2\/posts\/23259\/revisions"}],"predecessor-version":[{"id":23262,"href":"https:\/\/clearingtheair.eu\/de\/wp-json\/wp\/v2\/posts\/23259\/revisions\/23262"}],"wp:featuredmedia":[{"embeddable":true,"href":"https:\/\/clearingtheair.eu\/de\/wp-json\/wp\/v2\/media\/23152"}],"wp:attachment":[{"href":"https:\/\/clearingtheair.eu\/de\/wp-json\/wp\/v2\/media?parent=23259"}],"wp:term":[{"taxonomy":"category","embeddable":true,"href":"https:\/\/clearingtheair.eu\/de\/wp-json\/wp\/v2\/categories?post=23259"},{"taxonomy":"post_tag","embeddable":true,"href":"https:\/\/clearingtheair.eu\/de\/wp-json\/wp\/v2\/tags?post=23259"},{"taxonomy":"slider","embeddable":true,"href":"https:\/\/clearingtheair.eu\/de\/wp-json\/wp\/v2\/slider?post=23259"}],"curies":[{"name":"wp","href":"https:\/\/api.w.org\/{rel}","templated":true}]}}