{"id":24137,"date":"2025-04-29T10:21:41","date_gmt":"2025-04-29T10:21:41","guid":{"rendered":"https:\/\/clearingtheair.eu\/post\/die-gegenwehr-beginnt-schweden-versucht-das-spanische-beutelverbot-zu-blockieren\/"},"modified":"2025-04-29T10:21:55","modified_gmt":"2025-04-29T10:21:55","slug":"die-gegenwehr-beginnt-schweden-versucht-das-spanische-beutelverbot-zu-blockieren","status":"publish","type":"post","link":"https:\/\/clearingtheair.eu\/de\/post\/die-gegenwehr-beginnt-schweden-versucht-das-spanische-beutelverbot-zu-blockieren\/","title":{"rendered":"Die Gegenwehr beginnt: Schweden versucht, das spanische Beutelverbot zu blockieren"},"content":{"rendered":"<div class=\"clear-before-content-2\" style=\"margin-top: 20px;margin-bottom: 20px;margin-left: auto;margin-right: auto;text-align: center;\" id=\"clear-1151589492\"><img src=\"https:\/\/clearingtheair.eu\/wp-content\/uploads\/2026\/04\/caafc5c68900198b80aee12c11b50184.avif\" alt=\"\"   style=\"display: inline-block;\" \/><\/div>\n<p><strong>Die schwedische Regierung hat angek\u00fcndigt, dass sie gegen das von Spanien vorgeschlagene Verbot von Nikotinbeuteln auf EU-Ebene vorgehen wird.<\/strong><\/p>\n\n<p>Der schwedische Minister f\u00fcr Au\u00dfenhandel, Benjamin Dousa, k\u00fcndigte an, dass seine Regierung der Europ\u00e4ischen Kommission eine so genannte ausf\u00fchrliche Stellungnahme (DO) vorlegen werde. Dies zwingt Spanien, die Umsetzung seiner Vorschl\u00e4ge um drei Monate zu verschieben und auf die Vorlage der schwedischen Regierung zu reagieren. <\/p>\n\n<p>Der spanische Vorschlag begrenzt die Menge an Nikotin, die in einem Beutel enthalten sein darf, auf einen Wert, der weit unter dem der schw\u00e4chsten Sorten liegt, was <em>de facto<\/em> einem Verbot der gesamten Kategorie gleichkommt. Spanien will auch alle Geschmacksrichtungen au\u00dfer Tabak verbieten. <\/p>\n\n<blockquote class=\"wp-block-quote is-layout-flow wp-block-quote-is-layout-flow\">\n<p>&#8222;Wei\u00dfer Snus ist kein Gesundheitsprodukt, und deshalb haben wir ihn in Schweden reguliert&#8220;, sagte Dousa, &#8222;aber in einer Situation, in der Rauchen erlaubt ist, sollte auch wei\u00dfer Snus erlaubt sein&#8220;.<\/p>\n<\/blockquote>\n\n<p>Dousa nannte den spanischen Vorschlag &#8222;extrem weitreichend&#8220; und versprach, sich &#8222;f\u00fcr die schwedischen Snuskonsumenten einzusetzen&#8220;.  <\/p>\n\n<p>In der EU ist Snus &#8211; der Tabak enth\u00e4lt &#8211; seit langem verboten, aber Schweden ist nach den Bestimmungen des EU-Beitrittsvertrags von diesem Verbot ausgenommen. Dieser Schutz gilt jedoch nicht f\u00fcr Nikotinbeutel, da der Wortlaut des schwedischen Beitrittsvertrags klarstellt, dass nur tabakhaltige Produkte davon ausgenommen sind. Wenn die EU also Nikotinbeutel auf dem gesamten Kontinent verbieten wollte, h\u00e4tte Schweden im Prinzip keine andere Wahl, als dies umzusetzen.  <\/p>\n\n<p>Aber Dousa zeigte sich trotzig, als er auf die M\u00f6glichkeit eines europaweiten Verbots von Nikotinbeuteln angesprochen wurde. &#8222;Solange diese Regierung an der Macht ist, werden wir eine solche Regelung nicht akzeptieren&#8220;, <a href=\"https:\/\/www.expressen.se\/ekonomi\/sverige-tar-strid-for-vitt-snus\/\" rel=\"nofollow noopener\" target=\"_blank\">sagte er der schwedischen Zeitung Expressen<\/a>. <br\/><br\/>Frankreich hat ebenfalls ein Verbot von Nikotinbeuteln vorgeschlagen, und es ist wahrscheinlich, dass auch Schweden eine ausf\u00fchrliche Stellungnahme dazu abgeben wird. <a href=\"https:\/\/clearingtheair.eu\/en\/post\/five-years-pouch-users-in-france-could-face-jail-time-under-new-law\/\">Wie wir bei Clearing the Air berichtet haben<\/a>, ist der franz\u00f6sische Vorschlag weitaus extremer als der spanische Vorschlag. Beutelnutzern drohen f\u00fcnf Jahre Gef\u00e4ngnis und eine Geldstrafe von 375.000 \u20ac. <\/p>\n<div class=\"clear-after-content-2\" style=\"margin-top: 20px;margin-bottom: 20px;margin-left: auto;margin-right: auto;text-align: center;\" id=\"clear-2550300315\"><img src=\"https:\/\/clearingtheair.eu\/wp-content\/uploads\/2026\/04\/caafc5c68900198b80aee12c11b50184.avif\" alt=\"\"   style=\"display: inline-block;\" \/><\/div>","protected":false},"excerpt":{"rendered":"<p>Die schwedische Regierung hat angek\u00fcndigt, dass sie gegen das von Spanien vorgeschlagene Verbot von Nikotinbeuteln auf EU-Ebene vorgehen wird. Der schwedische Minister f\u00fcr Au\u00dfenhandel, Benjamin Dousa, k\u00fcndigte an, dass seine Regierung der Europ\u00e4ischen Kommission eine so genannte ausf\u00fchrliche Stellungnahme (DO) vorlegen werde.&hellip;<\/p>\n","protected":false},"author":1,"featured_media":24148,"comment_status":"open","ping_status":"open","sticky":false,"template":"","format":"standard","meta":{"footnotes":""},"categories":[265,268],"tags":[376],"slider":[],"class_list":["post-24137","post","type-post","status-publish","format-standard","has-post-thumbnail","hentry","category-legislation","category-news","tag-nikotin"],"_links":{"self":[{"href":"https:\/\/clearingtheair.eu\/de\/wp-json\/wp\/v2\/posts\/24137","targetHints":{"allow":["GET"]}}],"collection":[{"href":"https:\/\/clearingtheair.eu\/de\/wp-json\/wp\/v2\/posts"}],"about":[{"href":"https:\/\/clearingtheair.eu\/de\/wp-json\/wp\/v2\/types\/post"}],"author":[{"embeddable":true,"href":"https:\/\/clearingtheair.eu\/de\/wp-json\/wp\/v2\/users\/1"}],"replies":[{"embeddable":true,"href":"https:\/\/clearingtheair.eu\/de\/wp-json\/wp\/v2\/comments?post=24137"}],"version-history":[{"count":1,"href":"https:\/\/clearingtheair.eu\/de\/wp-json\/wp\/v2\/posts\/24137\/revisions"}],"predecessor-version":[{"id":24141,"href":"https:\/\/clearingtheair.eu\/de\/wp-json\/wp\/v2\/posts\/24137\/revisions\/24141"}],"wp:featuredmedia":[{"embeddable":true,"href":"https:\/\/clearingtheair.eu\/de\/wp-json\/wp\/v2\/media\/24148"}],"wp:attachment":[{"href":"https:\/\/clearingtheair.eu\/de\/wp-json\/wp\/v2\/media?parent=24137"}],"wp:term":[{"taxonomy":"category","embeddable":true,"href":"https:\/\/clearingtheair.eu\/de\/wp-json\/wp\/v2\/categories?post=24137"},{"taxonomy":"post_tag","embeddable":true,"href":"https:\/\/clearingtheair.eu\/de\/wp-json\/wp\/v2\/tags?post=24137"},{"taxonomy":"slider","embeddable":true,"href":"https:\/\/clearingtheair.eu\/de\/wp-json\/wp\/v2\/slider?post=24137"}],"curies":[{"name":"wp","href":"https:\/\/api.w.org\/{rel}","templated":true}]}}