{"id":24551,"date":"2025-05-21T10:11:43","date_gmt":"2025-05-21T10:11:43","guid":{"rendered":"https:\/\/clearingtheair.eu\/post\/panik-in-den-niederlanden-wegen-falsch-interpretierter-daten-von-nur-acht-teenagern-ausgeloest\/"},"modified":"2025-05-21T10:12:43","modified_gmt":"2025-05-21T10:12:43","slug":"panik-in-den-niederlanden-wegen-falsch-interpretierter-daten-von-nur-acht-teenagern-ausgeloest","status":"publish","type":"post","link":"https:\/\/clearingtheair.eu\/de\/post\/panik-in-den-niederlanden-wegen-falsch-interpretierter-daten-von-nur-acht-teenagern-ausgeloest\/","title":{"rendered":"Panik in den Niederlanden wegen falsch interpretierter Daten von nur ACHT Teenagern ausgel\u00f6st"},"content":{"rendered":"<div class=\"clear-before-content-2\" style=\"margin-top: 20px;margin-bottom: 20px;margin-left: auto;margin-right: auto;text-align: center;\" id=\"clear-1247989575\"><img src=\"https:\/\/clearingtheair.eu\/wp-content\/uploads\/2026\/04\/caafc5c68900198b80aee12c11b50184.avif\" alt=\"\"   style=\"display: inline-block;\" \/><\/div>\n<p><strong>Eine weit verbreitete Behauptung, dass \u201efast 40 Prozent der niederl\u00e4ndischen Jugendlichen im Alter von 12 bis 16 Jahren s\u00fcchtig nach Dampfen sind\u201c, basierte auf den Antworten von nur acht Teenagern, wie eine Untersuchung ergab.<\/strong><\/p>\n\n<p>Die sensationelle Zahl stammt aus einer Umfrage der Forschungsagentur Motivaction f\u00fcr die Gesundheitskampagne \u201eNo to Vaping\u201c, die letzte Woche vom niederl\u00e4ndischen Ministerium f\u00fcr Gesundheit, Wohlfahrt und Sport (VWS) gestartet wurde.<\/p>\n\n<p>An der Umfrage nahmen 760 Personen im Alter von 12 bis 16 Jahren teil, aber die Frage nach der Abh\u00e4ngigkeit wurde nur von 20 Jugendlichen beantwortet, die derzeit dampfen. Von diesen gaben acht an, dass sie sich s\u00fcchtig f\u00fchlen. <\/p>\n\n<p>Trotz der kleinen, nicht repr\u00e4sentativen Stichprobengr\u00f6\u00dfe hie\u00df es in einer Pressemitteilung der VWS, dass <strong>\u201e38 Prozent der 12- bis 16-j\u00e4hrigen Dampfer in dieser Studie\u201c<\/strong> angaben, s\u00fcchtig zu sein.  <\/p>\n\n<p>Aus der Pressemitteilung ging nicht hervor, dass sich dieser Prozentsatz auf nur acht Personen bezog. Diese Zahl wurde dann von den niederl\u00e4ndischen Medien berichtet und in einigen F\u00e4llen f\u00e4lschlicherweise so interpretiert oder \u00fcbertrieben, als ob sie sich auf die gesamte junge Bev\u00f6lkerung beziehen w\u00fcrde. <\/p>\n\n<h3 class=\"wp-block-heading\"><strong>Irref\u00fchrende Schlagzeilen<\/strong><\/h3>\n\n<p>Die Nachrichtenagentur ANP verbreitete zun\u00e4chst eine Meldung, in der es hie\u00df: \u201eFast 40 Prozent der 12- bis 16-J\u00e4hrigen sind s\u00fcchtig nach Dampfen\u201c. Dies f\u00fchrte zu schockierenden Schlagzeilen wie \u201eFast 40 Prozent der 12- bis 16-J\u00e4hrigen sind s\u00fcchtig nach Dampfen. Nikotin ist nach Heroin und Crack die am meisten s\u00fcchtig machende Droge\u201c in der regionalen Tageszeitung Dagblad van het Noorden.   <\/p>\n\n<p>Die Nachricht schaffte es auch ins Fernsehen, wo der Moderator Frank van Leeuwen in der Morgensendung Goedemorgen Nederland berichtete: &#8222;Auf der Titelseite des AD (Algemeen Dagblad) steht eine beunruhigende Geschichte: &#8222;Eltern m\u00fcssen ihre Kinder vom Dampfen abhalten. Und gerade jetzt gibt es neue Zahlen: 40 Prozent der 12- bis 16-J\u00e4hrigen sagen, sie seien s\u00fcchtig nach Dampfen.&#8216;  <\/p>\n\n<p>Am Montagabend wurde Leeuwens Aussage in einer Zusammenstellung von Vape News in der Talkshow Bar Laat wiederholt.<\/p>\n\n<h3 class=\"wp-block-heading\"><strong>Ausgestellte Korrekturen<\/strong><\/h3>\n\n<p>ANP korrigierte seine Geschichte innerhalb einer Stunde zweimal und stellte schlie\u00dflich klar, dass sich die Zahl nur auf 12- bis 16-J\u00e4hrige bezog, die kiffen, und nicht auf alle jungen Menschen, und f\u00fcgte die Stichprobengr\u00f6\u00dfe hinzu. Allerdings haben nicht alle Medien, die die urspr\u00fcngliche Version aufgegriffen hatten, ihre Berichte aktualisiert. <\/p>\n\n<p>Der Motivaction-Bericht selbst warnt davor, allgemeine Schlussfolgerungen aus den Antworten zum Thema Sucht zu ziehen. Er stellte fest, dass die Frage zur Sucht nur von einer kleinen, nicht repr\u00e4sentativen Teilmenge der Teilnehmer beantwortet wurde.   <\/p>\n\n<p>Der Bericht vermeidet ausdr\u00fccklich die Verwendung von Prozents\u00e4tzen f\u00fcr diese speziellen Daten und gibt stattdessen nur die absoluten Zahlen an.<\/p>\n\n<p>Die PR-Agentur Hagens, das niederl\u00e4ndische Gesundheitsministerium und Motivaction gaben sp\u00e4ter eine Erkl\u00e4rung ab, in der sie versicherten, dass die Zahl im Rahmen der Studie zwar sachlich korrekt sei, aber aufgrund der geringen Stichprobengr\u00f6\u00dfe mit Vorsicht zu interpretieren sei.  <\/p>\n\n<h3 class=\"wp-block-heading\"><strong>Fehlinterpretierte Daten<\/strong><\/h3>\n\n<p>Sie r\u00e4umten ein, dass einige Medien die Daten falsch interpretiert hatten und sagten, man bem\u00fche sich, Korrekturen zu verlangen.<\/p>\n\n<p>ANP-Chefredakteur Freek Staps r\u00e4umte ein, dass die anf\u00e4ngliche Falschmeldung darauf zur\u00fcckzuf\u00fchren war, dass er sich auf die VWS-Pressemitteilung verlassen hatte. Er erkl\u00e4rte, dass ANP eine leuchtend gelbe Warnung an den Artikel anh\u00e4ngen werde, um den Redakteuren zu helfen, die Ungenauigkeit zu erkennen und eine weitere Verbreitung zu verhindern. <\/p>\n\n<p>Die Fehlinformationen wurden durch eine Untersuchung der niederl\u00e4ndischen Website <a href=\"https:\/\/nieuwscheckers-nl.translate.goog\/alarmerende-vws-cijfers-over-vapeverslaving-berusten-op-antwoorden-van-acht-tieners\/?_x_tr_sl=auto&amp;_x_tr_tl=en&amp;_x_tr_hl=fi&amp;_x_tr_pto=wapp\" rel=\"nofollow noopener\" target=\"_blank\">Nieuwscheckers<\/a> aufgedeckt, die Fakten pr\u00fcft.<\/p>\n\n<p>Der Journalist Peter Burger sagte: &#8222;Es gibt keine Zahlen, die zeigen, dass fast 40 Prozent der 12- bis 16-J\u00e4hrigen s\u00fcchtig nach Dampfen sind oder dass fast 40 Prozent der dampfenden Jugendlichen in dieser Altersgruppe denken, dass sie s\u00fcchtig sind.  <\/p>\n\n<blockquote class=\"wp-block-quote is-layout-flow wp-block-quote-is-layout-flow\">\n<p>&#8222;Die alarmierenden Schlagzeilen mit diesen Zahlen beruhen auf nicht repr\u00e4sentativen Forschungsergebnissen: auf den Antworten von <em>acht von zwanzig befragten Jugendlichen<\/em>, die in einer Motivaction-Umfrage die Frage bejahten, ob sie glauben, s\u00fcchtig zu sein.  <\/p>\n<\/blockquote>\n\n<p>\u201eDie Tatsache, dass die unbegr\u00fcndete und \u00fcbertriebene Zahl \u201afast vierzig Prozent der 12- bis 16-J\u00e4hrigen sind s\u00fcchtig nach Dampfen\u2018 es trotzdem in die Nachrichten geschafft hat, ist auf einen Fehler in der VWS-Pressemitteilung, einen Fehler eines ANP-Redakteurs und vor allem darauf zur\u00fcckzuf\u00fchren, dass die Journalisten die Studie nicht gelesen haben.\u201c<\/p>\n<div class=\"clear-after-content-2\" style=\"margin-top: 20px;margin-bottom: 20px;margin-left: auto;margin-right: auto;text-align: center;\" id=\"clear-3532547587\"><img src=\"https:\/\/clearingtheair.eu\/wp-content\/uploads\/2026\/04\/caafc5c68900198b80aee12c11b50184.avif\" alt=\"\"   style=\"display: inline-block;\" \/><\/div>","protected":false},"excerpt":{"rendered":"<p>Eine weit verbreitete Behauptung, dass \u201efast 40 Prozent der niederl\u00e4ndischen Jugendlichen im Alter von 12 bis 16 Jahren s\u00fcchtig nach Dampfen sind\u201c, basierte auf den Antworten von nur acht Teenagern, wie eine Untersuchung ergab. Die sensationelle Zahl stammt aus einer Umfrage der&hellip;<\/p>\n","protected":false},"author":990005,"featured_media":24540,"comment_status":"open","ping_status":"open","sticky":false,"template":"","format":"standard","meta":{"footnotes":""},"categories":[268],"tags":[25,376],"slider":[],"class_list":["post-24551","post","type-post","status-publish","format-standard","has-post-thumbnail","hentry","category-news","tag-news","tag-nikotin"],"_links":{"self":[{"href":"https:\/\/clearingtheair.eu\/de\/wp-json\/wp\/v2\/posts\/24551","targetHints":{"allow":["GET"]}}],"collection":[{"href":"https:\/\/clearingtheair.eu\/de\/wp-json\/wp\/v2\/posts"}],"about":[{"href":"https:\/\/clearingtheair.eu\/de\/wp-json\/wp\/v2\/types\/post"}],"author":[{"embeddable":true,"href":"https:\/\/clearingtheair.eu\/de\/wp-json\/wp\/v2\/users\/990005"}],"replies":[{"embeddable":true,"href":"https:\/\/clearingtheair.eu\/de\/wp-json\/wp\/v2\/comments?post=24551"}],"version-history":[{"count":1,"href":"https:\/\/clearingtheair.eu\/de\/wp-json\/wp\/v2\/posts\/24551\/revisions"}],"predecessor-version":[{"id":24552,"href":"https:\/\/clearingtheair.eu\/de\/wp-json\/wp\/v2\/posts\/24551\/revisions\/24552"}],"wp:featuredmedia":[{"embeddable":true,"href":"https:\/\/clearingtheair.eu\/de\/wp-json\/wp\/v2\/media\/24540"}],"wp:attachment":[{"href":"https:\/\/clearingtheair.eu\/de\/wp-json\/wp\/v2\/media?parent=24551"}],"wp:term":[{"taxonomy":"category","embeddable":true,"href":"https:\/\/clearingtheair.eu\/de\/wp-json\/wp\/v2\/categories?post=24551"},{"taxonomy":"post_tag","embeddable":true,"href":"https:\/\/clearingtheair.eu\/de\/wp-json\/wp\/v2\/tags?post=24551"},{"taxonomy":"slider","embeddable":true,"href":"https:\/\/clearingtheair.eu\/de\/wp-json\/wp\/v2\/slider?post=24551"}],"curies":[{"name":"wp","href":"https:\/\/api.w.org\/{rel}","templated":true}]}}