{"id":24605,"date":"2025-05-27T16:15:42","date_gmt":"2025-05-27T16:15:42","guid":{"rendered":"https:\/\/clearingtheair.eu\/post\/neu-eu-finanzminister-draengen-auf-neue-vape-und-pouch-steuern\/"},"modified":"2025-05-27T16:16:00","modified_gmt":"2025-05-27T16:16:00","slug":"neu-eu-finanzminister-draengen-auf-neue-vape-und-pouch-steuern","status":"publish","type":"post","link":"https:\/\/clearingtheair.eu\/de\/post\/neu-eu-finanzminister-draengen-auf-neue-vape-und-pouch-steuern\/","title":{"rendered":"NEU: EU-Finanzminister dr\u00e4ngen auf neue Vape- und Pouch-Steuern"},"content":{"rendered":"<div class=\"clear-before-content-2\" style=\"margin-top: 20px;margin-bottom: 20px;margin-left: auto;margin-right: auto;text-align: center;\" id=\"clear-3969031202\"><img src=\"https:\/\/clearingtheair.eu\/wp-content\/uploads\/2026\/04\/caafc5c68900198b80aee12c11b50184.avif\" alt=\"\"   style=\"display: inline-block;\" \/><\/div>\n<p><strong>Die Finanzminister der 15 EU-Mitgliedstaaten haben Kommissionspr\u00e4sidentin Ursula von der Leyen aufgefordert, den EU-Rahmen f\u00fcr die Besteuerung von Tabak und Nikotin \u201eunverz\u00fcglich\u201c zu aktualisieren. Sie warfen der EU-Exekutive vor, die Erwartungen der EU-Mitgliedstaaten und der B\u00fcrger in dieser Hinsicht nicht erf\u00fcllt zu haben.<\/strong><\/p>\n\n<p>Den Ministern zufolge \u201ereichen der derzeitige Anwendungsbereich und die Bestimmungen der Richtlinie nicht aus, um die Mitgliedstaaten in die Lage zu versetzen, die erheblichen Herausforderungen zu bew\u00e4ltigen, die sich aus den laufenden Entwicklungen und Trends auf dem europ\u00e4ischen Tabakmarkt ergeben, einschlie\u00dflich des Aufkommens neuartiger Produkte\u201c.<\/p>\n\n<p>Die Kommission hatte geplant, im Jahr 2022 neue Tabak- und Nikotinsteuern vorzuschlagen, aber die Gesetzgebung wurde aufgrund von Bedenken wegen der hohen Inflation nie angenommen. Jetzt, wo die Inflation wieder das Niveau von vor der COVID erreicht hat, hoffen einige Mitgliedstaaten, die Idee wieder aufleben zu lassen. <\/p>\n\n<p>Ein von der <a href=\"https:\/\/www.ft.com\/content\/6f1c4211-5e54-4aa8-a391-0ec9bc5244de\" rel=\"nofollow noopener\" target=\"_blank\">Financial Times gesichtetes<\/a> Leck des Vorschlags f\u00fcr 2022 w\u00fcrde <a href=\"https:\/\/www.eureporter.co\/politics\/european-commission\/2025\/03\/27\/eu-tax-shock-white-snus-leaked-document\/\" rel=\"nofollow noopener\" target=\"_blank\">den Preis von Nikotinbeuteln um etwa 50 % erh\u00f6hen<\/a> und den Preis von Vapes in einigen F\u00e4llen mehr als verdoppeln.<\/p>\n\n<p>EU-Steuerkommissar Wopke Hoekstra<a href=\"https:\/\/clearingtheair.eu\/en\/post\/exclusive-eu-vape-and-pouch-tax-by-summer-commissioner-tells-parliament\/\"> sagte den Abgeordneten des Europ\u00e4ischen Parlaments, er hoffe, dass die Kommission bis zum Sommer einen neuen Steuervorschlag verabschieden werde<\/a>, wie zuerst bei Clearing the Air bekannt wurde. Die Verabschiedung eines solchen Vorschlags w\u00fcrde jedoch Einstimmigkeit unter den Mitgliedstaaten erfordern, was sich als schwierig erweist, da Rum\u00e4nien, Griechenland und Italien bekanntlich gegen jede \u00c4nderung der derzeitigen Regeln sind. <\/p>\n\n<p>In dem Schreiben fordern die Finanzminister die Kommission auf, die Vorschl\u00e4ge f\u00fcr neue EU-Tabak- und Nikotinsteuern zu beschleunigen, obwohl sich die Verabschiedung eines Vorschlags \u00fcber Tabak- und Nikotinerzeugnisse im Allgemeinen verz\u00f6gert, der sich mit Verpackungen und Aromen befasst und unter ein anderes Gesetzgebungsverfahren f\u00e4llt.<\/p>\n\n<p>In einem Schritt, der zeigt, wie politisch schwierig der Vorschlag f\u00fcr eine neue Richtlinie \u00fcber Tabakerzeugnisse geworden ist, haben die Minister der Kommission mitgeteilt, dass  <\/p>\n\n<blockquote class=\"wp-block-quote is-layout-flow wp-block-quote-is-layout-flow\">\n<p>\u201eDer Mangel an Initiative in diesem Bereich kann nicht durch Verz\u00f6gerungen bei der \u00dcberarbeitung der Richtlinie \u00fcber Tabakerzeugnisse (Richtlinie 2014\/40\/EU) gerechtfertigt werden. Obwohl beide Rechtsakte einige gemeinsame Ziele verfolgen, gibt es keinen eindeutigen Pr\u00e4zedenzfall oder die Notwendigkeit, diese Richtlinien gemeinsam zu verhandeln, und daher m\u00fcssen sie als eigenst\u00e4ndige Bestimmungen betrachtet werden\u201c.<\/p>\n<\/blockquote>\n\n<p>Der Brief kommt zu einem Zeitpunkt, an dem sich der f\u00fcr Gesundheit zust\u00e4ndige Kommissar Oliver Varhelyi &#8211; der vor einem Ausschuss des Europ\u00e4ischen Parlaments falsche Aussagen \u00fcber das Dampfen gemacht hat &#8211; <a href=\"https:\/\/commission.europa.eu\/about\/organisation\/college-commissioners\/oliver-varhelyi_en\" rel=\"nofollow noopener\" target=\"_blank\">heute mit der Anti-Tabak-Lobbyorganisation Smoke Free Partnership trifft<\/a>. SFP ist <a href=\"https:\/\/clearingtheair.eu\/en\/post\/no-more-lobbying-budgets-tobacco-control-ngos-told\/\">vermutlich eine von vielen Nichtregierungsorganisationen im Gesundheitsbereich, deren Betriebskostenzusch\u00fcsse von der EU-Kommission nicht mehr f\u00fcr Lobbying-Aktivit\u00e4ten verwendet werden k\u00f6nnen<\/a>, so dass sich die Frage stellt, ob das Treffen mit den neuen Regeln vereinbar ist. <\/p>\n\n<p>Unabh\u00e4ngig davon haben sich die belgischen und niederl\u00e4ndischen Gesundheitsminister heute getroffen, um zu er\u00f6rtern, ob die Verrechnungspreisdokumentation beschleunigt werden kann, obwohl die Chancen daf\u00fcr eher gering sind, da die Finanzminister die Verz\u00f6gerung offenbar akzeptiert haben.<\/p>\n<div class=\"clear-after-content-2\" style=\"margin-top: 20px;margin-bottom: 20px;margin-left: auto;margin-right: auto;text-align: center;\" id=\"clear-2981161473\"><img src=\"https:\/\/clearingtheair.eu\/wp-content\/uploads\/2026\/04\/caafc5c68900198b80aee12c11b50184.avif\" alt=\"\"   style=\"display: inline-block;\" \/><\/div>","protected":false},"excerpt":{"rendered":"<p>Die Finanzminister der 15 EU-Mitgliedstaaten haben Kommissionspr\u00e4sidentin Ursula von der Leyen aufgefordert, den EU-Rahmen f\u00fcr die Besteuerung von Tabak und Nikotin \u201eunverz\u00fcglich\u201c zu aktualisieren. Sie warfen der EU-Exekutive vor, die Erwartungen der EU-Mitgliedstaaten und der B\u00fcrger in dieser Hinsicht nicht erf\u00fcllt zu&hellip;<\/p>\n","protected":false},"author":990003,"featured_media":24594,"comment_status":"open","ping_status":"open","sticky":false,"template":"","format":"standard","meta":{"footnotes":""},"categories":[268],"tags":[376],"slider":[],"class_list":["post-24605","post","type-post","status-publish","format-standard","has-post-thumbnail","hentry","category-news","tag-nikotin"],"_links":{"self":[{"href":"https:\/\/clearingtheair.eu\/de\/wp-json\/wp\/v2\/posts\/24605","targetHints":{"allow":["GET"]}}],"collection":[{"href":"https:\/\/clearingtheair.eu\/de\/wp-json\/wp\/v2\/posts"}],"about":[{"href":"https:\/\/clearingtheair.eu\/de\/wp-json\/wp\/v2\/types\/post"}],"author":[{"embeddable":true,"href":"https:\/\/clearingtheair.eu\/de\/wp-json\/wp\/v2\/users\/990003"}],"replies":[{"embeddable":true,"href":"https:\/\/clearingtheair.eu\/de\/wp-json\/wp\/v2\/comments?post=24605"}],"version-history":[{"count":1,"href":"https:\/\/clearingtheair.eu\/de\/wp-json\/wp\/v2\/posts\/24605\/revisions"}],"predecessor-version":[{"id":24607,"href":"https:\/\/clearingtheair.eu\/de\/wp-json\/wp\/v2\/posts\/24605\/revisions\/24607"}],"wp:featuredmedia":[{"embeddable":true,"href":"https:\/\/clearingtheair.eu\/de\/wp-json\/wp\/v2\/media\/24594"}],"wp:attachment":[{"href":"https:\/\/clearingtheair.eu\/de\/wp-json\/wp\/v2\/media?parent=24605"}],"wp:term":[{"taxonomy":"category","embeddable":true,"href":"https:\/\/clearingtheair.eu\/de\/wp-json\/wp\/v2\/categories?post=24605"},{"taxonomy":"post_tag","embeddable":true,"href":"https:\/\/clearingtheair.eu\/de\/wp-json\/wp\/v2\/tags?post=24605"},{"taxonomy":"slider","embeddable":true,"href":"https:\/\/clearingtheair.eu\/de\/wp-json\/wp\/v2\/slider?post=24605"}],"curies":[{"name":"wp","href":"https:\/\/api.w.org\/{rel}","templated":true}]}}