{"id":24700,"date":"2025-06-04T10:18:12","date_gmt":"2025-06-04T10:18:12","guid":{"rendered":"https:\/\/clearingtheair.eu\/post\/schweden-wendet-sich-gegen-das-von-frankreich-vorgeschlagene-verbot-von-nikotinbeuteln\/"},"modified":"2025-06-04T10:18:28","modified_gmt":"2025-06-04T10:18:28","slug":"schweden-wendet-sich-gegen-das-von-frankreich-vorgeschlagene-verbot-von-nikotinbeuteln","status":"publish","type":"post","link":"https:\/\/clearingtheair.eu\/de\/post\/schweden-wendet-sich-gegen-das-von-frankreich-vorgeschlagene-verbot-von-nikotinbeuteln\/","title":{"rendered":"Schweden wendet sich gegen das von Frankreich vorgeschlagene Verbot von Nikotinbeuteln"},"content":{"rendered":"<div class=\"clear-before-content-2\" style=\"margin-top: 20px;margin-bottom: 20px;margin-left: auto;margin-right: auto;text-align: center;\" id=\"clear-538359392\"><img src=\"https:\/\/clearingtheair.eu\/wp-content\/uploads\/2026\/04\/caafc5c68900198b80aee12c11b50184.avif\" alt=\"\"   style=\"display: inline-block;\" \/><\/div>\n<p><strong>Die schwedische Regierung hat sich formell gegen das von Frankreich vorgeschlagene Verbot von Nikotinbeuteln ausgesprochen.  <\/strong><\/p>\n\n<p>Nach einer <a href=\"https:\/\/clearingtheair.eu\/en\/post\/the-fightback-begins-sweden-seeks-to-block-spanish-pouch-ban\/\">\u00e4hnlichen Anfechtung<\/a> der spanischen Gesetzgebung zur Beschr\u00e4nkung von Nikotinbeuteln zu Beginn dieses Jahres hat Schweden bei der Europ\u00e4ischen Union (EU) eine \u201eausf\u00fchrliche Stellungnahme\u201c eingereicht, die den franz\u00f6sischen Verordnungsentwurf anfechtet.  <\/p>\n\n<p>Das <a href=\"https:\/\/clearingtheair.eu\/en\/post\/five-years-pouch-users-in-france-could-face-jail-time-under-new-law\/\">vorgeschlagene franz\u00f6sische Verbot<\/a> w\u00fcrde Nikotinbeutel und andere orale Nikotinprodukte verbieten, mit Ausnahmen nur f\u00fcr medizinisches Nikotin und Kautabak.<\/p>\n\n<p>Nach dem neuen Gesetz, das sp\u00e4ter in diesem Jahr in Kraft treten soll, k\u00f6nnte jeder, der mit den Produkten erwischt wird, mit einer Gef\u00e4ngnisstrafe von f\u00fcnf Jahren rechnen. Aufgrund ihres hohen Nikotingehalts w\u00fcrden sie nach dem franz\u00f6sischen Gesetzbuch f\u00fcr \u00f6ffentliche Gesundheit als \u201egiftige Substanzen\u201c betrachtet werden.   <\/p>\n\n<p>Die franz\u00f6sischen Gerichte k\u00f6nnen au\u00dferdem Geldstrafen von bis zu 375.000 \u20ac gegen jeden verh\u00e4ngen, der mit Nikotinbeuteln erwischt wird, selbst wenn es sich um den Eigenbedarf handelt. Die H\u00f6chststrafe f\u00fcr den Konsum von Bet\u00e4ubungsmitteln wie Kokain und Heroin betr\u00e4gt dagegen nur 3.750 \u20ac.   <\/p>\n\n<h3 class=\"wp-block-heading\"><strong>Die Erfolgsgeschichte Schwedens<\/strong><\/h3>\n\n<p>Nikotinbeutel sind ein Eckpfeiler der schwedischen Erfolgsgeschichte im Bereich der \u00f6ffentlichen Gesundheit. Dank der weit verbreiteten Verwendung von Nikotinbeuteln und anderen rauchfreien Alternativen wie Vapes hat Schweden heute die <a href=\"https:\/\/clearingtheair.eu\/en\/post\/sweden-set-to-be-declared-worlds-first-smoke-free-country\/\">niedrigste Raucherquote<\/a> der Welt.   <\/p>\n\n<p>Nach Angaben der globalen Gesundheitskampagne Smoke Free Sweden liegt die Sterblichkeitsrate bei schwedischen M\u00e4nnern in Bezug auf Lungenkrebs um 61 Prozent unter dem europ\u00e4ischen Durchschnitt, und die allgemeine Krebssterblichkeit liegt 34 Prozent unter der EU-Norm.<\/p>\n\n<p>&#8222;Schweden muss daf\u00fcr gelobt werden, dass es sich f\u00fcr sein Modell der Schadensbegrenzung einsetzt und die Rechte erwachsener Konsumenten in ganz Europa verteidigt&#8220;, sagte Dr. Delon Human, globaler Gesundheitsexperte und Vorsitzender von Smoke Free Sweden. &#8222;Ihr kontinuierliches Engagement zeigt, dass sie sich f\u00fcr die \u00f6ffentliche Gesundheit durch Innovation und nicht durch Verbote einsetzen. <\/p>\n\n<p>Der schwedische Handelsminister Benjamin Dousa, der die j\u00fcngste Herausforderung anf\u00fchrt, betonte, wie wichtig es sei, die Wahlm\u00f6glichkeiten der Verbraucher zu sch\u00fctzen und den heimischen Unternehmenssektor zu unterst\u00fctzen.  <\/p>\n\n<p>\u201eWir senden ein klares Signal an andere EU-L\u00e4nder, dass wir uns f\u00fcr unseren eigenen Wirtschaftssektor und f\u00fcr unsere Nutzer einsetzen werden\u201c, sagte Dousa.<\/p>\n\n<h3 class=\"wp-block-heading\"><strong>Freiheit der Wahl  <\/strong><\/h3>\n\n<p>\u201eAlle EU-L\u00e4nder haben das Recht, Nikotinbeutel zu regulieren. Schweden hat dies verantwortungsvoll getan und Altersgrenzen, Marketingregeln und Warnhinweise festgelegt. Letztlich geht es um die Freiheit der Wahl.\u201c<\/p>\n\n<p>Der schwedische Ansatz steht in scharfem Kontrast zu dem von Frankreich vorgeschlagenen Verbot, das Experten f\u00fcr Schadensbegrenzung als zu restriktiv und kontraproduktiv f\u00fcr die Ziele zur Reduzierung des Rauchens ansehen.  <\/p>\n\n<p>W\u00e4hrend Frankreich alle nicht-medikament\u00f6sen oralen Nikotinprodukte abschaffen will, setzt sich Schweden f\u00fcr eine ausgewogene Regulierung ein, die den Zugang f\u00fcr Jugendliche minimiert und gleichzeitig erwachsene Raucher dabei unterst\u00fctzt, auf weniger sch\u00e4dliche Alternativen umzusteigen.<\/p>\n\n<p>Dr. Human f\u00fcgte hinzu: &#8222;Rauchfreie Nikotin-Alternativen sind der Schl\u00fcssel zu einem ges\u00fcnderen, rauchfreien Europa. Schwedens Haltung verteidigt die nationalen Interessen und die grundlegenden Prinzipien der Schadensbegrenzung und der Verbraucherfreiheit.   <\/p>\n\n<blockquote class=\"wp-block-quote is-layout-flow wp-block-quote-is-layout-flow\">\n<p>\u201eWir fordern die politischen Entscheidungstr\u00e4ger in ganz Europa auf, die Daten aus Schweden zu ber\u00fccksichtigen, wo sicherere Alternativen die Raucherquote gesenkt haben. Dies ist das Modell f\u00fcr die Zukunft &#8211; eine vern\u00fcnftige Regulierung, die Jugendliche sch\u00fctzt und Erwachsene bei der Raucherentw\u00f6hnung unterst\u00fctzt.\u201c<\/p>\n<\/blockquote>\n\n<h3 class=\"wp-block-heading\"><strong>Raucherquoten: Schweden gegen Frankreich<\/strong><\/h3>\n\n<p>Ein k\u00fcrzlich ver\u00f6ffentlichter <a href=\"https:\/\/smokefreesweden.org\/wp-content\/themes\/smokefreesweden\/assets\/pdf\/tale\/SFS%202N%20report%20FRANCE%20V%20SWEDEN%20final.pdf\" rel=\"nofollow noopener\" target=\"_blank\">Bericht<\/a> von Smoke Free Sweden <a href=\"https:\/\/clearingtheair.eu\/en\/post\/frances-vape-and-nicotine-pouch-bans-could-trap-millions-in-smoking-report-warns\/\">vergleicht die prohibitive Tabakkontrollpolitik<\/a> Frankreichs mit dem st\u00e4rker regulierenden Ansatz Schwedens. Darin wird hervorgehoben, dass die Akzeptanz von Nikotinalternativen wie Vapes und Snus in Schweden zu einer Raucherquote von unter f\u00fcnf Prozent gef\u00fchrt hat, w\u00e4hrend in Frankreich immer noch 25 Prozent der Erwachsenen rauchen. <\/p>\n<div class=\"clear-after-content-2\" style=\"margin-top: 20px;margin-bottom: 20px;margin-left: auto;margin-right: auto;text-align: center;\" id=\"clear-972079278\"><img src=\"https:\/\/clearingtheair.eu\/wp-content\/uploads\/2026\/04\/caafc5c68900198b80aee12c11b50184.avif\" alt=\"\"   style=\"display: inline-block;\" \/><\/div>","protected":false},"excerpt":{"rendered":"<p>Die schwedische Regierung hat sich formell gegen das von Frankreich vorgeschlagene Verbot von Nikotinbeuteln ausgesprochen. Nach einer \u00e4hnlichen Anfechtung der spanischen Gesetzgebung zur Beschr\u00e4nkung von Nikotinbeuteln zu Beginn dieses Jahres hat Schweden bei der Europ\u00e4ischen Union (EU) eine \u201eausf\u00fchrliche Stellungnahme\u201c eingereicht, die&hellip;<\/p>\n","protected":false},"author":990005,"featured_media":24689,"comment_status":"open","ping_status":"open","sticky":false,"template":"","format":"standard","meta":{"footnotes":""},"categories":[265,268],"tags":[377,376,333],"slider":[],"class_list":["post-24700","post","type-post","status-publish","format-standard","has-post-thumbnail","hentry","category-legislation","category-news","tag-global-de","tag-nikotin","tag-sweden"],"_links":{"self":[{"href":"https:\/\/clearingtheair.eu\/de\/wp-json\/wp\/v2\/posts\/24700","targetHints":{"allow":["GET"]}}],"collection":[{"href":"https:\/\/clearingtheair.eu\/de\/wp-json\/wp\/v2\/posts"}],"about":[{"href":"https:\/\/clearingtheair.eu\/de\/wp-json\/wp\/v2\/types\/post"}],"author":[{"embeddable":true,"href":"https:\/\/clearingtheair.eu\/de\/wp-json\/wp\/v2\/users\/990005"}],"replies":[{"embeddable":true,"href":"https:\/\/clearingtheair.eu\/de\/wp-json\/wp\/v2\/comments?post=24700"}],"version-history":[{"count":1,"href":"https:\/\/clearingtheair.eu\/de\/wp-json\/wp\/v2\/posts\/24700\/revisions"}],"predecessor-version":[{"id":24701,"href":"https:\/\/clearingtheair.eu\/de\/wp-json\/wp\/v2\/posts\/24700\/revisions\/24701"}],"wp:featuredmedia":[{"embeddable":true,"href":"https:\/\/clearingtheair.eu\/de\/wp-json\/wp\/v2\/media\/24689"}],"wp:attachment":[{"href":"https:\/\/clearingtheair.eu\/de\/wp-json\/wp\/v2\/media?parent=24700"}],"wp:term":[{"taxonomy":"category","embeddable":true,"href":"https:\/\/clearingtheair.eu\/de\/wp-json\/wp\/v2\/categories?post=24700"},{"taxonomy":"post_tag","embeddable":true,"href":"https:\/\/clearingtheair.eu\/de\/wp-json\/wp\/v2\/tags?post=24700"},{"taxonomy":"slider","embeddable":true,"href":"https:\/\/clearingtheair.eu\/de\/wp-json\/wp\/v2\/slider?post=24700"}],"curies":[{"name":"wp","href":"https:\/\/api.w.org\/{rel}","templated":true}]}}