{"id":27288,"date":"2025-10-15T11:26:13","date_gmt":"2025-10-15T11:26:13","guid":{"rendered":"https:\/\/clearingtheair.eu\/post\/schweden-warnt-frankreich-und-spanien-wegen-absurder-beutelverbote\/"},"modified":"2025-10-15T11:27:08","modified_gmt":"2025-10-15T11:27:08","slug":"schweden-warnt-frankreich-und-spanien-wegen-absurder-beutelverbote","status":"publish","type":"post","link":"https:\/\/clearingtheair.eu\/de\/post\/schweden-warnt-frankreich-und-spanien-wegen-absurder-beutelverbote\/","title":{"rendered":"Schweden warnt Frankreich und Spanien wegen &#8222;absurder&#8220; Beutelverbote"},"content":{"rendered":"\n<p><strong>Schweden hat seinen Widerstand gegen die geplanten Verbote von Nikotinbeuteln in Frankreich und Spanien verst\u00e4rkt, indem es formelle Briefe an beide Regierungen geschickt hat und die Ma\u00dfnahmen als &#8222;absurd&#8220; bezeichnet.<\/strong><\/p>\n\n<p>Das Schreiben, das vom schwedischen Handelsminister Benjamin Dousa unterzeichnet wurde und auf den 24. September datiert ist, fordert Paris und Madrid auf, die Beschr\u00e4nkungen zu \u00fcberdenken und warnt davor, dass sie gegen die EU-Handelsregeln versto\u00dfen und schwedische Touristen benachteiligen k\u00f6nnten.<\/p>\n\n<blockquote class=\"wp-block-quote is-layout-flow wp-block-quote-is-layout-flow\">\n<p>&#8222;Wir sind sehr besorgt&#8220;, sagte Dousa gegen\u00fcber <em>Expressen<\/em>. &#8222;Das ist genauso absurd, wie wenn wir franz\u00f6sische Baguettes verbieten w\u00fcrden &#8211; ihr Handelsminister w\u00fcrde den ersten Flug nach Stockholm nehmen.&#8220; <\/p>\n<\/blockquote>\n\n<p>Die Briefe sind der j\u00fcngste Versuch Schwedens, sein Modell der Schadensbegrenzung zu verteidigen, bei dem Nikotinbeutel und andere rauchfreie Produkte daf\u00fcr verantwortlich gemacht werden, dass die Raucherquote auf den niedrigsten Stand in Europa gesunken ist.<\/p>\n\n<h3 class=\"wp-block-heading\"><strong>Bedenken \u00fcber strafrechtliche Sanktionen<\/strong><\/h3>\n\n<p>Das von Frankreich vorgeschlagene Gesetz, das am 1. April 2026 in Kraft treten soll, w\u00fcrde den Verkauf und den Besitz von Nikotinbeuteln verbieten, da sie nach franz\u00f6sischem Gesundheitsrecht als &#8222;giftige Substanzen&#8220; eingestuft werden. Wer mit den Produkten erwischt wird, dem drohen Geldstrafen von bis zu 375.000 \u20ac und <a href=\"https:\/\/clearingtheair.eu\/en\/post\/five-years-pouch-users-in-france-could-face-jail-time-under-new-law\/\">Gef\u00e4ngnisstrafen von bis zu f\u00fcnf Jahren<\/a>. <\/p>\n\n<p><a href=\"https:\/\/clearingtheair.eu\/en\/post\/eu-neighbours-slam-spains-pouch-ban-plan\/\">Der spanische Gesetzesentwurf<\/a> sieht einen Nikotin-Grenzwert von 0,99 mg pro Beutel vor, ein Grenzwert, der die meisten Produkte effektiv vom Markt nehmen w\u00fcrde.<\/p>\n\n<p>In seinen Briefen erkl\u00e4rte Schweden, dass die franz\u00f6sischen und spanischen Vorschl\u00e4ge &#8222;alle Exporte des Produkts behindern k\u00f6nnen&#8220; und &#8222;jegliche Produktion, Herstellung, Einfuhr, Ausfuhr und sogar den Besitz verbieten.&#8220; Die Regierung forderte Frankreich auf, zu kl\u00e4ren, wie Nikotinbeutel aus anderen EU-L\u00e4ndern &#8222;ohne Einschr\u00e4nkung durch franz\u00f6sisches Hoheitsgebiet transportiert werden k\u00f6nnen.&#8220; <\/p>\n\n<p>Schweden erkl\u00e4rte zwar, dass es die Bedenken der L\u00e4nder in Bezug auf die \u00f6ffentliche Gesundheit anerkennt, warnte jedoch in den Briefen, dass die Ma\u00dfnahmen &#8222;weiter gehen als n\u00f6tig&#8220; und dr\u00e4ngte auf &#8222;weniger restriktive&#8220; L\u00f6sungen im Einklang mit den Grunds\u00e4tzen des EU-Binnenmarktes.<\/p>\n\n<h3 class=\"wp-block-heading\"><strong>Fr\u00fchere Einw\u00e4nde und die Erfolgsgeschichte Schwedens<\/strong><\/h3>\n\n<p>Dieser Schritt folgt auf Schwedens <a href=\"https:\/\/clearingtheair.eu\/en\/post\/sweden-challenges-french-proposed-nicotine-pouch-ban\/\">&#8222;ausf\u00fchrliche Stellungnahme&#8220;<\/a>, die der Europ\u00e4ischen Kommission im Juni vorgelegt wurde und die sich gegen den Entwurf des franz\u00f6sischen Dekrets richtet, nachdem Schweden bereits zu Beginn des Jahres die spanische Gesetzgebung angefochten hatte.<\/p>\n\n<p>Die von Frankreich vorgeschlagenen Strafen geh\u00f6ren zu den h\u00e4rtesten in Europa und \u00fcbertreffen die Strafen f\u00fcr den Besitz von illegalen Drogen wie Heroin oder Kokain.<\/p>\n\n<p>Schweden argumentiert, dass <a href=\"https:\/\/clearingtheair.eu\/en\/post\/smokeless-nicotine-is-at-the-heart-of-swedens-smoking-decline-says-leading-expert\/\">Nikotinbeutel eine Schl\u00fcsselrolle bei seinem nahezu rauchfreien Status gespielt haben<\/a>. Die Raucherquote des Landes ist auf unter f\u00fcnf Prozent gefallen, verglichen mit etwa 25 Prozent in Frankreich. <\/p>\n\n<p>Laut Smoke Free Sweden haben schwedische M\u00e4nner eine um 61 Prozent niedrigere Sterblichkeitsrate bei Lungenkrebs als der europ\u00e4ische Durchschnitt, und die allgemeine Krebssterblichkeit ist um 34 Prozent niedriger.<\/p>\n\n<p>&#8222;Schweden muss daf\u00fcr gelobt werden, dass es sich f\u00fcr sein Modell der Schadensbegrenzung einsetzt und die Rechte erwachsener Konsumenten in ganz Europa verteidigt&#8220;, sagte Dr. Delon Human, Vorsitzender von Smoke Free Sweden. &#8222;Ihr kontinuierliches Engagement zeigt, dass sie sich f\u00fcr die \u00f6ffentliche Gesundheit durch Innovation und nicht durch Verbote einsetzen. <\/p>\n\n<h3 class=\"wp-block-heading\"><strong>Sie sollten eine Dose in Ihrer Tasche tragen k\u00f6nnen.<\/strong><\/h3>\n\n<blockquote class=\"wp-block-quote is-layout-flow wp-block-quote-is-layout-flow\">\n<p>&#8222;Wenn Sie als Tourist in Frankreich sind, sollte es klar sein, dass Sie Ihre Snusdose mitnehmen k\u00f6nnen, ohne eine Strafe zu riskieren&#8220;, sagte Dousa gegen\u00fcber Expressen. &#8222;Das franz\u00f6sische Gesetz kriminalisiert den blo\u00dfen Besitz eines Beutels in Ihrer Tasche.&#8220; <\/p>\n<\/blockquote>\n\n<p>Er sagte dem Svenska Magasinet, dass Schweden offen f\u00fcr eine Regulierung ist, aber glaubt, dass die vorgeschlagenen Verbote &#8222;zu weit gehen&#8220;, da viele Menschen durch den Gebrauch von Snus und Beuteln mit dem Rauchen aufgeh\u00f6rt haben.<\/p>\n\n<h3 class=\"wp-block-heading\"><strong>N\u00e4chste Schritte<\/strong><\/h3>\n\n<p>Die schwedischen Schreiben wurden im Rahmen des TRIS-Verfahrens der EU verschickt, das es den Mitgliedstaaten erm\u00f6glicht, Bedenken \u00fcber nationale Gesetze zu \u00e4u\u00dfern, die sich auf den Binnenmarkt auswirken k\u00f6nnten. Wenn keine L\u00f6sung gefunden wird, kann Schweden die F\u00e4lle an die Europ\u00e4ische Kommission oder den Europ\u00e4ischen Gerichtshof verweisen. <\/p>\n","protected":false},"excerpt":{"rendered":"<p>Schweden hat seinen Widerstand gegen die geplanten Verbote von Nikotinbeuteln in Frankreich und Spanien verst\u00e4rkt, indem es formelle Briefe an beide Regierungen geschickt hat und die Ma\u00dfnahmen als &#8222;absurd&#8220; bezeichnet. Das Schreiben, das vom schwedischen Handelsminister Benjamin Dousa unterzeichnet wurde und auf&hellip;<\/p>\n","protected":false},"author":990005,"featured_media":27275,"comment_status":"open","ping_status":"open","sticky":false,"template":"","format":"standard","meta":{"footnotes":""},"categories":[268],"tags":[333],"slider":[],"class_list":["post-27288","post","type-post","status-publish","format-standard","has-post-thumbnail","hentry","category-news","tag-sweden"],"_links":{"self":[{"href":"https:\/\/clearingtheair.eu\/de\/wp-json\/wp\/v2\/posts\/27288","targetHints":{"allow":["GET"]}}],"collection":[{"href":"https:\/\/clearingtheair.eu\/de\/wp-json\/wp\/v2\/posts"}],"about":[{"href":"https:\/\/clearingtheair.eu\/de\/wp-json\/wp\/v2\/types\/post"}],"author":[{"embeddable":true,"href":"https:\/\/clearingtheair.eu\/de\/wp-json\/wp\/v2\/users\/990005"}],"replies":[{"embeddable":true,"href":"https:\/\/clearingtheair.eu\/de\/wp-json\/wp\/v2\/comments?post=27288"}],"version-history":[{"count":1,"href":"https:\/\/clearingtheair.eu\/de\/wp-json\/wp\/v2\/posts\/27288\/revisions"}],"predecessor-version":[{"id":27289,"href":"https:\/\/clearingtheair.eu\/de\/wp-json\/wp\/v2\/posts\/27288\/revisions\/27289"}],"wp:featuredmedia":[{"embeddable":true,"href":"https:\/\/clearingtheair.eu\/de\/wp-json\/wp\/v2\/media\/27275"}],"wp:attachment":[{"href":"https:\/\/clearingtheair.eu\/de\/wp-json\/wp\/v2\/media?parent=27288"}],"wp:term":[{"taxonomy":"category","embeddable":true,"href":"https:\/\/clearingtheair.eu\/de\/wp-json\/wp\/v2\/categories?post=27288"},{"taxonomy":"post_tag","embeddable":true,"href":"https:\/\/clearingtheair.eu\/de\/wp-json\/wp\/v2\/tags?post=27288"},{"taxonomy":"slider","embeddable":true,"href":"https:\/\/clearingtheair.eu\/de\/wp-json\/wp\/v2\/slider?post=27288"}],"curies":[{"name":"wp","href":"https:\/\/api.w.org\/{rel}","templated":true}]}}