{"id":37308,"date":"2026-05-12T09:28:56","date_gmt":"2026-05-12T09:28:56","guid":{"rendered":"https:\/\/clearingtheair.eu\/post\/kanadas-verbot-von-vape-aromen-geraet-ins-stocken-da-die-befuerchtungen-dass-das-rauchen-ein-einfallstor-ist-immer-mehr-widerlegt-werden\/"},"modified":"2026-05-12T09:37:07","modified_gmt":"2026-05-12T09:37:07","slug":"kanadas-verbot-von-vape-aromen-geraet-ins-stocken-da-die-befuerchtungen-dass-das-rauchen-ein-einfallstor-ist-immer-mehr-widerlegt-werden","status":"publish","type":"post","link":"https:\/\/clearingtheair.eu\/de\/post\/kanadas-verbot-von-vape-aromen-geraet-ins-stocken-da-die-befuerchtungen-dass-das-rauchen-ein-einfallstor-ist-immer-mehr-widerlegt-werden\/","title":{"rendered":"Kanadas Verbot von Vape-Aromen ger\u00e4t ins Stocken, da die Bef\u00fcrchtungen, dass das Rauchen ein Einfallstor ist, immer mehr widerlegt werden"},"content":{"rendered":"<div class=\"clear-before-content-2\" style=\"margin-top: 20px;margin-bottom: 20px;margin-left: auto;margin-right: auto;text-align: center;\" id=\"clear-2477298755\"><a data-no-instant=\"1\" href=\"https:\/\/www.broughton-group.com\/nicotine?utm_campaign=43296353-Clearing%20the%20Air%20PPC%20Campaign%20-%202026&#038;utm_source=ppc&#038;utm_medium=Paid%20Ads\" rel=\"noopener\" class=\"a2t-link\" aria-label=\"728 x 90 (2)\"><img src=\"https:\/\/clearingtheair.eu\/wp-content\/uploads\/2026\/04\/728-x-90-2.png\" alt=\"\"  srcset=\"https:\/\/clearingtheair.eu\/wp-content\/uploads\/2026\/04\/728-x-90-2.png 728w, https:\/\/clearingtheair.eu\/wp-content\/uploads\/2026\/04\/728-x-90-2-300x37.png 300w, https:\/\/clearingtheair.eu\/wp-content\/uploads\/2026\/04\/728-x-90-2-370x46.png 370w, https:\/\/clearingtheair.eu\/wp-content\/uploads\/2026\/04\/728-x-90-2-600x74.png 600w\" sizes=\"(max-width: 728px) 100vw, 728px\" width=\"728\" height=\"90\"  style=\"display: inline-block;\" \/><\/a><\/div>\n<p class=\"wp-block-paragraph\"><strong>F\u00fcnf Jahre nachdem Kanada zum ersten Mal versprochen hat, gegen aromatisierte Dampferzeugnisse vorzugehen, kann die Bundesregierung immer noch nicht sagen, wann &#8211; oder ob &#8211; nationale Beschr\u00e4nkungen eingef\u00fchrt werden.<\/strong><\/p>\n\n<p class=\"wp-block-paragraph\">Die Verz\u00f6gerung wird f\u00fcr Ottawa immer unangenehmer. Die liberale Regierung hat nicht nur wiederholt versprochen, ab 2021 zu handeln, sondern neue kanadische Beweise beginnen auch, eines der wichtigsten Argumente der Vaping-Industrie gegen das Verbot von Aromen zu untergraben: dass die Einschr\u00e4nkung von Aromen die Menschen wieder zum Rauchen bringen k\u00f6nnte. <\/p>\n\n<p class=\"wp-block-paragraph\">Stattdessen deuten neue Daten aus der Provinz darauf hin, dass das Dampfen bei Jugendlichen zur\u00fcckgeht, wenn die Geschmacksrichtungen eingeschr\u00e4nkt werden &#8211; ohne dass dies zu einem Anstieg des Zigarettenrauchens f\u00fchrt.<\/p>\n\n<h3 class=\"wp-block-heading\"><strong>F\u00f6derale Versprechen in der Schwebe<\/strong><\/h3>\n\n<p class=\"wp-block-paragraph\">Kanada k\u00fcndigte f\u00fcr 2021 Pl\u00e4ne an, die Aromen von Dampflampen landesweit auf Minze, Menthol und Tabak zu beschr\u00e4nken, mit dem Argument, dass s\u00fc\u00dfe und fruchtige Aromen den Konsum bei Jugendlichen anheizen. Doch obwohl die Entw\u00fcrfe f\u00fcr die Verordnungen angeblich schon seit zwei Jahren fertig sind, steckt die Politik noch immer in der Schwebe. <\/p>\n\n<p class=\"wp-block-paragraph\">Gesundheitsministerin Marjorie Michel <a href=\"https:\/\/www.cbc.ca\/player\/play\/video\/9.7194088\" rel=\"nofollow noopener\" target=\"_blank\">weigerte sich in einem Kommentar gegen\u00fcber CBC News , sich auf einen Zeitplan festzulegen<\/a>. Sie sagte lediglich, sie sei &#8222;bereit, sich in diese Richtung zu bewegen&#8220; und hoffe, dass &#8222;so bald wie m\u00f6glich&#8220; gehandelt werde.<\/p>\n\n<p class=\"wp-block-paragraph\">Hinter den Kulissen zeigen \u00f6ffentliche Aufzeichnungen, dass Vaping- und Nikotinfirmen heftig gegen die Vorschl\u00e4ge lobbyiert haben, einschlie\u00dflich Treffen, bei denen sie sich versichern lie\u00dfen, dass Ottawa nicht mit einem Verbot vorankommen w\u00fcrde.<\/p>\n\n<p class=\"wp-block-paragraph\">Das Patt kommt zu einem Zeitpunkt, an dem Kanada mit einer der h\u00f6chsten Dampfraten unter Jugendlichen in der Welt konfrontiert ist. Fast jeder dritte Kanadier unter 25 Jahren gab an, im letzten Monat gedampft zu haben, und etwa 10 Prozent der Highschool-Sch\u00fcler dampfen inzwischen t\u00e4glich. <\/p>\n\n<p class=\"wp-block-paragraph\">Gleichzeitig spielt das Dampfen weiterhin eine wichtige Rolle bei der Raucherentw\u00f6hnung. Jeder f\u00fcnfte Kanadier, der im Jahr 2024 mit dem Rauchen aufh\u00f6rte, gab an, dass er dazu das Dampfen benutzte. <\/p>\n\n<p class=\"wp-block-paragraph\">Dieses Spannungsverh\u00e4ltnis &#8211; jugendlicher Konsum versus Schadensbegrenzung f\u00fcr erwachsene Raucher &#8211; hat das Verbot von Aromen zu einem der umstrittensten Themen der globalen Tabakpolitik gemacht.<\/p>\n\n<h3 class=\"wp-block-heading\"><strong>Das Dilemma der Aromen<\/strong><\/h3>\n\n<p class=\"wp-block-paragraph\">Viele Bef\u00fcrworter der Schadensbegrenzung beim Tabakkonsum verteidigen seit langem die Bedeutung von Aromen f\u00fcr den Ausstieg Erwachsener aus dem Zigarettenkonsum. Einige Forscher argumentieren jedoch, dass der eigentliche Geschmack f\u00fcr das Aufh\u00f6ren weniger wichtig sein k\u00f6nnte als bisher angenommen, w\u00e4hrend er bei Jugendlichen eine weitaus gr\u00f6\u00dfere Rolle spielt. <\/p>\n\n<p class=\"wp-block-paragraph\">Diese Debatte wird international immer wichtiger, da die Regierungen von Gro\u00dfbritannien bis Australien und der EU strengere Beschr\u00e4nkungen f\u00fcr Aromen, Einwegartikel und Nikotinprodukte erw\u00e4gen.<\/p>\n\n<p class=\"wp-block-paragraph\">Kanadas Verz\u00f6gerung wirft auch ein Schlaglicht auf ein anderes, immer wiederkehrendes Problem bei der Regulierung von Verdampfern, n\u00e4mlich die uneinheitlichen Vorschriften.<\/p>\n\n<p class=\"wp-block-paragraph\">Mehrere kanadische Provinzen &#8211; darunter Quebec, Nova Scotia und Prince Edward Island &#8211; haben bereits Geschmacksbeschr\u00e4nkungen eingef\u00fchrt. Aber Forscher sagen, dass Flickenteppich-Regeln schwer durchzusetzen sind, wenn die Verbraucher einfach Produkte aus Nachbarprovinzen ohne Verbote online kaufen k\u00f6nnen. <\/p>\n\n<p class=\"wp-block-paragraph\">&#8222;Ein nationales Verbot w\u00e4re viel effektiver&#8220;, sagte Chaiton.<\/p>\n\n<h3 class=\"wp-block-heading\"><strong>Angst vor dem Schwarzmarkt bleibt zentral<\/strong><\/h3>\n\n<p class=\"wp-block-paragraph\">Die Vaping-Industrie besteht darauf, dass ein Verbot von Aromen illegale M\u00e4rkte anheizen und den Zugang zu risiko\u00e4rmeren Alternativen f\u00fcr Raucher einschr\u00e4nken k\u00f6nnte.<\/p>\n\n<p class=\"wp-block-paragraph\">Die Canadian Vaping Association warnte davor, dass Beschr\u00e4nkungen &#8222;zur Verbreitung unregulierter Produkte, zu geringerer Verbrauchersicherheit, zum Verlust von Steuereinnahmen und zu erh\u00f6htem Druck auf die Vollzugsbeh\u00f6rden&#8220; f\u00fchren k\u00f6nnten.<\/p>\n\n<p class=\"wp-block-paragraph\">Dieses Argument wird weltweit immer h\u00e4ufiger vorgebracht, da die Regierungen die Regeln f\u00fcr das Dampfen versch\u00e4rfen. Kritiker einer prohibitions\u00e4hnlichen Politik verweisen oft auf das australische Modell der Verschreibungspflicht und den wachsenden Schwarzmarkt als Warnung, was passieren kann, wenn der legale Zugang zu restriktiv wird. <\/p>\n\n<h3 class=\"wp-block-heading\"><strong>F\u00fcr wen sind Aromen wirklich gedacht?<\/strong><\/h3>\n\n<p class=\"wp-block-paragraph\">Die Situation in Kanada l\u00e4sst die politischen Entscheidungstr\u00e4ger nun zwischen zwei konkurrierenden Realit\u00e4ten gefangen sein &#8211; starke Beweise daf\u00fcr, dass Aromen f\u00fcr Jugendliche sehr attraktiv sind, und ebenso starke Beweise daf\u00fcr, dass Dampfen f\u00fcr Erwachsene deutlich weniger sch\u00e4dlich ist als Rauchen.<\/p>\n<div class=\"clear-after-content\" style=\"margin-top: 20px;margin-bottom: 20px;margin-left: auto;margin-right: auto;text-align: center;\" id=\"clear-3701704825\"><a data-no-instant=\"1\" href=\"https:\/\/www.broughton-group.com\/nicotine?utm_campaign=43296353-Clearing%20the%20Air%20PPC%20Campaign%20-%202026&#038;utm_source=ppc&#038;utm_medium=Paid%20Ads\" rel=\"noopener\" class=\"a2t-link\" aria-label=\"728 x 90 (2)\"><img src=\"https:\/\/clearingtheair.eu\/wp-content\/uploads\/2026\/04\/728-x-90-2.png\" alt=\"\"  srcset=\"https:\/\/clearingtheair.eu\/wp-content\/uploads\/2026\/04\/728-x-90-2.png 728w, https:\/\/clearingtheair.eu\/wp-content\/uploads\/2026\/04\/728-x-90-2-300x37.png 300w, https:\/\/clearingtheair.eu\/wp-content\/uploads\/2026\/04\/728-x-90-2-370x46.png 370w, https:\/\/clearingtheair.eu\/wp-content\/uploads\/2026\/04\/728-x-90-2-600x74.png 600w\" sizes=\"(max-width: 728px) 100vw, 728px\" width=\"728\" height=\"90\"  style=\"display: inline-block;\" \/><\/a><\/div>","protected":false},"excerpt":{"rendered":"<p>F\u00fcnf Jahre nachdem Kanada zum ersten Mal versprochen hat, gegen aromatisierte Dampferzeugnisse vorzugehen, kann die Bundesregierung immer noch nicht sagen, wann &#8211; oder ob &#8211; nationale Beschr\u00e4nkungen eingef\u00fchrt werden. Die Verz\u00f6gerung wird f\u00fcr Ottawa immer unangenehmer. Die liberale Regierung hat nicht nur&hellip;<\/p>\n","protected":false},"author":990005,"featured_media":37297,"comment_status":"open","ping_status":"open","sticky":false,"template":"","format":"standard","meta":{"footnotes":""},"categories":[268],"tags":[362,377,379,437,376],"slider":[],"class_list":["post-37308","post","type-post","status-publish","format-standard","has-post-thumbnail","hentry","category-news","tag-australia-de","tag-global-de","tag-kanada","tag-nachrichten","tag-nikotin"],"_links":{"self":[{"href":"https:\/\/clearingtheair.eu\/de\/wp-json\/wp\/v2\/posts\/37308","targetHints":{"allow":["GET"]}}],"collection":[{"href":"https:\/\/clearingtheair.eu\/de\/wp-json\/wp\/v2\/posts"}],"about":[{"href":"https:\/\/clearingtheair.eu\/de\/wp-json\/wp\/v2\/types\/post"}],"author":[{"embeddable":true,"href":"https:\/\/clearingtheair.eu\/de\/wp-json\/wp\/v2\/users\/990005"}],"replies":[{"embeddable":true,"href":"https:\/\/clearingtheair.eu\/de\/wp-json\/wp\/v2\/comments?post=37308"}],"version-history":[{"count":1,"href":"https:\/\/clearingtheair.eu\/de\/wp-json\/wp\/v2\/posts\/37308\/revisions"}],"predecessor-version":[{"id":37311,"href":"https:\/\/clearingtheair.eu\/de\/wp-json\/wp\/v2\/posts\/37308\/revisions\/37311"}],"wp:featuredmedia":[{"embeddable":true,"href":"https:\/\/clearingtheair.eu\/de\/wp-json\/wp\/v2\/media\/37297"}],"wp:attachment":[{"href":"https:\/\/clearingtheair.eu\/de\/wp-json\/wp\/v2\/media?parent=37308"}],"wp:term":[{"taxonomy":"category","embeddable":true,"href":"https:\/\/clearingtheair.eu\/de\/wp-json\/wp\/v2\/categories?post=37308"},{"taxonomy":"post_tag","embeddable":true,"href":"https:\/\/clearingtheair.eu\/de\/wp-json\/wp\/v2\/tags?post=37308"},{"taxonomy":"slider","embeddable":true,"href":"https:\/\/clearingtheair.eu\/de\/wp-json\/wp\/v2\/slider?post=37308"}],"curies":[{"name":"wp","href":"https:\/\/api.w.org\/{rel}","templated":true}]}}