{"id":39152,"date":"2026-06-26T08:34:38","date_gmt":"2026-06-26T08:34:38","guid":{"rendered":"https:\/\/clearingtheair.eu\/post\/der-schwedische-gesundheitsminister-kritisiert-das-franzoesische-verbot-von-beuteln-als-idiotisch\/"},"modified":"2026-06-29T09:58:11","modified_gmt":"2026-06-29T09:58:11","slug":"der-schwedische-gesundheitsminister-kritisiert-das-franzoesische-verbot-von-beuteln-als-idiotisch","status":"publish","type":"post","link":"https:\/\/clearingtheair.eu\/de\/post\/der-schwedische-gesundheitsminister-kritisiert-das-franzoesische-verbot-von-beuteln-als-idiotisch\/","title":{"rendered":"Der schwedische Gesundheitsminister kritisiert das franz\u00f6sische Verbot von Beuteln als \u201eidiotisch\u201c"},"content":{"rendered":"<div class=\"clear-before-content-2\" style=\"margin-top: 20px;margin-bottom: 20px;margin-left: auto;margin-right: auto;text-align: center;\" id=\"clear-881118507\"><a data-no-instant=\"1\" href=\"https:\/\/www.broughton-group.com\/nicotine?utm_campaign=43296353-Clearing%20the%20Air%20PPC%20Campaign%20-%202026&#038;utm_source=ppc&#038;utm_medium=Paid%20Ads\" rel=\"noopener\" class=\"a2t-link\" aria-label=\"728 x 90 (2)\"><img src=\"https:\/\/clearingtheair.eu\/wp-content\/uploads\/2026\/04\/728-x-90-2.png\" alt=\"\"  srcset=\"https:\/\/clearingtheair.eu\/wp-content\/uploads\/2026\/04\/728-x-90-2.png 728w, https:\/\/clearingtheair.eu\/wp-content\/uploads\/2026\/04\/728-x-90-2-300x37.png 300w, https:\/\/clearingtheair.eu\/wp-content\/uploads\/2026\/04\/728-x-90-2-370x46.png 370w, https:\/\/clearingtheair.eu\/wp-content\/uploads\/2026\/04\/728-x-90-2-600x74.png 600w\" sizes=\"(max-width: 728px) 100vw, 728px\" width=\"728\" height=\"90\"  style=\"display: inline-block;\" \/><\/a><\/div>\n<p class=\"wp-block-paragraph\"><strong>Der schwedische Gesundheitsminister hat das franz\u00f6sische Verbot von Nikotinbeuteln als \u201eidiotisch\u201c bezeichnet und damit den Streit \u00fcber den Umgang Europas mit rauchfreien Nikotinprodukten weiter angeheizt.<\/strong><\/p>\n\n<p class=\"wp-block-paragraph\">Elisabeth Lann, Schwedens Gesundheitsministerin, kritisierte das franz\u00f6sische Verbot in einem Interview im schwedischen Gesundheits- und Lifestyle-Podcast \u201eH\u00e4lsa f\u00f6r oh\u00e4lsosamma\u201c.<\/p>\n\n<p class=\"wp-block-paragraph\">Durch diese \u00c4u\u00dferungen wird die Kritik Schwedens an der franz\u00f6sischen Politik von einem Handelsstreit zu einer umfassenderen Debatte \u00fcber \u00f6ffentliche Gesundheit und Schadensminderung.<\/p>\n\n<p class=\"wp-block-paragraph\">\u201eRein aus gesundheitlicher Sicht halte ich es f\u00fcr idiotisch, dass sie das Rauchen zulassen und dabei mit so unglaublich gro\u00dfen Problemen zu k\u00e4mpfen haben, und dann gerade Nikotinbeutel ins Visier nehmen\u201c, sagte Lann. \u201eDas ist wirklich, als w\u00fcrde man nach M\u00fccken fischen und Kamele verschlucken.\u201c <\/p>\n\n<p class=\"wp-block-paragraph\">Das franz\u00f6sische Verbot trat am 1. April 2026 in Kraft und betrifft orale Nikotinprodukte, darunter Beutel, Perlen, Fl\u00fcssigkeiten, Kaugummi, Lutschtabletten und Streifen.<\/p>\n\n<p class=\"wp-block-paragraph\">Der Erlass geht \u00fcber blo\u00dfe Verkaufsbeschr\u00e4nkungen hinaus. Er umfasst zudem die Herstellung, den Transport, den Import, den Export, den Besitz, den Erwerb, den Vertrieb und die Verwendung auf franz\u00f6sischem Staatsgebiet. <\/p>\n\n<p class=\"wp-block-paragraph\">Das bedeutet, dass einem schwedischen Besucher, der in seinem Heimatland legal erworbene Nikotinbeutel mit sich f\u00fchrt, in Frankreich strafrechtliche Sanktionen drohen k\u00f6nnten, w\u00e4hrend Zigaretten weiterhin legal erh\u00e4ltlich sind.<\/p>\n\n<h3 class=\"wp-block-heading\"><strong>Schadensminderung statt Moralismus<\/strong><\/h3>\n\n<p class=\"wp-block-paragraph\">Frau Lann erkl\u00e4rte, sie unterst\u00fctze den Ansatz der Schadensminderung in der Nikotinpolitik und bezeichnete diesen als \u201eden einzig vern\u00fcnftigen Ansatz\u201c.<\/p>\n\n<p class=\"wp-block-paragraph\">Ihre \u00c4u\u00dferungen treffen den Kern einer zunehmenden Spaltung in Europa hinsichtlich der Nikotinregulierung. Einige Regierungen haben Ma\u00dfnahmen ergriffen, um Nikotinbeutel zu verbieten oder stark einzuschr\u00e4nken, wobei sie den Konsum durch Jugendliche, Aromen, Suchtgefahr sowie Berichte von Giftnotrufzentralen als Gr\u00fcnde anf\u00fchrten. <\/p>\n\n<p class=\"wp-block-paragraph\">Bef\u00fcrworter der Schadensminderung argumentieren, dass solche Ma\u00dfnahmen die Gefahr bergen, alle Nikotinprodukte so zu behandeln, als ob sie das gleiche Risiko bergen w\u00fcrden, obwohl mit dem Rauchen weitaus gr\u00f6\u00dfere Sch\u00e4den verbunden sind.<\/p>\n\n<p class=\"wp-block-paragraph\">Lann erkl\u00e4rte, die Weigerung, zwischen Produkten zu unterscheiden, berge die Gefahr, dass die Gesundheitspolitik zu Moralismus statt zu einer risikobasierten Regulierung werde.<\/p>\n\n<p class=\"wp-block-paragraph\">Zudem kritisierte sie, was sie als \u00fcbertriebene Behauptungen in der Debatte ansah. Laut dem Bericht von Snusforumet \u00fcber das Interview sagte sie, einige Kritiker spr\u00e4chen \u00fcber den Konsum von Snus durch Jugendliche, als f\u00fchre dieser direkt zum Tod oder zu Kriminalit\u00e4t, w\u00e4hrend manche Vertreter der Industrie zu weit gingen, indem sie sich als Retter der \u00f6ffentlichen Gesundheit darstellten. <\/p>\n\n<blockquote class=\"wp-block-quote is-layout-flow wp-block-quote-is-layout-flow\">\n<p class=\"wp-block-paragraph\">\u201eWir wissen, dass Rauchen ungleich gef\u00e4hrlicher ist als der Konsum von Snus\u201c, sagte Lann.<\/p>\n<\/blockquote>\n\n<p class=\"wp-block-paragraph\">Schweden weist eine der niedrigsten Raucherquoten in Europa auf. Der Anteil der t\u00e4glichen Raucher liegt mittlerweile unter f\u00fcnf Prozent \u2013 ein Wert, den schwedische Politiker und Bef\u00fcrworter der Schadensminderung h\u00e4ufig mit der Verf\u00fcgbarkeit oraler Nikotinprodukte wie Snus in Verbindung bringen. <\/p>\n\n<p class=\"wp-block-paragraph\">Nikotinbeutel unterscheiden sich von Snus dadurch, dass sie keinen Tabak enthalten; beide werden jedoch oral und ohne Verbrennung konsumiert.<\/p>\n\n<h3 class=\"wp-block-heading\"><strong>Das Verbot in Frankreich hat Schweden bereits ver\u00e4rgert<\/strong><\/h3>\n\n<p class=\"wp-block-paragraph\">Lanns \u00c4u\u00dferungen folgen auf <a href=\"https:\/\/clearingtheair.eu\/en\/post\/sweden-blasts-frances-absurd-pouch-ban\/\">fr\u00fchere Kritik<\/a> des schwedischen Handelsministers Benjamin Dousa, der Frankreich vorwarf, die schwedische Kultur anzugreifen und gegen den Geist des EU-Binnenmarktes zu versto\u00dfen.<\/p>\n\n<p class=\"wp-block-paragraph\">\u201eDas ist so, als w\u00fcrden wir in Schweden franz\u00f6sische Baguettes oder franz\u00f6sischen Wein verbieten\u201c, sagte Dousa gegen\u00fcber der Financial Times. \u201eDas ist absurd.\u201c <\/p>\n\n<p class=\"wp-block-paragraph\">Die franz\u00f6sischen Vorschriften haben in Schweden Besorgnis ausgel\u00f6st, da sie sich nicht nur auf die gewerbliche Abgabe, sondern auch auf den Besitz und den Konsum beziehen.<\/p>\n\n<p class=\"wp-block-paragraph\">Gem\u00e4\u00df diesem Erlass drohen Personen, die in Frankreich Nikotinbeutel mit sich f\u00fchren, je nach Schwere des Versto\u00dfes Strafen, die Berichten zufolge bis zu f\u00fcnf Jahre Freiheitsentzug und eine Geldstrafe in H\u00f6he von 375.000 Euro betragen k\u00f6nnen.<\/p>\n\n<p class=\"wp-block-paragraph\">Schweden geh\u00f6rt zu den sieben L\u00e4ndern, die offiziell Bedenken ge\u00e4u\u00dfert haben, ob das franz\u00f6sische Verbot ungerechtfertigte Hindernisse innerhalb des EU-Binnenmarkts schafft.<\/p>\n\n<h3 class=\"wp-block-heading\"><strong>Europa ist in der Frage der Beutel gespalten<\/strong><\/h3>\n\n<p class=\"wp-block-paragraph\">Nikotinbeutel unterliegen derzeit im Rahmen der EU-Tabakkontrollvorschriften nicht denselben Regelungen wie Zigaretten, E-Zigaretten oder Snus.<\/p>\n\n<p class=\"wp-block-paragraph\">Dies hat dazu gef\u00fchrt, dass die Mitgliedstaaten unterschiedliche Vorgehensweisen gew\u00e4hlt haben. Belgien und die Niederlande haben den Verkauf verboten, w\u00e4hrend L\u00e4nder wie Finnland sich f\u00fcr strengere Vorschriften entschieden haben. <\/p>\n\n<p class=\"wp-block-paragraph\">Frankreich ist noch einen Schritt weiter gegangen und hat die gesamte Kette von Produktion, Transport, Import, Besitz und Konsum ins Visier genommen.<\/p>\n\n<p class=\"wp-block-paragraph\">Die franz\u00f6sischen Beh\u00f6rden erkl\u00e4ren, die Ma\u00dfnahme sei zum Schutz der \u00f6ffentlichen Gesundheit, insbesondere junger Menschen, erforderlich. In seiner Mitteilung an die Europ\u00e4ische Kommission f\u00fchrte Frankreich Bedenken hinsichtlich Nikotinabh\u00e4ngigkeit, Attraktivit\u00e4t f\u00fcr Jugendliche, Aromen, Marketing sowie Meldungen an Giftnotrufzentralen an. <\/p>\n\n<p class=\"wp-block-paragraph\">Die franz\u00f6sische Regierung erkl\u00e4rte zudem, dass Nikotinbeutel auf EU-Ebene nicht reguliert seien und dass sie handeln wolle, \u201eohne die m\u00f6gliche \u00dcberarbeitung der europ\u00e4ischen Richtlinien abzuwarten\u201c.<\/p>\n\n<h3 class=\"wp-block-heading\"><strong>Heftigerer Streit um die Nikotinpolitik<\/strong><\/h3>\n\n<p class=\"wp-block-paragraph\">Der Streit entsteht vor dem Hintergrund, dass Br\u00fcssel derzeit die Tabakproduktrichtlinie \u00fcberarbeitet, die seit 2016 in Kraft ist und EU-Vorschriften f\u00fcr Tabak und tabak\u00e4hnliche Erzeugnisse festlegt.<\/p>\n\n<p class=\"wp-block-paragraph\">Die Europ\u00e4ische Kommission hat bereits anerkannt, dass die Mitgliedstaaten unterschiedliche Ans\u00e4tze in Bezug auf Nikotinbeutel verfolgen, die von vollst\u00e4ndigen Verboten bis hin zu Nikotinobergrenzen, Kennzeichnungsvorschriften, Werbebeschr\u00e4nkungen und Alterskontrollen reichen.<\/p>\n\n<p class=\"wp-block-paragraph\">F\u00fcr Schweden ist dieses Thema politisch heikel. Als das Land 1995 der EU beitrat, sicherte es sich eine Ausnahmeregelung, die es erm\u00f6glicht, dass Snus in Schweden trotz des allgemeinen Verkaufsverbots der EU weiterhin legal bleibt. <\/p>\n\n<p class=\"wp-block-paragraph\">Diese Ausnahmeregelung gilt nicht automatisch f\u00fcr nikotinhaltige Beutel ohne Tabak. Doch aufgrund der niedrigen Raucherquote in Schweden spielt das Land eine zentrale Rolle in der europ\u00e4ischen Debatte dar\u00fcber, ob sich die Gesundheitspolitik auf den Nikotinkonsum an sich oder auf die relativen Risiken verschiedener Produkte konzentrieren sollte. <\/p>\n<div class=\"clear-after-content\" style=\"margin-top: 20px;margin-bottom: 20px;margin-left: auto;margin-right: auto;text-align: center;\" id=\"clear-2090394140\"><a data-no-instant=\"1\" href=\"https:\/\/www.broughton-group.com\/nicotine?utm_campaign=43296353-Clearing%20the%20Air%20PPC%20Campaign%20-%202026&#038;utm_source=ppc&#038;utm_medium=Paid%20Ads\" rel=\"noopener\" class=\"a2t-link\" aria-label=\"728 x 90 (2)\"><img src=\"https:\/\/clearingtheair.eu\/wp-content\/uploads\/2026\/04\/728-x-90-2.png\" alt=\"\"  srcset=\"https:\/\/clearingtheair.eu\/wp-content\/uploads\/2026\/04\/728-x-90-2.png 728w, https:\/\/clearingtheair.eu\/wp-content\/uploads\/2026\/04\/728-x-90-2-300x37.png 300w, https:\/\/clearingtheair.eu\/wp-content\/uploads\/2026\/04\/728-x-90-2-370x46.png 370w, https:\/\/clearingtheair.eu\/wp-content\/uploads\/2026\/04\/728-x-90-2-600x74.png 600w\" sizes=\"(max-width: 728px) 100vw, 728px\" width=\"728\" height=\"90\"  style=\"display: inline-block;\" \/><\/a><\/div>","protected":false},"excerpt":{"rendered":"<p>Der schwedische Gesundheitsminister hat das franz\u00f6sische Verbot von Nikotinbeuteln als \u201eidiotisch\u201c bezeichnet und damit den Streit \u00fcber den Umgang Europas mit rauchfreien Nikotinprodukten weiter angeheizt. Elisabeth Lann, Schwedens Gesundheitsministerin, kritisierte das franz\u00f6sische Verbot in einem Interview im schwedischen Gesundheits- und Lifestyle-Podcast \u201eH\u00e4lsa&hellip;<\/p>\n","protected":false},"author":990005,"featured_media":39123,"comment_status":"open","ping_status":"open","sticky":false,"template":"","format":"standard","meta":{"footnotes":""},"categories":[268],"tags":[431,442,488,376,412],"slider":[],"class_list":["post-39152","post","type-post","status-publish","format-standard","has-post-thumbnail","hentry","category-news","tag-belgium-de","tag-france-de","tag-lebensstil","tag-nikotin","tag-schweden"],"_links":{"self":[{"href":"https:\/\/clearingtheair.eu\/de\/wp-json\/wp\/v2\/posts\/39152","targetHints":{"allow":["GET"]}}],"collection":[{"href":"https:\/\/clearingtheair.eu\/de\/wp-json\/wp\/v2\/posts"}],"about":[{"href":"https:\/\/clearingtheair.eu\/de\/wp-json\/wp\/v2\/types\/post"}],"author":[{"embeddable":true,"href":"https:\/\/clearingtheair.eu\/de\/wp-json\/wp\/v2\/users\/990005"}],"replies":[{"embeddable":true,"href":"https:\/\/clearingtheair.eu\/de\/wp-json\/wp\/v2\/comments?post=39152"}],"version-history":[{"count":1,"href":"https:\/\/clearingtheair.eu\/de\/wp-json\/wp\/v2\/posts\/39152\/revisions"}],"predecessor-version":[{"id":39159,"href":"https:\/\/clearingtheair.eu\/de\/wp-json\/wp\/v2\/posts\/39152\/revisions\/39159"}],"wp:featuredmedia":[{"embeddable":true,"href":"https:\/\/clearingtheair.eu\/de\/wp-json\/wp\/v2\/media\/39123"}],"wp:attachment":[{"href":"https:\/\/clearingtheair.eu\/de\/wp-json\/wp\/v2\/media?parent=39152"}],"wp:term":[{"taxonomy":"category","embeddable":true,"href":"https:\/\/clearingtheair.eu\/de\/wp-json\/wp\/v2\/categories?post=39152"},{"taxonomy":"post_tag","embeddable":true,"href":"https:\/\/clearingtheair.eu\/de\/wp-json\/wp\/v2\/tags?post=39152"},{"taxonomy":"slider","embeddable":true,"href":"https:\/\/clearingtheair.eu\/de\/wp-json\/wp\/v2\/slider?post=39152"}],"curies":[{"name":"wp","href":"https:\/\/api.w.org\/{rel}","templated":true}]}}