{"id":40196,"date":"2026-08-05T08:02:37","date_gmt":"2026-08-05T08:02:37","guid":{"rendered":"https:\/\/clearingtheair.eu\/post\/irlands-de-facto-verbot-von-e-zigaretten-aromen-wurde-verschoben-nachdem-italien-und-griechenland-einwaende-erhoben-hatten\/"},"modified":"2026-08-05T08:04:41","modified_gmt":"2026-08-05T08:04:41","slug":"irlands-de-facto-verbot-von-e-zigaretten-aromen-wurde-verschoben-nachdem-italien-und-griechenland-einwaende-erhoben-hatten","status":"publish","type":"post","link":"https:\/\/clearingtheair.eu\/de\/post\/irlands-de-facto-verbot-von-e-zigaretten-aromen-wurde-verschoben-nachdem-italien-und-griechenland-einwaende-erhoben-hatten\/","title":{"rendered":"Irlands De-facto-Verbot von E-Zigaretten-Aromen wurde verschoben, nachdem Italien und Griechenland Einw\u00e4nde erhoben hatten"},"content":{"rendered":"<div class=\"clear-before-content-2\" style=\"margin-top: 20px;margin-bottom: 20px;margin-left: auto;margin-right: auto;text-align: center;\" id=\"clear-3655471639\"><a data-no-instant=\"1\" href=\"https:\/\/www.broughton-group.com\/nicotine?utm_campaign=43296353-Clearing%20the%20Air%20PPC%20Campaign%20-%202026&#038;utm_source=ppc&#038;utm_medium=Paid%20Ads\" rel=\"noopener\" class=\"a2t-link\" aria-label=\"728 x 90 (2)\"><img src=\"https:\/\/clearingtheair.eu\/wp-content\/uploads\/2026\/04\/728-x-90-2.png\" alt=\"\"  srcset=\"https:\/\/clearingtheair.eu\/wp-content\/uploads\/2026\/04\/728-x-90-2.png 728w, https:\/\/clearingtheair.eu\/wp-content\/uploads\/2026\/04\/728-x-90-2-300x37.png 300w, https:\/\/clearingtheair.eu\/wp-content\/uploads\/2026\/04\/728-x-90-2-370x46.png 370w, https:\/\/clearingtheair.eu\/wp-content\/uploads\/2026\/04\/728-x-90-2-600x74.png 600w\" sizes=\"(max-width: 728px) 100vw, 728px\" width=\"728\" height=\"90\"  style=\"display: inline-block;\" \/><\/a><\/div>\n<p class=\"wp-block-paragraph\"><strong>Irlands Vorhaben, die Bezeichnungen f\u00fcr E-Zigaretten-Aromen auf \u201eTabak\u201c und \u201egeschmacksneutral\u201c zu beschr\u00e4nken, wurde verschoben, nachdem Italien und Griechenland die vorgeschlagenen Regelungen auf EU-Ebene offiziell angefochten hatten.<\/strong><\/p>\n\n<p class=\"wp-block-paragraph\">Beide L\u00e4nder reichten \u00fcber das Informationssystem f\u00fcr technische Vorschriften (TRIS) der Europ\u00e4ischen Kommission \u201eausf\u00fchrliche Stellungnahmen\u201c ein, in denen sie m\u00f6gliche Bedenken hinsichtlich Handelshemmnissen innerhalb des EU-Binnenmarkts zum Ausdruck brachten.  <\/p>\n\n<p class=\"wp-block-paragraph\">Durch diese Ma\u00dfnahme wurde <a href=\"https:\/\/technical-regulation-information-system.ec.europa.eu\/en\/notification\/27807\" rel=\"nofollow noopener\" target=\"_blank\">die Stillhaltefrist des Gesetzentwurfs vom 7. Juli bis zum 7. Oktober verl\u00e4ngert<\/a>.  <\/p>\n\n<p class=\"wp-block-paragraph\">Irland kann die Umsetzung der notifizierten technischen Vorschriften innerhalb dieses Zeitraums nicht abschlie\u00dfen. Es muss der Europ\u00e4ischen Kommission zudem mitteilen, wie es auf die Einw\u00e4nde reagieren will. <\/p>\n\n<h3 class=\"wp-block-heading\"><strong>Nur zwei zul\u00e4ssige Geschmacksnamen<\/strong><\/h3>\n\n<p class=\"wp-block-paragraph\">Der Gesetzentwurf zur \u00c4nderung des Gesetzes \u00fcber die \u00f6ffentliche Gesundheit (Tabakwaren und Nikotin-Inhalationsprodukte) von 2026 w\u00fcrde umfassende Vorschriften hinsichtlich des Aussehens, der Verpackung, der Werbung und der Pr\u00e4sentation von E-Zigaretten im Einzelhandel einf\u00fchren.<\/p>\n\n<p class=\"wp-block-paragraph\">Dadurch w\u00fcrden Farben und Bildmotive auf Produkten und Verpackungen eingeschr\u00e4nkt, Ger\u00e4te, die so gestaltet sind, dass sie Spielzeug oder anderen Alltagsgegenst\u00e4nden \u00e4hneln, verboten und neue Kontrollen f\u00fcr Nikotinbeutel sowie andere tabakfreie Nikotinprodukte eingef\u00fchrt. Der Verkauf von Nikotinbeuteln an Personen unter 18 Jahren <a href=\"https:\/\/www.gov.ie\/en\/department-of-health\/press-releases\/ministers-announce-government-approval-of-proposals-for-further-regulation-of-nicotine-products\/\" rel=\"nofollow noopener\" target=\"_blank\">w\u00e4re ebenfalls untersagt<\/a>.   <\/p>\n\n<p class=\"wp-block-paragraph\">Die wichtigste Ma\u00dfnahme f\u00fcr erwachsene E-Zigaretten-Nutzer wird als Beschr\u00e4nkung der Aromenamen und nicht der Aromen selbst dargestellt.<\/p>\n\n<p class=\"wp-block-paragraph\">Gem\u00e4\u00df dem dem Gesetzentwurf beigef\u00fcgten Verzeichnis w\u00e4ren als Bezeichnungen ausschlie\u00dflich \u201eTabak\u201c und \u201eohne Aromastoffe\u201c zul\u00e4ssig. Einzelh\u00e4ndlern w\u00e4re es zudem untersagt, Produkte mit abweichenden Bezeichnungen zu verkaufen, die auf einen anderen Geschmack, eine andere Temperatur, eine andere Konsistenz oder ein anderes Mundgef\u00fchl hindeuten. In der Praxis w\u00fcrde dies dazu f\u00fchren, dass rechtm\u00e4\u00dfig gekennzeichnete Aromen wie Frucht-, Dessert-, Getr\u00e4nke- und Mentholaromen sowie andere Nicht-Tabak-Aromen <a href=\"https:\/\/data.oireachtas.ie\/ie\/oireachtas\/bill\/2026\/36\/eng\/initiated\/b3626d.pdf\" rel=\"nofollow noopener\" target=\"_blank\">vom irischen Markt<\/a> verschwinden w\u00fcrden.    <\/p>\n\n<p class=\"wp-block-paragraph\">Der Gesundheitsminister w\u00fcrde die Befugnis behalten, durch sp\u00e4tere Verordnungen zul\u00e4ssige Namen hinzuzuf\u00fcgen oder zu streichen.<\/p>\n\n<h3 class=\"wp-block-heading\"><strong>Italien stellt in Frage, ob die Vorschriften zu weit gehen<\/strong><\/h3>\n\n<p class=\"wp-block-paragraph\">Laut Vaping360 wird in der ausf\u00fchrlichen Stellungnahme Italiens in Frage gestellt, ob die von Irland vorgeschlagenen Beschr\u00e4nkungen hinsichtlich Verpackung, Aufmachung, Bezeichnung von Aromen und Auslage notwendig und verh\u00e4ltnism\u00e4\u00dfig sind.<\/p>\n\n<p class=\"wp-block-paragraph\">Berichten zufolge soll Italien Irland aufgefordert haben, darzulegen, warum weniger restriktive Ma\u00dfnahmen nicht dieselben Ziele im Bereich der \u00f6ffentlichen Gesundheit erreichen w\u00fcrden. Zudem wurden Bedenken ge\u00e4u\u00dfert, dass gesonderte irische Produktnormen den rechtm\u00e4\u00dfigen Vertrieb von Waren, die anderswo in der EU bereits auf dem Markt sind, behindern und Unsicherheit f\u00fcr Hersteller schaffen k\u00f6nnten, die versuchen, sowohl die irischen als auch die EU-Anforderungen zu erf\u00fcllen.   <\/p>\n\n<p class=\"wp-block-paragraph\">Auch Griechenland hat eine ausf\u00fchrliche Stellungnahme vorgelegt. Seine Einw\u00e4nde konzentrierten sich Berichten zufolge auf die Befolgungskosten und die Gefahr einer Zersplitterung des europ\u00e4ischen Marktes. <\/p>\n\n<p class=\"wp-block-paragraph\">Der \u00f6ffentliche TRIS-Eintrag der Kommission best\u00e4tigt, dass beide L\u00e4nder am 7. Juli ausf\u00fchrliche Stellungnahmen eingereicht haben, gibt jedoch nicht die darin enthaltenen Argumente in vollem Umfang wieder.  <\/p>\n\n<h3 class=\"wp-block-heading\"><strong>Regierung verweist auf das Dampfen unter Jugendlichen<\/strong><\/h3>\n\n<p class=\"wp-block-paragraph\">Irland hat der Europ\u00e4ischen Kommission den Gesetzentwurf am 2. April notifiziert. Die Regierung erkl\u00e4rte, die Beschr\u00e4nkungen seien das erforderliche Mindestma\u00df, um dem Dampfen unter Jugendlichen entgegenzuwirken, und argumentierte, dass weniger restriktive Ma\u00dfnahmen nicht das von ihr angestrebte Schutzniveau gew\u00e4hrleisten w\u00fcrden.   <\/p>\n\n<p class=\"wp-block-paragraph\">W\u00e4hrend der zweiten Lesung des Gesetzentwurfs r\u00e4umte die Regierung ein, dass E-Zigaretten zwar weniger sch\u00e4dlich sein m\u00f6gen als das Rauchen, erkl\u00e4rte jedoch, dass sie nicht harmlos seien.<\/p>\n\n<p class=\"wp-block-paragraph\">Dem D\u00e1il vorgelegte Zahlen zeigten, dass der aktuelle Anteil der 15- und 16-J\u00e4hrigen in Irland, die E-Zigaretten konsumieren, von 18 Prozent im Jahr 2019 auf 16 Prozent im Jahr 2024 gesunken ist.  <\/p>\n\n<p class=\"wp-block-paragraph\">Auch die Zahl derjenigen, die E-Zigaretten ausprobierten, ging von 39 Prozent auf 32 Prozent zur\u00fcck, w\u00e4hrend der Anteil derjenigen, die t\u00e4glich E-Zigaretten konsumierten, von <a href=\"https:\/\/www.drugsandalcohol.ie\/45518\/\" rel=\"nofollow noopener\" target=\"_blank\">f\u00fcnf Prozent auf sieben Prozent stieg .<\/a> <\/p>\n\n<p class=\"wp-block-paragraph\">Der Gesetzentwurf hat alle Phasen im D\u00e1il durchlaufen und wurde an den Seanad \u00c9ireann weitergeleitet, wo er im Juli f\u00fcr die zweite Lesung auf die Tagesordnung gesetzt wurde.  <\/p>\n\n<h3 class=\"wp-block-heading\"><strong>Einw\u00e4nde k\u00f6nnen den Gesetzentwurf nicht verhindern<\/strong><\/h3>\n\n<p class=\"wp-block-paragraph\">Eine ausf\u00fchrliche Stellungnahme stellt kein EU-Veto dar. Gem\u00e4\u00df der Richtlinie 2015\/1535 verl\u00e4ngert sie die regul\u00e4re dreimonatige Stillhaltefrist auf sechs Monate, wenn ein anderer Mitgliedstaat der Ansicht ist, dass eine vorgeschlagene technische Vorschrift den freien Warenverkehr behindern k\u00f6nnte. <\/p>\n\n<p class=\"wp-block-paragraph\">Irland muss mitteilen, welche Ma\u00dfnahmen es als Reaktion darauf zu ergreifen gedenkt. Es k\u00f6nnte den Gesetzentwurf \u00e4ndern, weitere Belege f\u00fcr seinen Ansatz vorlegen oder versuchen, nach Ablauf der Stillhaltefrist fortzufahren.   <\/p>\n\n<p class=\"wp-block-paragraph\">Die Ma\u00dfnahme zwingt die Regierung jedoch dazu, zu begr\u00fcnden, warum weitreichende Einschr\u00e4nkungen, die erwachsene Verbraucher sowie Produkte betreffen, die anderswo in Europa legal verkauft werden, erforderlich sind, um den Konsum durch Jugendliche einzud\u00e4mmen.<\/p>\n<div class=\"clear-after-content\" style=\"margin-top: 20px;margin-bottom: 20px;margin-left: auto;margin-right: auto;text-align: center;\" id=\"clear-555905243\"><a data-no-instant=\"1\" href=\"https:\/\/www.broughton-group.com\/nicotine?utm_campaign=43296353-Clearing%20the%20Air%20PPC%20Campaign%20-%202026&#038;utm_source=ppc&#038;utm_medium=Paid%20Ads\" rel=\"noopener\" class=\"a2t-link\" aria-label=\"728 x 90 (2)\"><img src=\"https:\/\/clearingtheair.eu\/wp-content\/uploads\/2026\/04\/728-x-90-2.png\" alt=\"\"  srcset=\"https:\/\/clearingtheair.eu\/wp-content\/uploads\/2026\/04\/728-x-90-2.png 728w, https:\/\/clearingtheair.eu\/wp-content\/uploads\/2026\/04\/728-x-90-2-300x37.png 300w, https:\/\/clearingtheair.eu\/wp-content\/uploads\/2026\/04\/728-x-90-2-370x46.png 370w, https:\/\/clearingtheair.eu\/wp-content\/uploads\/2026\/04\/728-x-90-2-600x74.png 600w\" sizes=\"(max-width: 728px) 100vw, 728px\" width=\"728\" height=\"90\"  style=\"display: inline-block;\" \/><\/a><\/div>","protected":false},"excerpt":{"rendered":"<p>Irlands Vorhaben, die Bezeichnungen f\u00fcr E-Zigaretten-Aromen auf \u201eTabak\u201c und \u201egeschmacksneutral\u201c zu beschr\u00e4nken, wurde verschoben, nachdem Italien und Griechenland die vorgeschlagenen Regelungen auf EU-Ebene offiziell angefochten hatten. Beide L\u00e4nder reichten \u00fcber das Informationssystem f\u00fcr technische Vorschriften (TRIS) der Europ\u00e4ischen Kommission \u201eausf\u00fchrliche Stellungnahmen\u201c ein,&hellip;<\/p>\n","protected":false},"author":990005,"featured_media":40177,"comment_status":"open","ping_status":"open","sticky":false,"template":"","format":"standard","meta":{"footnotes":""},"categories":[268],"tags":[394,443,376],"slider":[],"class_list":["post-40196","post","type-post","status-publish","format-standard","has-post-thumbnail","hentry","category-news","tag-ireland-de","tag-italy-de","tag-nikotin"],"_links":{"self":[{"href":"https:\/\/clearingtheair.eu\/de\/wp-json\/wp\/v2\/posts\/40196","targetHints":{"allow":["GET"]}}],"collection":[{"href":"https:\/\/clearingtheair.eu\/de\/wp-json\/wp\/v2\/posts"}],"about":[{"href":"https:\/\/clearingtheair.eu\/de\/wp-json\/wp\/v2\/types\/post"}],"author":[{"embeddable":true,"href":"https:\/\/clearingtheair.eu\/de\/wp-json\/wp\/v2\/users\/990005"}],"replies":[{"embeddable":true,"href":"https:\/\/clearingtheair.eu\/de\/wp-json\/wp\/v2\/comments?post=40196"}],"version-history":[{"count":1,"href":"https:\/\/clearingtheair.eu\/de\/wp-json\/wp\/v2\/posts\/40196\/revisions"}],"predecessor-version":[{"id":40199,"href":"https:\/\/clearingtheair.eu\/de\/wp-json\/wp\/v2\/posts\/40196\/revisions\/40199"}],"wp:featuredmedia":[{"embeddable":true,"href":"https:\/\/clearingtheair.eu\/de\/wp-json\/wp\/v2\/media\/40177"}],"wp:attachment":[{"href":"https:\/\/clearingtheair.eu\/de\/wp-json\/wp\/v2\/media?parent=40196"}],"wp:term":[{"taxonomy":"category","embeddable":true,"href":"https:\/\/clearingtheair.eu\/de\/wp-json\/wp\/v2\/categories?post=40196"},{"taxonomy":"post_tag","embeddable":true,"href":"https:\/\/clearingtheair.eu\/de\/wp-json\/wp\/v2\/tags?post=40196"},{"taxonomy":"slider","embeddable":true,"href":"https:\/\/clearingtheair.eu\/de\/wp-json\/wp\/v2\/slider?post=40196"}],"curies":[{"name":"wp","href":"https:\/\/api.w.org\/{rel}","templated":true}]}}