{"id":16062,"date":"2024-10-31T10:01:50","date_gmt":"2024-10-31T10:01:50","guid":{"rendered":"https:\/\/clearingtheair.eu\/mexico-to-ban-vapes-by-the-end-of-the-year\/"},"modified":"2025-01-07T12:12:43","modified_gmt":"2025-01-07T12:12:43","slug":"mexico-to-ban-vapes-by-the-end-of-the-year","status":"publish","type":"post","link":"https:\/\/clearingtheair.eu\/es\/post\/mexico-to-ban-vapes-by-the-end-of-the-year\/","title":{"rendered":"M\u00e9xico prohibir\u00e1 los vapeos antes de fin de a\u00f1o"},"content":{"rendered":"<div class=\"clear-before-content-2\" style=\"margin-top: 20px;margin-bottom: 20px;margin-left: auto;margin-right: auto;text-align: center;\" id=\"clear-189452924\"><img src=\"https:\/\/clearingtheair.eu\/wp-content\/uploads\/2026\/04\/caafc5c68900198b80aee12c11b50184.avif\" alt=\"\"   style=\"display: inline-block;\" \/><\/div><p id=\"\"><strong>M\u00e9xico prohibir\u00e1 los vapeos antes de fin de a\u00f1o, seg\u00fan el presidente del pa\u00eds <\/strong><a href=\"https:\/\/www.theguardian.com\/world\/claudia-sheinbaum\" id=\"\" rel=\"nofollow noopener\" target=\"_blank\"><strong>Claudia Sheinbaum<\/strong><\/a><strong> ha anunciado.<br \/><\/strong><\/p>\n<p id=\"\">La decisi\u00f3n ha despertado el temor de que alimente un mercado negro ya de por s\u00ed pr\u00f3spero, dirigido por poderosas y violentas bandas del crimen organizado.<\/p>\n<p id=\"\">Sheinbaum dijo que su gobierno quiere consagrar la prohibici\u00f3n en la Constituci\u00f3n de M\u00e9xico antes de enero de 2025. En la actualidad, los vapeadores se encuentran en una zona gris desde el punto de vista legal, despu\u00e9s de que la prohibici\u00f3n anterior de su importaci\u00f3n y venta, introducida en mayo de 2020, fuera impugnada con \u00e9xito en los tribunales. <\/p>\n<p id=\"\">La Segunda Sala del Tribunal Supremo declar\u00f3 inconstitucional la prohibici\u00f3n el a\u00f1o pasado, ya que \u00abcontraven\u00eda la libertad de comercio\u00bb.<\/p>\n<p id=\"\">El partido gobernante Morena obtuvo entonces una aplastante victoria en las \u00faltimas elecciones de junio, lo que le dio una supermayor\u00eda en el Congreso. Esto significa que puede reescribir la constituci\u00f3n sin una oposici\u00f3n efectiva.<\/p>\n<p id=\"\"><strong id=\"\">Los c\u00e1rteles controlan el 90 por ciento del mercado de vapeo<\/strong><\/p>\n<p id=\"\">Aproximadamente <a href=\"https:\/\/www.excelsior.com.mx\/nacional\/vapeadores-venta-mercado-negro-17-prohibido-millones-mexicanos-consumen\/1625667\" id=\"\" rel=\"nofollow noopener\" target=\"_blank\">1.7 millones de mexicanos<\/a> utilizan vaporizadores, y el n\u00famero va en aumento, sin se\u00f1ales de que el \u00faltimo intento de prohibirlos haya reducido la demanda.<\/p>\n<p id=\"\">Actualmente hay dos mercados para vapear: uno legal, en el que se importan los vaporizadores m\u00e1s caros para venderlos en tiendas de conveniencia, por ejemplo, y uno ilegal en el que los vaporizadores m\u00e1s baratos se venden de manera m\u00e1s informal, generalmente por vendedores ambulantes.<\/p>\n<p id=\"\">\u00d3scar Balderas, un periodista que ha investigado el tema, estima que este \u00faltimo mercado representa hasta el 90 por ciento de todos los vaporizadores vendidos en M\u00e9xico, y est\u00e1 controlado por el crimen organizado.<\/p>\n<blockquote id=\"\"><p>\u00abEstos vaporizadores los trae el crimen organizado desde China, la India e incluso Bangladesh\u00bb, dijo Balderas a The Guardian. \u00abEs posible que los lleven en barco a Centroam\u00e9rica, entren por la frontera sur y paguen sobornos para llegar a la Ciudad de M\u00e9xico, y luego los distribuyen por todo el pa\u00eds\u00bb.<\/p><\/blockquote>\n<p id=\"\">El Sr. Balderas estima que este mercado negro tiene un valor de cinco mil millones de pesos al a\u00f1o, o aproximadamente 231 mil millones de euros. \u00abY el crimen organizado se est\u00e1 haciendo cargo de todo eso. Es un saco de dinero para ellos\u00bb, dijo.<\/p>\n<p id=\"\">Los grupos delictivos, como el temido c\u00e1rtel de Sinaloa y el c\u00e1rtel de la Nueva Generaci\u00f3n de Jalisco, afirman su control sobre el comercio de vaporizadores al castigar a quienes los venden sin su permiso. Los vapeos ilegales tampoco est\u00e1n regulados en absoluto y, por lo tanto, pueden contener sustancias qu\u00edmicas peligrosas. <\/p>\n<p id=\"\">\u00abEl consumidor no tiene ni idea de lo que est\u00e1 poniendo en su cuerpo\u00bb, dijo Balderas. \u00abSe ha descubierto que algunos de los vaporizadores m\u00e1s baratos que se venden en la calle contienen mercurio\u00bb.<\/p>\n<p id=\"\"><strong id=\"\">M\u00e1s gastos para el sistema de salud p\u00fablica<\/strong><\/p>\n<p id=\"\">El resultado de la falta de regulaci\u00f3n es un mayor gasto para el sistema de salud p\u00fablica. Tiene que pagar cualquier enfermedad asociada a los vapeadores no regulados, ya que los grupos delictivos no pagan impuestos sobre sus ingresos. <\/p>\n<p id=\"\">Si la prohibici\u00f3n del vapeo se concreta al incluirla en la constituci\u00f3n, existe la preocupaci\u00f3n de que estos problemas, que ya son graves, empeoren mucho. <\/p>\n<p id=\"\">Como se ha demostrado en otros pa\u00edses como Australia, las leyes de vapeo no hacen desaparecer el mercado legal, que sigue creciendo. Simplemente pasa a manos del crimen organizado, lo que hace que su poder y su potencial de violencia se disparen. <\/p>\n<blockquote id=\"\"><p>\u00abEl crimen organizado usa este dinero para sobornos, armas, balas, para financiar guerras como la que estamos viendo. <a href=\"https:\/\/www.theguardian.com\/world\/2024\/oct\/21\/el-chapo-sons-plea-deal\" id=\"\" rel=\"nofollow noopener\" target=\"_blank\">en <\/a>Sinaloa<a href=\"https:\/\/www.theguardian.com\/world\/2024\/oct\/21\/el-chapo-sons-plea-deal\" id=\"\" rel=\"nofollow noopener\" target=\"_blank\"> ahora mismo<\/a>\u00bb, dijo el Sr. Balderas.<\/p><\/blockquote>\n<p id=\"\"><strong id=\"\">\u00abProhibir algo no lo hace seguro\u00bb<\/strong><\/p>\n<p id=\"\">La acad\u00e9mica Ang\u00e9lica Ospina, que investiga el uso de drogas y la reducci\u00f3n de da\u00f1os, dijo que, si bien la prohibici\u00f3n tiene como objetivo reducir la cantidad de j\u00f3venes que vapean, tendr\u00e1 consecuencias preocupantes no deseadas. <\/p>\n<p id=\"\">\u00abEn teor\u00eda, el mercado del vapeo est\u00e1 dirigido a los adultos que fuman\u00bb, dijo. \u00abPero tambi\u00e9n existe un marketing estrat\u00e9gico dirigido a los j\u00f3venes: los colores, los dise\u00f1os, los sabores.<\/p>\n<p id=\"\">\u00abSin embargo, la medida para prohibir los vapeos no abordar\u00e1 estas preocupaciones. Prohibir algo no significa que sea seguro. Solo significa que no lo vemos. Lo quita de la vista. Y eso es un problema, porque lo arroja a un lugar oscuro\u00bb.<\/p>\n<p id=\"\">Los defensores del vapeo y los expertos en reducci\u00f3n de da\u00f1os sostienen que una alternativa m\u00e1s eficaz a la prohibici\u00f3n de los vapeos ser\u00eda regularlos de manera similar al tabaco y el alcohol. Estos son supervisados por las agencias de salud, est\u00e1n sujetos a impuestos y es ilegal comprarlos para menores de 18 a\u00f1os. <\/p>\n<blockquote id=\"\"><p>\u00abSomos adultos\u00bb, dijo el Sr. Balderas. \u00abTal vez queramos tomar unos cuantos mezcales [una bebida alcoh\u00f3lica destilada]. Sabemos que no es tan saludable como el agua, pero al menos sabemos que ha sido revisada y que los ingredientes son de alta calidad\u00bb.<\/p><\/blockquote>\n<p id=\"\"><strong id=\"\">La regulaci\u00f3n significar\u00eda un aumento de los ingresos tributarios<\/strong><\/p>\n<p id=\"\">El Sr. Balderas afirma que los impuestos recaudados con este m\u00e9todo podr\u00edan ir directamente al sistema de salud. Tambi\u00e9n significar\u00eda que las empresas legales, que pagan sus impuestos, podr\u00edan entrar en el mercado del vapeo de bajo coste, que actualmente est\u00e1 dominado por el crimen organizado. <\/p>\n<p id=\"\">\u00abPero una vez que el crimen organizado se apodera de un mercado, es muy dif\u00edcil recuperarlo\u00bb, dijo.<\/p>\n<p id=\"\">La Sra. Ospina dijo: \u00abTendemos a pensar en t\u00e9rminos de mercados en blanco y negro: lo legal y lo ilegal. Pero, en realidad, con frecuencia se trata de un mercado gris, pero hay grises m\u00e1s oscuros y m\u00e1s claros. Y la cuesti\u00f3n es c\u00f3mo reducimos los da\u00f1os\u00bb.<\/p>\n<p id=\"\">En marzo, una multitud de vapeadores protest\u00f3 frente al Congreso de la Uni\u00f3n de M\u00e9xico para pedir que se sustituyera la actual prohibici\u00f3n de vapear en el pa\u00eds por una regulaci\u00f3n basada en el riesgo. <\/p>\n<p id=\"\">El diputado Sergio Barrera dijo en su momento: \u00abEs muy lamentable que el gobierno federal pensara que la prohibici\u00f3n impedir\u00eda que muchos j\u00f3venes tengan acceso al vapeo y no brinde a las personas que desean dejar de fumar la oportunidad de usar esta opci\u00f3n. <\/p>\n<p id=\"\">\u00abNecesitamos tener reglas claras. Necesitamos saber qui\u00e9n puede producirlo, qui\u00e9n puede distribuirlo y qui\u00e9n puede consumirlo, y por eso estamos presionando para que se regule\u00bb.<\/p>\n<p id=\"\">El tabaquismo causa m\u00e1s de 40 000 muertes al a\u00f1o en M\u00e9xico, que tiene una tasa de tabaquismo relativamente alta del 11,6 por ciento (15 millones de personas).<\/p>\n<p>\u200d<\/p>\n<div class=\"clear-after-content-2\" style=\"margin-top: 20px;margin-bottom: 20px;margin-left: auto;margin-right: auto;text-align: center;\" id=\"clear-699436875\"><img src=\"https:\/\/clearingtheair.eu\/wp-content\/uploads\/2026\/04\/caafc5c68900198b80aee12c11b50184.avif\" alt=\"\"   style=\"display: inline-block;\" \/><\/div>","protected":false},"excerpt":{"rendered":"<p>La decisi\u00f3n ha despertado el temor de que alimente un mercado negro ya de por s\u00ed pr\u00f3spero, dirigido por poderosas y violentas bandas del crimen organizado.<\/p>\n","protected":false},"author":990002,"featured_media":12714,"comment_status":"open","ping_status":"open","sticky":false,"template":"","format":"standard","meta":{"footnotes":""},"categories":[269],"tags":[],"slider":[],"class_list":["post-16062","post","type-post","status-publish","format-standard","has-post-thumbnail","hentry","category-news"],"_links":{"self":[{"href":"https:\/\/clearingtheair.eu\/es\/wp-json\/wp\/v2\/posts\/16062","targetHints":{"allow":["GET"]}}],"collection":[{"href":"https:\/\/clearingtheair.eu\/es\/wp-json\/wp\/v2\/posts"}],"about":[{"href":"https:\/\/clearingtheair.eu\/es\/wp-json\/wp\/v2\/types\/post"}],"author":[{"embeddable":true,"href":"https:\/\/clearingtheair.eu\/es\/wp-json\/wp\/v2\/users\/990002"}],"replies":[{"embeddable":true,"href":"https:\/\/clearingtheair.eu\/es\/wp-json\/wp\/v2\/comments?post=16062"}],"version-history":[{"count":4,"href":"https:\/\/clearingtheair.eu\/es\/wp-json\/wp\/v2\/posts\/16062\/revisions"}],"predecessor-version":[{"id":19740,"href":"https:\/\/clearingtheair.eu\/es\/wp-json\/wp\/v2\/posts\/16062\/revisions\/19740"}],"wp:featuredmedia":[{"embeddable":true,"href":"https:\/\/clearingtheair.eu\/es\/wp-json\/wp\/v2\/media\/12714"}],"wp:attachment":[{"href":"https:\/\/clearingtheair.eu\/es\/wp-json\/wp\/v2\/media?parent=16062"}],"wp:term":[{"taxonomy":"category","embeddable":true,"href":"https:\/\/clearingtheair.eu\/es\/wp-json\/wp\/v2\/categories?post=16062"},{"taxonomy":"post_tag","embeddable":true,"href":"https:\/\/clearingtheair.eu\/es\/wp-json\/wp\/v2\/tags?post=16062"},{"taxonomy":"slider","embeddable":true,"href":"https:\/\/clearingtheair.eu\/es\/wp-json\/wp\/v2\/slider?post=16062"}],"curies":[{"name":"wp","href":"https:\/\/api.w.org\/{rel}","templated":true}]}}