{"id":16188,"date":"2024-08-28T09:03:49","date_gmt":"2024-08-28T09:03:49","guid":{"rendered":"https:\/\/clearingtheair.eu\/las-tasas-de-tabaquismo-en-suecia-caen-por-debajo-del-seis-por-ciento-segun-muestra-un-nuevo-informe\/"},"modified":"2025-01-07T12:13:12","modified_gmt":"2025-01-07T12:13:12","slug":"las-tasas-de-tabaquismo-en-suecia-caen-por-debajo-del-seis-por-ciento-segun-muestra-un-nuevo-informe","status":"publish","type":"post","link":"https:\/\/clearingtheair.eu\/es\/post\/las-tasas-de-tabaquismo-en-suecia-caen-por-debajo-del-seis-por-ciento-segun-muestra-un-nuevo-informe\/","title":{"rendered":"Las tasas de tabaquismo en Suecia caen por debajo del seis por ciento, seg\u00fan muestra un nuevo informe."},"content":{"rendered":"<div class=\"clear-before-content-2\" style=\"margin-top: 20px;margin-bottom: 20px;margin-left: auto;margin-right: auto;text-align: center;\" id=\"clear-3833838962\"><img src=\"https:\/\/clearingtheair.eu\/wp-content\/uploads\/2026\/04\/caafc5c68900198b80aee12c11b50184.avif\" alt=\"\"   style=\"display: inline-block;\" \/><\/div><p id=\"\">Las tasas de tabaquismo en Suecia han ca\u00eddo dr\u00e1sticamente del 16.5% a menos del 6% en menos de una d\u00e9cada, seg\u00fan revela un nuevo informe. Esta disminuci\u00f3n se atribuye a la amplia disponibilidad de alternativas de nicotina m\u00e1s seguras, como los vapeadores, en el pa\u00eds, seg\u00fan el grupo de defensa del vapeo Smoke Free Sweden.<\/p>\n<p id=\"\"><a href=\"https:\/\/www.folkhalsomyndigheten.se\/the-public-health-agency-of-sweden\/living-conditions-and-lifestyle\/andtg\/tobacco\/use-of-tobacco-and-nicotine-products\/\" rel=\"nofollow noopener\" target=\"_blank\">El informe<\/a> de la agencia de salud p\u00fablica de Suecia muestra que en 2022, solo el 5.8% de la poblaci\u00f3n de entre 16 y 84 a\u00f1os report\u00f3 fumar cigarrillos a diario. Esto est\u00e1 muy por debajo del promedio de la tasa de tabaquismo en la Uni\u00f3n Europea, que es del 23%.<\/p>\n<p id=\"\">Siguiendo esta tendencia, los datos indican que Suecia ha ca\u00eddo por debajo de la tasa oficial de \u00ablibre de humo\u00bb establecida por la Organizaci\u00f3n Mundial de la Salud, que es del 5%.<\/p>\n<h3 id=\"\">Tabaquismo diario en mujeres y hombres, 16-84 a\u00f1os, durante el per\u00edodo 2004-2022 (porcentaje)<\/h3>\n<p id=\"\">Estos datos subrayan el \u00e9xito de Suecia en la reducci\u00f3n del tabaquismo mediante la promoci\u00f3n de alternativas de nicotina m\u00e1s seguras, lo que podr\u00eda servir como modelo para otros pa\u00edses que buscan reducir sus propias tasas de tabaquismo.<\/p>\n<p id=\"\">\u200d<\/p>\n<p id=\"\">\u200d<\/p>\n<figure id=\"\" class=\"w-richtext-figure-type-image w-richtext-align-center\" data-rt-type=\"image\" data-rt-align=\"center\">\n<div id=\"\"><img decoding=\"async\" src=\"https:\/\/clearingtheair.eu\/wp-content\/uploads\/2025\/01\/66cee7c7fa571f5d95e19511_AD_4nXdGmcCFkss_B5EfL5Zf7BN9tH1PMRf3L9VrpmfQDFB6Fd6WefqguzRu33Vilq_TzsceJKboNpmVgfoHRrv8HVGT0x0zGjW16sQ7r6kOIqIXWFgZCEwBT9VpWe9GyVeY-h2rJdzV_Pi7Vh1uWjSswuhnj04-2.png\" width=\"auto\" height=\"auto\" alt=\"\" loading=\"auto\" id=\"\"><\/div>\n<\/figure>\n<p id=\"\">\u200d<\/p>\n<p id=\"\">En 2022, la proporci\u00f3n m\u00e1s baja de fumadores diarios, un 4%, se observ\u00f3 en los grupos de edad m\u00e1s j\u00f3venes, de 16 a 29 a\u00f1os y de 30 a 44 a\u00f1os. Las proporciones de fumadores diarios fueron del 7% y 8% en los grupos de edad de 45 a 64 a\u00f1os y de 65 a 84 a\u00f1os, respectivamente.<\/p>\n<h3 id=\"\">La disminuci\u00f3n del tabaquismo corresponde con el aumento del vapeo<\/h3>\n<p id=\"\">La mayor disminuci\u00f3n del tabaquismo observada en las generaciones m\u00e1s j\u00f3venes corresponde a un aumento en el uso de vapeadores en estos grupos de edad. El informe indica: \u00abHay un claro aumento en el uso de cigarrillos electr\u00f3nicos en el grupo de edad m\u00e1s joven y especialmente entre las mujeres desde el a\u00f1o 2020\u00bb.<\/p>\n<p id=\"\">El uso de vapeadores se incluy\u00f3 en el cuestionario por primera vez en 2018. En 2022, aproximadamente el 2% de la poblaci\u00f3n de entre 16 y 84 a\u00f1os report\u00f3 vapear, y una cuarta parte de ellos dijo que usaba vapeadores a diario.<\/p>\n<p id=\"\">La proporci\u00f3n de uso de vapeadores, tanto a diario como ocasionalmente, fue m\u00e1s alta en el grupo de edad m\u00e1s joven (8% entre las mujeres y 5% entre los hombres). Fue m\u00e1s baja en el grupo de edad m\u00e1s avanzada (0.5% entre las mujeres y 0.7% entre los hombres).<\/p>\n<h3 id=\"\">Uso diario u ocasional de vapeadores en mujeres y hombres y por diferentes grupos de edad (porcentaje).<\/h3>\n<p id=\"\">Estos datos resaltan la correlaci\u00f3n entre la disminuci\u00f3n del tabaquismo y el aumento del uso de vapeadores, especialmente entre los j\u00f3venes, lo que refleja un cambio en las tendencias de consumo de nicotina en Suecia.<\/p>\n<p id=\"\">\u200d<\/p>\n<p id=\"\">\u200d<\/p>\n<figure id=\"\" class=\"w-richtext-figure-type-image w-richtext-align-center\" data-rt-type=\"image\" data-rt-align=\"center\">\n<div id=\"\"><img decoding=\"async\" src=\"https:\/\/clearingtheair.eu\/wp-content\/uploads\/2025\/01\/66cee7c70e12a50ca78bb55e_AD_4nXd-c9Gg0lmPbxo8iUVdc22h6MF7uWXOkff7G4ilcXcZc8HUs9QGBuwhLFUaJjVH9HTqWgrsXNFCR9Wgao-KVwAnE9r-g3pQhPGG0KmOK2-j2FtrTgqFa1N8LV0iYiu0yLg65HWKhhqO0-bWqHfMZPG-mw-2.png\" width=\"auto\" height=\"auto\" alt=\"\" loading=\"auto\" id=\"\"><\/div>\n<\/figure>\n<p id=\"\">\u200d<\/p>\n<p id=\"\">El uso de snus, un producto de tabaco sin humo que se coloca habitualmente detr\u00e1s del labio superior, tambi\u00e9n ha aumentado significativamente entre los j\u00f3venes de 16 a 29 a\u00f1os, pasando del 3% en 2018 al 12% en 2022.<\/p>\n<p id=\"\">En junio de 2024, el Parlamento sueco acord\u00f3 reducir el impuesto sobre el snus en un 20%. Esta medida se tom\u00f3 en conjunto con un aumento del 9% en el impuesto sobre los productos de tabaco tradicionales.<\/p>\n<p id=\"\">Las bolsas de nicotina tambi\u00e9n se han vuelto cada vez m\u00e1s populares, especialmente entre los grupos de edad m\u00e1s j\u00f3venes. Entre las personas de 16 a 29 a\u00f1os, aproximadamente el 18% de las mujeres y el 12% de los hombres utilizaron bolsas de nicotina a diario o de manera ocasional en 2022 (la primera vez que se registraron estas cifras).<\/p>\n<p id=\"\">Estas cifras siguen a un informe hist\u00f3rico de Smoke Free Sweden publicado en mayo de 2024, que demuestra que el uso de nicotina no conduce a enfermedades relacionadas con el tabaco. Suecia reporta una incidencia de c\u00e1ncer de pulm\u00f3n un 41% menor y menos muertes relacionadas con el tabaco en comparaci\u00f3n con otros pa\u00edses europeos.<\/p>\n<p>\u200d<\/p>\n<div class=\"clear-after-content-2\" style=\"margin-top: 20px;margin-bottom: 20px;margin-left: auto;margin-right: auto;text-align: center;\" id=\"clear-3092113906\"><img src=\"https:\/\/clearingtheair.eu\/wp-content\/uploads\/2026\/04\/caafc5c68900198b80aee12c11b50184.avif\" alt=\"\"   style=\"display: inline-block;\" \/><\/div>","protected":false},"excerpt":{"rendered":"<p>Las tasas de tabaquismo en Suecia han ca\u00eddo dr\u00e1sticamente del 16.5% a menos del 6% en menos de una d\u00e9cada, seg\u00fan revela un nuevo informe.<\/p>\n","protected":false},"author":1,"featured_media":13348,"comment_status":"open","ping_status":"open","sticky":false,"template":"","format":"standard","meta":{"footnotes":""},"categories":[269],"tags":[],"slider":[],"class_list":["post-16188","post","type-post","status-publish","format-standard","has-post-thumbnail","hentry","category-news"],"_links":{"self":[{"href":"https:\/\/clearingtheair.eu\/es\/wp-json\/wp\/v2\/posts\/16188","targetHints":{"allow":["GET"]}}],"collection":[{"href":"https:\/\/clearingtheair.eu\/es\/wp-json\/wp\/v2\/posts"}],"about":[{"href":"https:\/\/clearingtheair.eu\/es\/wp-json\/wp\/v2\/types\/post"}],"author":[{"embeddable":true,"href":"https:\/\/clearingtheair.eu\/es\/wp-json\/wp\/v2\/users\/1"}],"replies":[{"embeddable":true,"href":"https:\/\/clearingtheair.eu\/es\/wp-json\/wp\/v2\/comments?post=16188"}],"version-history":[{"count":4,"href":"https:\/\/clearingtheair.eu\/es\/wp-json\/wp\/v2\/posts\/16188\/revisions"}],"predecessor-version":[{"id":19825,"href":"https:\/\/clearingtheair.eu\/es\/wp-json\/wp\/v2\/posts\/16188\/revisions\/19825"}],"wp:featuredmedia":[{"embeddable":true,"href":"https:\/\/clearingtheair.eu\/es\/wp-json\/wp\/v2\/media\/13348"}],"wp:attachment":[{"href":"https:\/\/clearingtheair.eu\/es\/wp-json\/wp\/v2\/media?parent=16188"}],"wp:term":[{"taxonomy":"category","embeddable":true,"href":"https:\/\/clearingtheair.eu\/es\/wp-json\/wp\/v2\/categories?post=16188"},{"taxonomy":"post_tag","embeddable":true,"href":"https:\/\/clearingtheair.eu\/es\/wp-json\/wp\/v2\/tags?post=16188"},{"taxonomy":"slider","embeddable":true,"href":"https:\/\/clearingtheair.eu\/es\/wp-json\/wp\/v2\/slider?post=16188"}],"curies":[{"name":"wp","href":"https:\/\/api.w.org\/{rel}","templated":true}]}}