{"id":23922,"date":"2025-04-16T13:26:25","date_gmt":"2025-04-16T13:26:25","guid":{"rendered":"https:\/\/clearingtheair.eu\/post\/fumar-y-no-la-nicotina-es-la-causa-principal-del-cancer-afirma-un-destacado-oncologo-frances\/"},"modified":"2025-04-16T13:26:44","modified_gmt":"2025-04-16T13:26:44","slug":"fumar-y-no-la-nicotina-es-la-causa-principal-del-cancer-afirma-un-destacado-oncologo-frances","status":"publish","type":"post","link":"https:\/\/clearingtheair.eu\/es\/post\/fumar-y-no-la-nicotina-es-la-causa-principal-del-cancer-afirma-un-destacado-oncologo-frances\/","title":{"rendered":"Fumar, y no la nicotina, es la causa principal del c\u00e1ncer, afirma un destacado onc\u00f3logo franc\u00e9s"},"content":{"rendered":"<div class=\"clear-before-content-2\" style=\"margin-top: 20px;margin-bottom: 20px;margin-left: auto;margin-right: auto;text-align: center;\" id=\"clear-2249554062\"><img src=\"https:\/\/clearingtheair.eu\/wp-content\/uploads\/2026\/04\/caafc5c68900198b80aee12c11b50184.avif\" alt=\"\"   style=\"display: inline-block;\" \/><\/div>\n<p><strong>Las alternativas a la nicotina, como los vapes, no provocan c\u00e1ncer, ha afirmado un destacado onc\u00f3logo franc\u00e9s.  <\/strong><\/p>\n\n<p>El Dr. David Khayat dijo que la nicotina en s\u00ed no causa c\u00e1ncer, ya que los carcin\u00f3genos proceden de la combusti\u00f3n del tabaco. La combusti\u00f3n que se produce en los cigarrillos convencionales produce miles de sustancias, y un porcentaje de ellas son cancer\u00edgenas. <\/p>\n\n<h3 class=\"wp-block-heading\"><strong>Los vapes reducen en gran medida las sustancias nocivas<\/strong><\/h3>\n\n<p>A\u00f1adi\u00f3 que los productos de tabaco calentado y los vapes suministran nicotina con sustancias nocivas significativamente reducidas en comparaci\u00f3n con los cigarrillos tradicionales, por lo que deber\u00edan utilizarse m\u00e1s ampliamente como forma de ayudar a los fumadores a dejar de fumar.  <\/p>\n\n<blockquote class=\"wp-block-quote is-layout-flow wp-block-quote-is-layout-flow\">\n<p>\u00abSi miramos de cerca las estad\u00edsticas, descubriremos que en los pr\u00f3ximos a\u00f1os tendremos 60 millones de muertes en todo el mundo por c\u00e1ncer de pulm\u00f3n. Hagamos algo para evitarlo\u00bb, declar\u00f3 el Dr. Khayat al peri\u00f3dico chipriota Philelefthero.<\/p>\n<\/blockquote>\n\n<p>El Dr. Khayat es Jefe del Departamento de Oncolog\u00eda M\u00e9dica del Hospital Piti\u00e9-Salp\u00eatri\u00e8re de Par\u00eds (Francia). Es un destacado investigador en oncolog\u00eda y farmacolog\u00eda cl\u00ednica, con al menos 500 publicaciones revisadas por expertos. Tambi\u00e9n fue Presidente del Instituto Nacional Franc\u00e9s del C\u00e1ncer de 2004 a 2006.  <\/p>\n\n<p>El experto tambi\u00e9n critic\u00f3 la postura de la Organizaci\u00f3n Mundial de la Salud (OMS) contra la reducci\u00f3n de da\u00f1os. Afirm\u00f3 que la reducci\u00f3n de da\u00f1os reconoce que es dif\u00edcil eliminar los comportamientos de riesgo y pretende mitigar sus efectos. <\/p>\n\n<h3 class=\"wp-block-heading\"><strong>La mayor\u00eda de los fumadores con c\u00e1ncer no dejan de fumar<\/strong><\/h3>\n\n<p>M\u00e1s del 64% de los fumadores que desarrollan un c\u00e1ncer <a href=\"https:\/\/www.fredhutch.org\/en\/news\/center-news\/2017\/11\/smoking-with-cancer.html\" rel=\"nofollow noopener\" target=\"_blank\">no dejan de fumar tras el diagn\u00f3stico.<\/a><\/p>\n\n<p>Dijo el Dr. Khayat: \u00abPor eso lo que hago y recomiendo ahora a quienes no dejan de fumar es intentar reducir el da\u00f1o que causa. Esto podr\u00eda lograrse mediante productos alternativos para fumar\u00bb.<\/p>\n\n<p>El Dr. Khayat cit\u00f3 el potencial de los productos alternativos de nicotina para ayudar a los fumadores a dejar los cigarrillos, y pidi\u00f3 marcos normativos que equilibren el acceso de los fumadores con la prevenci\u00f3n del consumo entre los j\u00f3venes.<\/p>\n\n<h3 class=\"wp-block-heading\"><strong>Cuantos menos carcin\u00f3genos, mejor<\/strong><\/h3>\n\n<blockquote class=\"wp-block-quote is-layout-flow wp-block-quote-is-layout-flow\">\n<p>\u00abEl objetivo sigue siendo dejar de fumar. Pero como siempre habr\u00e1 quien no deje de fumar, debemos incluir la reducci\u00f3n de da\u00f1os en nuestros esfuerzos. Cuantos menos carcin\u00f3genos entren en el cuerpo humano, menor ser\u00e1 el da\u00f1o\u00bb, afirm\u00f3.<\/p>\n<\/blockquote>\n\n<p>Dijo que si todos los fumadores que no dejan de fumar se dan cuenta de que hay mejores opciones alternativas que los cigarrillos, y m\u00e1s gente hace el cambio, \u00abentonces veremos gradualmente los efectos en la salud p\u00fablica\u00bb.<\/p>\n\n<p>Anton Israel, presidente de la Uni\u00f3n de Consumidores de Nicotina de Filipinas, acogi\u00f3 con satisfacci\u00f3n las ideas del experto m\u00e9dico.<\/p>\n\n<p>\u00abHemos conseguido nuevas tecnolog\u00edas sin humo que eliminan el da\u00f1o del consumo de nicotina\u00bb, ha dicho. \u00abProductos como los cigarrillos electr\u00f3nicos, el tabaco calentado y las bolsitas de nicotina reducen sustancialmente la exposici\u00f3n de los consumidores a los carcin\u00f3genos\u00bb. <\/p>\n\n<p>Los comentarios del Dr. Khayat se producen despu\u00e9s de que un destacado cardi\u00f3logo dijera en una convenci\u00f3n de m\u00e9dicos que <a href=\"https:\/\/clearingtheair.eu\/en\/post\/nicotine-does-not-cause-cancer-or-heart-disease-top-cardiologist-tells-doctors\/\">la nicotina no es cancer\u00edgena y no provoca enfermedades cardiacas<\/a>.  <\/p>\n\n<p>El profesor Reuven Zimlichman, director del Instituto para la Calidad de la Medicina de la Asociaci\u00f3n M\u00e9dica Israel\u00ed, explic\u00f3 que la nicotina es adictiva pero no da\u00f1a el organismo como el tabaco.  <\/p>\n\n<p>El tabaquismo causa ocho millones de muertes al a\u00f1o en todo el mundo, mientras que el vaping no es mortal ni est\u00e1 vinculado a ninguna enfermedad relacionada con el tabaquismo. Zimlichman dijo que los fumadores deber\u00edan plantearse pasarse a los vapes u otras alternativas nicot\u00ednicas m\u00e1s seguras si les resulta dif\u00edcil dejar los cigarrillos sin ayuda. <\/p>\n\n<p>Se espera que la reducci\u00f3n de da\u00f1os del tabaco sea un tema clave en la pr\u00f3xima Conferencia de las Partes del Convenio Marco de la OMS para el Control del Tabaco (COP 11), que se celebrar\u00e1 en Ginebra en noviembre.<\/p>\n<div class=\"clear-after-content-2\" style=\"margin-top: 20px;margin-bottom: 20px;margin-left: auto;margin-right: auto;text-align: center;\" id=\"clear-2764710957\"><img src=\"https:\/\/clearingtheair.eu\/wp-content\/uploads\/2026\/04\/caafc5c68900198b80aee12c11b50184.avif\" alt=\"\"   style=\"display: inline-block;\" \/><\/div>","protected":false},"excerpt":{"rendered":"<p>Las alternativas a la nicotina, como los vapes, no provocan c\u00e1ncer, ha afirmado un destacado onc\u00f3logo franc\u00e9s. El Dr. David Khayat dijo que la nicotina en s\u00ed no causa c\u00e1ncer, ya que los carcin\u00f3genos proceden de la combusti\u00f3n del tabaco. La combusti\u00f3n&hellip;<\/p>\n","protected":false},"author":990002,"featured_media":23917,"comment_status":"open","ping_status":"open","sticky":false,"template":"","format":"standard","meta":{"footnotes":""},"categories":[269,251],"tags":[388,372],"slider":[],"class_list":["post-23922","post","type-post","status-publish","format-standard","has-post-thumbnail","hentry","category-news","category-thr-2","tag-nicotina-es","tag-nicotina"],"_links":{"self":[{"href":"https:\/\/clearingtheair.eu\/es\/wp-json\/wp\/v2\/posts\/23922","targetHints":{"allow":["GET"]}}],"collection":[{"href":"https:\/\/clearingtheair.eu\/es\/wp-json\/wp\/v2\/posts"}],"about":[{"href":"https:\/\/clearingtheair.eu\/es\/wp-json\/wp\/v2\/types\/post"}],"author":[{"embeddable":true,"href":"https:\/\/clearingtheair.eu\/es\/wp-json\/wp\/v2\/users\/990002"}],"replies":[{"embeddable":true,"href":"https:\/\/clearingtheair.eu\/es\/wp-json\/wp\/v2\/comments?post=23922"}],"version-history":[{"count":1,"href":"https:\/\/clearingtheair.eu\/es\/wp-json\/wp\/v2\/posts\/23922\/revisions"}],"predecessor-version":[{"id":23928,"href":"https:\/\/clearingtheair.eu\/es\/wp-json\/wp\/v2\/posts\/23922\/revisions\/23928"}],"wp:featuredmedia":[{"embeddable":true,"href":"https:\/\/clearingtheair.eu\/es\/wp-json\/wp\/v2\/media\/23917"}],"wp:attachment":[{"href":"https:\/\/clearingtheair.eu\/es\/wp-json\/wp\/v2\/media?parent=23922"}],"wp:term":[{"taxonomy":"category","embeddable":true,"href":"https:\/\/clearingtheair.eu\/es\/wp-json\/wp\/v2\/categories?post=23922"},{"taxonomy":"post_tag","embeddable":true,"href":"https:\/\/clearingtheair.eu\/es\/wp-json\/wp\/v2\/tags?post=23922"},{"taxonomy":"slider","embeddable":true,"href":"https:\/\/clearingtheair.eu\/es\/wp-json\/wp\/v2\/slider?post=23922"}],"curies":[{"name":"wp","href":"https:\/\/api.w.org\/{rel}","templated":true}]}}