{"id":23996,"date":"2025-04-24T09:40:13","date_gmt":"2025-04-24T09:40:13","guid":{"rendered":"https:\/\/clearingtheair.eu\/post\/grecia-prohibira-los-sabores-de-vape-excepto-el-tabaco-y-el-mentol\/"},"modified":"2025-04-24T09:40:30","modified_gmt":"2025-04-24T09:40:30","slug":"grecia-prohibira-los-sabores-de-vape-excepto-el-tabaco-y-el-mentol","status":"publish","type":"post","link":"https:\/\/clearingtheair.eu\/es\/post\/grecia-prohibira-los-sabores-de-vape-excepto-el-tabaco-y-el-mentol\/","title":{"rendered":"Grecia prohibir\u00e1 los sabores de vape excepto el tabaco y el mentol"},"content":{"rendered":"<div class=\"clear-before-content-2\" style=\"margin-top: 20px;margin-bottom: 20px;margin-left: auto;margin-right: auto;text-align: center;\" id=\"clear-1235220401\"><img src=\"https:\/\/clearingtheair.eu\/wp-content\/uploads\/2026\/04\/caafc5c68900198b80aee12c11b50184.avif\" alt=\"\"   style=\"display: inline-block;\" \/><\/div>\n<p><strong>El gobierno griego ha redactado un nuevo proyecto de ley que prohibir\u00e1 todos los vaporizadores de sabores, excepto los de tabaco y mentol.  <\/strong><\/p>\n\n<p>La legislaci\u00f3n, anunciada por el ministro de Sanidad, Adonis Georgiadis, se presentar\u00e1 al Parlamento el mes que viene.<\/p>\n\n<p>Se <a href=\"https:\/\/www.mononews.gr\/business\/pharma-health\/apofasi-stathmos-apo-adoni-georgiadi-telos-stis-gefseis-ton-ilektronikon-tsigaron\" rel=\"nofollow noopener\" target=\"_blank\">dice que Georgiadis dijo<\/a>: \u00abEstos sabores hacen que los cigarrillos electr\u00f3nicos sean atractivos para ni\u00f1os y adolescentes, y debemos protegerlos\u00bb.<\/p>\n\n<p>Se dice que el proyecto de ley tambi\u00e9n incluye la prohibici\u00f3n de la venta no farmac\u00e9utica de cannabis y penas estrictas para quienes vendan alcohol y tabaco o productos de vapeo a menores.  <\/p>\n\n<p>Las organizaciones de consumidores y los defensores del vapeo de Grecia y de toda Europa han advertido de que la prohibici\u00f3n de los sabores puede hacer retroceder los avances logrados con tanto esfuerzo por el pa\u00eds en la reducci\u00f3n de las tasas de tabaquismo.<\/p>\n\n<p>Desde 2019, cuando Grecia adopt\u00f3 oficialmente la reducci\u00f3n de da\u00f1os como parte de su pol\u00edtica de control del tabaco, el pa\u00eds ha invertido su tasa de tabaquismo, que anteriormente estaba creciendo. Esto ha contrastado fuertemente con el <a href=\"https:\/\/clearingtheair.eu\/en\/post\/smoking-rates-flatline-in-eu-countries-not-promoting-nicotine-alternatives\/\">estancamiento<\/a> observado en gran parte de la Uni\u00f3n Europea. <\/p>\n\n<h3 class=\"wp-block-heading\"><strong>Un \u00abenorme paso atr\u00e1s<\/strong><\/h3>\n\n<p>Michael Landl, Director de la Alianza Mundial de Vapers, ha declarado: \u00abUna prohibici\u00f3n de los sabores ser\u00eda un enorme paso atr\u00e1s para la salud p\u00fablica y la reducci\u00f3n de da\u00f1os. Al apoyar una prohibici\u00f3n de los sabores, los responsables pol\u00edticos empujar\u00edan a millones de adultos a volver a fumar o al mercado negro, poniendo en peligro vidas e ignorando las pruebas cient\u00edficas. <\/p>\n\n<blockquote class=\"wp-block-quote is-layout-flow wp-block-quote-is-layout-flow\">\n<p>\u00abLa investigaci\u00f3n cient\u00edfica demuestra sistem\u00e1ticamente que los sabores desempe\u00f1an un papel crucial para ayudar a los fumadores a dejar de fumar. El respaldo a la prohibici\u00f3n de los sabores ignora esos hallazgos y la clara voluntad de la gente. Esto causar\u00e1 m\u00e1s da\u00f1os que beneficios\u00bb.<\/p>\n<\/blockquote>\n\n<h3 class=\"wp-block-heading\"><strong>Castiga a cientos de miles de ex fumadores<\/strong><\/h3>\n\n<p>Nikolas Christofidis, de la Alianza Griega de Vapers, a\u00f1adi\u00f3: \u00abProhibir los sabores en los cigarrillos electr\u00f3nicos es una decisi\u00f3n superficial y peligrosa. No se dirige a la causa real del consumo por menores, pero castiga a cientos de miles de ex fumadores adultos que han conseguido dejar de fumar gracias a los sabores.   <\/p>\n\n<blockquote class=\"wp-block-quote is-layout-flow wp-block-quote-is-layout-flow\">\n<p>\u00abEn lugar de impulsar la reducci\u00f3n de da\u00f1os, los empujan de nuevo a los cigarrillos o al mercado il\u00edcito. Pedimos al Ministerio de Sanidad que reconsidere inmediatamente este planteamiento y escuche la voz de los consumidores.\u00bb<\/p>\n<\/blockquote>\n\n<p>Los grupos de defensa han instado al Ministerio de Sanidad de Grecia a que colabore con los consumidores, los expertos y la comunidad cient\u00edfica para elaborar una normativa que proteja a los j\u00f3venes sin sacrificar la salud y la libertad de los ex fumadores adultos.  <\/p>\n\n<p>\u00abLas pol\u00edticas basadas en pruebas, y no la prohibici\u00f3n, son el camino a seguir para la salud p\u00fablica\u00bb, afirmaron en una declaraci\u00f3n conjunta.  <\/p>\n\n<h3 class=\"wp-block-heading\"><strong>Los estudios concluyen que las prohibiciones de sabores son ineficaces<\/strong><\/h3>\n\n<p>La medida de Grecia llega despu\u00e9s de que <a href=\"https:\/\/clearingtheair.eu\/en\/post\/u-s-tobacco-and-flavour-bans-have-made-no-impact-on-youth-smoking-or-vaping-expert-study-shows\/\">un estudio reciente<\/a> en EE.UU. descubriera que las prohibiciones del tabaco y los aromas no han tenido ning\u00fan impacto en el n\u00famero de j\u00f3venes que fuman o vaporizan.<\/p>\n\n<p><a href=\"https:\/\/pubmed.ncbi.nlm.nih.gov\/40073279\/\" rel=\"nofollow noopener\" target=\"_blank\">El informe<\/a>, publicado en la revista American Journal of Drug and Alcohol Abuse, analizaba c\u00f3mo las leyes Tobacco 21 (T21), que proh\u00edben la venta de cigarrillos a menores de 21 a\u00f1os, y las restricciones a los vapeadores de sabores han afectado a las tasas de tabaquismo y vapeo entre los j\u00f3venes.<\/p>\n\n<p>Dec\u00eda: \u00abEvaluando cohortes de estudiantes de secundaria hasta 2021, durante una \u00e9poca de cambios pol\u00edticos estatales y federales y de pandemia de COVID-19, no encontramos pruebas de asociaciones entre las restricciones estatales al tabaco [y] a los sabores y la probabilidad o el nivel de consumo de cigarrillos, puros o ENDS\u00bb.<\/p>\n\n<p><a href=\"https:\/\/clearingtheair.eu\/en\/post\/restricting-vape-flavours-cuts-vaping-but-increases-smoking-for-young-adults-study-finds\/\">Otro estudio estadounidense<\/a> descubri\u00f3 que restringir los sabores reduce el vapeo pero provoca un aumento del tabaquismo entre los adultos j\u00f3venes.<\/p>\n\n<p><a href=\"https:\/\/jamanetwork.com\/journals\/jama-health-forum\/fullarticle\/2828404\" rel=\"nofollow noopener\" target=\"_blank\">La investigaci\u00f3n<\/a>, publicada en la revista Journal of American Medical Association (JAMA), estudi\u00f3 los datos de casi 400.000 estadounidenses de entre 18 y 29 a\u00f1os.  <\/p>\n\n<p>Se descubri\u00f3 que las restricciones estatales a la venta de vaporizadores de sabores se asocian a un descenso del 3,6% en el consumo de vaporizadores, pero a un aumento del 2,2% en el consumo de tabaco, mucho m\u00e1s perjudicial.<\/p>\n<div class=\"clear-after-content-2\" style=\"margin-top: 20px;margin-bottom: 20px;margin-left: auto;margin-right: auto;text-align: center;\" id=\"clear-1448496096\"><img src=\"https:\/\/clearingtheair.eu\/wp-content\/uploads\/2026\/04\/caafc5c68900198b80aee12c11b50184.avif\" alt=\"\"   style=\"display: inline-block;\" \/><\/div>","protected":false},"excerpt":{"rendered":"<p>El gobierno griego ha redactado un nuevo proyecto de ley que prohibir\u00e1 todos los vaporizadores de sabores, excepto los de tabaco y mentol. La legislaci\u00f3n, anunciada por el ministro de Sanidad, Adonis Georgiadis, se presentar\u00e1 al Parlamento el mes que viene. Se&hellip;<\/p>\n","protected":false},"author":990002,"featured_media":23991,"comment_status":"open","ping_status":"open","sticky":false,"template":"","format":"standard","meta":{"footnotes":""},"categories":[266,269],"tags":[],"slider":[],"class_list":["post-23996","post","type-post","status-publish","format-standard","has-post-thumbnail","hentry","category-legislation","category-news"],"_links":{"self":[{"href":"https:\/\/clearingtheair.eu\/es\/wp-json\/wp\/v2\/posts\/23996","targetHints":{"allow":["GET"]}}],"collection":[{"href":"https:\/\/clearingtheair.eu\/es\/wp-json\/wp\/v2\/posts"}],"about":[{"href":"https:\/\/clearingtheair.eu\/es\/wp-json\/wp\/v2\/types\/post"}],"author":[{"embeddable":true,"href":"https:\/\/clearingtheair.eu\/es\/wp-json\/wp\/v2\/users\/990002"}],"replies":[{"embeddable":true,"href":"https:\/\/clearingtheair.eu\/es\/wp-json\/wp\/v2\/comments?post=23996"}],"version-history":[{"count":1,"href":"https:\/\/clearingtheair.eu\/es\/wp-json\/wp\/v2\/posts\/23996\/revisions"}],"predecessor-version":[{"id":24000,"href":"https:\/\/clearingtheair.eu\/es\/wp-json\/wp\/v2\/posts\/23996\/revisions\/24000"}],"wp:featuredmedia":[{"embeddable":true,"href":"https:\/\/clearingtheair.eu\/es\/wp-json\/wp\/v2\/media\/23991"}],"wp:attachment":[{"href":"https:\/\/clearingtheair.eu\/es\/wp-json\/wp\/v2\/media?parent=23996"}],"wp:term":[{"taxonomy":"category","embeddable":true,"href":"https:\/\/clearingtheair.eu\/es\/wp-json\/wp\/v2\/categories?post=23996"},{"taxonomy":"post_tag","embeddable":true,"href":"https:\/\/clearingtheair.eu\/es\/wp-json\/wp\/v2\/tags?post=23996"},{"taxonomy":"slider","embeddable":true,"href":"https:\/\/clearingtheair.eu\/es\/wp-json\/wp\/v2\/slider?post=23996"}],"curies":[{"name":"wp","href":"https:\/\/api.w.org\/{rel}","templated":true}]}}