{"id":24702,"date":"2025-06-04T10:18:12","date_gmt":"2025-06-04T10:18:12","guid":{"rendered":"https:\/\/clearingtheair.eu\/post\/suecia-impugna-la-propuesta-francesa-de-prohibicion-de-las-bolsas-de-nicotina\/"},"modified":"2025-06-04T10:18:30","modified_gmt":"2025-06-04T10:18:30","slug":"suecia-impugna-la-propuesta-francesa-de-prohibicion-de-las-bolsas-de-nicotina","status":"publish","type":"post","link":"https:\/\/clearingtheair.eu\/es\/post\/suecia-impugna-la-propuesta-francesa-de-prohibicion-de-las-bolsas-de-nicotina\/","title":{"rendered":"Suecia impugna la propuesta francesa de prohibici\u00f3n de las bolsas de nicotina"},"content":{"rendered":"<div class=\"clear-before-content-2\" style=\"margin-top: 20px;margin-bottom: 20px;margin-left: auto;margin-right: auto;text-align: center;\" id=\"clear-741755301\"><a data-no-instant=\"1\" href=\"https:\/\/www.broughton-group.com\/nicotine?utm_campaign=43296353-Clearing%20the%20Air%20PPC%20Campaign%20-%202026&#038;utm_source=ppc&#038;utm_medium=Paid%20Ads\" rel=\"noopener\" class=\"a2t-link\" aria-label=\"728 x 90 (2)\"><img src=\"https:\/\/clearingtheair.eu\/wp-content\/uploads\/2026\/04\/728-x-90-2.png\" alt=\"\"  srcset=\"https:\/\/clearingtheair.eu\/wp-content\/uploads\/2026\/04\/728-x-90-2.png 728w, https:\/\/clearingtheair.eu\/wp-content\/uploads\/2026\/04\/728-x-90-2-300x37.png 300w, https:\/\/clearingtheair.eu\/wp-content\/uploads\/2026\/04\/728-x-90-2-370x46.png 370w, https:\/\/clearingtheair.eu\/wp-content\/uploads\/2026\/04\/728-x-90-2-600x74.png 600w\" sizes=\"(max-width: 728px) 100vw, 728px\" width=\"728\" height=\"90\"  style=\"display: inline-block;\" \/><\/a><\/div>\n<p class=\"wp-block-paragraph\"><strong>El gobierno sueco se ha opuesto formalmente a la prohibici\u00f3n de las bolsitas de nicotina propuesta por Francia.  <\/strong><\/p>\n\n<p class=\"wp-block-paragraph\">Tras un <a href=\"https:\/\/clearingtheair.eu\/en\/post\/the-fightback-begins-sweden-seeks-to-block-spanish-pouch-ban\/\">recurso similar<\/a> a principios de este a\u00f1o contra la legislaci\u00f3n espa\u00f1ola que restring\u00eda las bolsitas de nicotina, Suecia ha presentado un \u201cDictamen razonado\u201d a la Uni\u00f3n Europea (UE) impugnando el proyecto de decreto franc\u00e9s.  <\/p>\n\n<p class=\"wp-block-paragraph\">La <a href=\"https:\/\/clearingtheair.eu\/en\/post\/five-years-pouch-users-in-france-could-face-jail-time-under-new-law\/\">prohibici\u00f3n francesa propuesta<\/a> prohibir\u00eda las bolsitas de nicotina y otros productos de nicotina oral, con excepciones \u00fanicamente para la nicotina medicinal y el tabaco de mascar.<\/p>\n\n<p class=\"wp-block-paragraph\">Seg\u00fan la nueva ley, que entrar\u00eda en vigor a finales de este a\u00f1o, quien sea sorprendido con estos productos podr\u00eda enfrentarse a una pena de c\u00e1rcel de cinco a\u00f1os. Se considerar\u00edan \u201csustancias venenosas\u201d seg\u00fan el C\u00f3digo de Salud P\u00fablica franc\u00e9s debido a su alto contenido en nicotina.   <\/p>\n\n<p class=\"wp-block-paragraph\">Los tribunales franceses tambi\u00e9n tendr\u00e1n potestad para imponer multas de hasta 375.000 euros a quien sea sorprendido con bolsas de nicotina, aunque sea para consumo propio. Mientras tanto, la multa m\u00e1xima por consumir estupefacientes como coca\u00edna y hero\u00edna es de s\u00f3lo 3.750 euros.   <\/p>\n\n<h3 class=\"wp-block-heading\"><strong>El \u00e9xito de Suecia<\/strong><\/h3>\n\n<p class=\"wp-block-paragraph\">Las bolsitas de nicotina han sido la piedra angular del \u00e9xito de la salud p\u00fablica en Suecia. Gracias al uso generalizado de las bolsas y otras alternativas sin humo, como los vapes, Suecia tiene ahora la <a href=\"https:\/\/clearingtheair.eu\/en\/post\/sweden-set-to-be-declared-worlds-first-smoke-free-country\/\">tasa de tabaquismo m\u00e1s baja<\/a> del mundo.   <\/p>\n\n<p class=\"wp-block-paragraph\">Seg\u00fan el grupo de la campa\u00f1a sanitaria mundial Smoke Free Sweden, los hombres suecos tienen una tasa de mortalidad por c\u00e1ncer de pulm\u00f3n un 61% inferior a la media europea, y la mortalidad general por c\u00e1ncer es un 34% inferior a la norma de la UE.<\/p>\n\n<p class=\"wp-block-paragraph\">\u201cHay que aplaudir a Suecia por defender su modelo de reducci\u00f3n de da\u00f1os y defender los derechos de los consumidores adultos de toda Europa\u201d, declar\u00f3 el Dr. Delon Human, experto en salud mundial y l\u00edder de Smoke Free Sweden. \u201cSu defensa continua muestra un compromiso con la salud p\u00fablica a trav\u00e9s de la innovaci\u00f3n, no de la prohibici\u00f3n\u201d. <\/p>\n\n<p class=\"wp-block-paragraph\">El ministro sueco de Comercio, Benjamin Dousa, que encabeza el \u00faltimo desaf\u00edo, subray\u00f3 la importancia de proteger la capacidad de elecci\u00f3n de los consumidores y de apoyar al sector empresarial nacional.  <\/p>\n\n<p class=\"wp-block-paragraph\">\u201cEstamos enviando una se\u00f1al clara a otros pa\u00edses de la UE de que defenderemos nuestro propio sector empresarial y a nuestros usuarios\u201d, dijo Dousa.<\/p>\n\n<h3 class=\"wp-block-heading\"><strong>Libertad de elecci\u00f3n  <\/strong><\/h3>\n\n<p class=\"wp-block-paragraph\">\u201cTodos los pa\u00edses de la UE tienen derecho a regular los sobres de nicotina, cosa que Suecia ha hecho de forma responsable: estableciendo l\u00edmites de edad, normas de comercializaci\u00f3n y etiquetas de advertencia. En \u00faltima instancia, se trata de la libertad de elecci\u00f3n\u201d.<\/p>\n\n<p class=\"wp-block-paragraph\">El planteamiento sueco contrasta fuertemente con la prohibici\u00f3n propuesta por Francia, que los expertos en reducci\u00f3n de da\u00f1os consideran excesivamente restrictiva y contraproducente para los objetivos de reducci\u00f3n del tabaquismo.  <\/p>\n\n<p class=\"wp-block-paragraph\">Mientras que Francia pretende eliminar todos los productos orales de nicotina no medicinales, Suecia aboga por una regulaci\u00f3n equilibrada que minimice el acceso de los j\u00f3venes y apoye al mismo tiempo a los fumadores adultos para que cambien a alternativas menos nocivas.<\/p>\n\n<p class=\"wp-block-paragraph\">El Dr. Human a\u00f1adi\u00f3: \u00abLas alternativas a la nicotina sin humo son fundamentales para lograr una Europa m\u00e1s sana y sin humo. La postura de Suecia defiende los intereses nacionales y los principios fundamentales de reducci\u00f3n de da\u00f1os y libertad del consumidor.   <\/p>\n\n<blockquote class=\"wp-block-quote is-layout-flow wp-block-quote-is-layout-flow\">\n<p class=\"wp-block-paragraph\">\u201cInstamos a los responsables pol\u00edticos de toda Europa a que tengan en cuenta los datos de Suecia, donde las alternativas m\u00e1s seguras han hecho descender las tasas de tabaquismo. Este es el modelo para el futuro: una regulaci\u00f3n sensata que proteja a los j\u00f3venes y ayude a los adultos a dejar de fumar.\u201d<\/p>\n<\/blockquote>\n\n<h3 class=\"wp-block-heading\"><strong>Tasas de fumadores: Suecia contra Francia<\/strong><\/h3>\n\n<p class=\"wp-block-paragraph\">Un <a href=\"https:\/\/smokefreesweden.org\/wp-content\/themes\/smokefreesweden\/assets\/pdf\/tale\/SFS%202N%20report%20FRANCE%20V%20SWEDEN%20final.pdf\" rel=\"nofollow noopener\" target=\"_blank\">informe<\/a> reciente de Smoke Free Sweden <a href=\"https:\/\/clearingtheair.eu\/en\/post\/frances-vape-and-nicotine-pouch-bans-could-trap-millions-in-smoking-report-warns\/\">comparaba las prohibitivas pol\u00edticas de control del tabaco<\/a> de Francia con el enfoque m\u00e1s regulador de los suecos. En \u00e9l se destacaba c\u00f3mo la adopci\u00f3n en Suecia de alternativas a la nicotina, como los vapes y el snus, hab\u00eda dado lugar a una tasa de tabaquismo inferior al 5%, mientras que en Francia sigue fumando un enorme 25% de los adultos. <\/p>\n<div class=\"clear-after-content\" style=\"margin-top: 20px;margin-bottom: 20px;margin-left: auto;margin-right: auto;text-align: center;\" id=\"clear-3014975617\"><a data-no-instant=\"1\" href=\"https:\/\/www.broughton-group.com\/nicotine?utm_campaign=43296353-Clearing%20the%20Air%20PPC%20Campaign%20-%202026&#038;utm_source=ppc&#038;utm_medium=Paid%20Ads\" rel=\"noopener\" class=\"a2t-link\" aria-label=\"728 x 90 (2)\"><img src=\"https:\/\/clearingtheair.eu\/wp-content\/uploads\/2026\/04\/728-x-90-2.png\" alt=\"\"  srcset=\"https:\/\/clearingtheair.eu\/wp-content\/uploads\/2026\/04\/728-x-90-2.png 728w, https:\/\/clearingtheair.eu\/wp-content\/uploads\/2026\/04\/728-x-90-2-300x37.png 300w, https:\/\/clearingtheair.eu\/wp-content\/uploads\/2026\/04\/728-x-90-2-370x46.png 370w, https:\/\/clearingtheair.eu\/wp-content\/uploads\/2026\/04\/728-x-90-2-600x74.png 600w\" sizes=\"(max-width: 728px) 100vw, 728px\" width=\"728\" height=\"90\"  style=\"display: inline-block;\" \/><\/a><\/div>","protected":false},"excerpt":{"rendered":"<p>El gobierno sueco se ha opuesto formalmente a la prohibici\u00f3n de las bolsitas de nicotina propuesta por Francia. Tras un recurso similar a principios de este a\u00f1o contra la legislaci\u00f3n espa\u00f1ola que restring\u00eda las bolsitas de nicotina, Suecia ha presentado un \u201cDictamen&hellip;<\/p>\n","protected":false},"author":990005,"featured_media":24692,"comment_status":"open","ping_status":"open","sticky":false,"template":"","format":"standard","meta":{"footnotes":""},"categories":[266,269],"tags":[389,372,333],"slider":[],"class_list":["post-24702","post","type-post","status-publish","format-standard","has-post-thumbnail","hentry","category-legislation","category-news","tag-global-es","tag-nicotina","tag-sweden"],"_links":{"self":[{"href":"https:\/\/clearingtheair.eu\/es\/wp-json\/wp\/v2\/posts\/24702","targetHints":{"allow":["GET"]}}],"collection":[{"href":"https:\/\/clearingtheair.eu\/es\/wp-json\/wp\/v2\/posts"}],"about":[{"href":"https:\/\/clearingtheair.eu\/es\/wp-json\/wp\/v2\/types\/post"}],"author":[{"embeddable":true,"href":"https:\/\/clearingtheair.eu\/es\/wp-json\/wp\/v2\/users\/990005"}],"replies":[{"embeddable":true,"href":"https:\/\/clearingtheair.eu\/es\/wp-json\/wp\/v2\/comments?post=24702"}],"version-history":[{"count":1,"href":"https:\/\/clearingtheair.eu\/es\/wp-json\/wp\/v2\/posts\/24702\/revisions"}],"predecessor-version":[{"id":24703,"href":"https:\/\/clearingtheair.eu\/es\/wp-json\/wp\/v2\/posts\/24702\/revisions\/24703"}],"wp:featuredmedia":[{"embeddable":true,"href":"https:\/\/clearingtheair.eu\/es\/wp-json\/wp\/v2\/media\/24692"}],"wp:attachment":[{"href":"https:\/\/clearingtheair.eu\/es\/wp-json\/wp\/v2\/media?parent=24702"}],"wp:term":[{"taxonomy":"category","embeddable":true,"href":"https:\/\/clearingtheair.eu\/es\/wp-json\/wp\/v2\/categories?post=24702"},{"taxonomy":"post_tag","embeddable":true,"href":"https:\/\/clearingtheair.eu\/es\/wp-json\/wp\/v2\/tags?post=24702"},{"taxonomy":"slider","embeddable":true,"href":"https:\/\/clearingtheair.eu\/es\/wp-json\/wp\/v2\/slider?post=24702"}],"curies":[{"name":"wp","href":"https:\/\/api.w.org\/{rel}","templated":true}]}}