{"id":24903,"date":"2025-06-12T11:03:06","date_gmt":"2025-06-12T11:03:06","guid":{"rendered":"https:\/\/clearingtheair.eu\/post\/suiza-prohibe-los-vaporizadores-desechables\/"},"modified":"2025-06-12T11:03:20","modified_gmt":"2025-06-12T11:03:20","slug":"suiza-prohibe-los-vaporizadores-desechables","status":"publish","type":"post","link":"https:\/\/clearingtheair.eu\/es\/post\/suiza-prohibe-los-vaporizadores-desechables\/","title":{"rendered":"Suiza proh\u00edbe los vaporizadores desechables"},"content":{"rendered":"<div class=\"clear-before-content-2\" style=\"margin-top: 20px;margin-bottom: 20px;margin-left: auto;margin-right: auto;text-align: center;\" id=\"clear-3346299568\"><img src=\"https:\/\/clearingtheair.eu\/wp-content\/uploads\/2026\/04\/caafc5c68900198b80aee12c11b50184.avif\" alt=\"\"   style=\"display: inline-block;\" \/><\/div>\n<p><strong>Suiza es el \u00faltimo pa\u00eds en tomar medidas en\u00e9rgicas contra los vaporizadores desechables, despu\u00e9s de que el Senado suizo votara a favor de prohibir su venta.  <\/strong><\/p>\n\n<p>La decisi\u00f3n respalda una moci\u00f3n aprobada anteriormente por la C\u00e1mara de Representantes. Pone al pa\u00eds en v\u00edas de ilegalizar los vaporizadores de un solo uso, a pesar de la creciente preocupaci\u00f3n de los expertos en salud p\u00fablica y los defensores de los consumidores. <\/p>\n\n<p>La medida se produce en medio de una tendencia europea m\u00e1s amplia a poner en el punto de mira los vaporizadores desechables, en gran parte como respuesta a los temores sobre el consumo entre los j\u00f3venes y el impacto medioambiental. Pero los cr\u00edticos advierten que los legisladores corren el riesgo de eliminar herramientas de reducci\u00f3n de da\u00f1os probadas que ayudan a los fumadores adultos a dejar de fumar. <\/p>\n\n<p>Los vapes desechables est\u00e1n legalmente disponibles en Suiza desde 2020. Desde entonces han ganado popularidad, sobre todo entre los fumadores adultos que buscan una alternativa menos nociva a los cigarrillos tradicionales.   <\/p>\n\n<p>Public Health England (ahora Oficina para la Mejora de la Salud y las Disparidades) ha estimado anteriormente que vapear es al menos <a href=\"https:\/\/www.gov.uk\/government\/news\/e-cigarettes-around-95-less-harmful-than-tobacco-estimates-landmark-review\" rel=\"nofollow noopener\" target=\"_blank\">un 95% menos perjudicial<\/a> que fumar, y <a href=\"https:\/\/clearingtheair.eu\/en\/post\/two-thirds-of-canadian-smokers-who-switched-to-vapes-use-flavours-set-to-be-banned-new-poll-shows\/\">estudios recientes<\/a> demuestran que los productos desechables son una de las herramientas m\u00e1s eficaces para ayudar a los fumadores a dejar de fumar.<\/p>\n\n<h3 class=\"wp-block-heading\"><strong>Atractivo para los j\u00f3venes y preocupaciones medioambientales<\/strong><\/h3>\n\n<p>Sin embargo, los pol\u00edticos suizos que apoyan la prohibici\u00f3n se centran en el atractivo para los j\u00f3venes y las preocupaciones medioambientales.<\/p>\n\n<p>El diputado del Partido Verde Christophe Clivaz, que encabez\u00f3 la moci\u00f3n, afirm\u00f3 que la tendencia est\u00e1 aumentando entre los m\u00e1s j\u00f3venes y que algunos desechables superan el l\u00edmite legal de 20 mg\/ml de nicotina. \u201cContienen nicotina en forma de sal de nicotina, que no es m\u00e1s peligrosa que la nicotina, pero s\u00ed m\u00e1s adictiva\u201d, afirm\u00f3. <\/p>\n\n<p>La socialdem\u00f3crata Flavia Wasserfallen se hizo eco de estas preocupaciones, argumentando que los sabores y el colorido dise\u00f1o de los desechables atraen a los adolescentes. Y a\u00f1adi\u00f3: \u201cLos vapes presentan riesgos para la salud, da\u00f1an el medio ambiente y generan costes para todos\u201d.   <\/p>\n\n<p>Los cr\u00edticos afirman que prohibir los productos desechables puede hacer m\u00e1s mal que bien. Al eliminar una herramienta eficaz para dejar de fumar, la prohibici\u00f3n puede hacer que los adultos vuelvan a los cigarrillos o a los productos no regulados del mercado negro.   <\/p>\n\n<p>El propio Consejo Federal suizo se opuso inicialmente a la prohibici\u00f3n, advirtiendo que crear\u00eda \u201cbarreras t\u00e9cnicas al comercio\u201d. El diputado de derechas del Partido Popular Suizo, Hannes Germann, se mostr\u00f3 de acuerdo e inst\u00f3 a adoptar un enfoque m\u00e1s pragm\u00e1tico, afirmando: \u201cSuiza no debe ir por libre\u201d. <\/p>\n\n<h3 class=\"wp-block-heading\"><strong>Aprobado por los pelos<\/strong><\/h3>\n\n<p>La ministra de Sanidad, Elisabeth Baume-Schneider, respald\u00f3 finalmente la decisi\u00f3n, citando prohibiciones similares en Francia, el Reino Unido y cantones suizos como Valais y Jura. Sin embargo, admiti\u00f3 que las propuestas alternativas, como aumentar los impuestos o poner fin a los incentivos, \u201cno tendr\u00edan el mismo efecto\u201d. <\/p>\n\n<p>Al final, la moci\u00f3n se aprob\u00f3 por un estrecho margen de 19 votos a favor y 11 en contra, con la oposici\u00f3n mayoritaria de los miembros del centro-derecha y del Partido Popular.<\/p>\n\n<p>En el Reino Unido, los cr\u00edticos advierten de que la nueva prohibici\u00f3n de los desechables -que entr\u00f3 en vigor el 1 de junio- podr\u00eda empujar a muchos adultos ex fumadores a volver a los cigarrillos y hacer que el vapeo sea menos accesible para los grupos con menores ingresos que dependen de la sencillez y asequibilidad de los desechables.  <\/p>\n\n<p>En cambio, Suecia ha adoptado un enfoque pragm\u00e1tico, basado en la reducci\u00f3n de da\u00f1os, adoptando alternativas reguladas a la nicotina como el vapeo y el snus.  <\/p>\n\n<p>Esta estrategia ha ayudado al pa\u00eds a alcanzar las tasas de tabaquismo m\u00e1s bajas de Europa. Recientemente se ha convertido en la primera naci\u00f3n oficialmente \u201clibre de humo\u201d del mundo, con tasas diarias de tabaquismo inferiores al 5%. <\/p>\n<div class=\"clear-after-content-2\" style=\"margin-top: 20px;margin-bottom: 20px;margin-left: auto;margin-right: auto;text-align: center;\" id=\"clear-1208482064\"><img src=\"https:\/\/clearingtheair.eu\/wp-content\/uploads\/2026\/04\/caafc5c68900198b80aee12c11b50184.avif\" alt=\"\"   style=\"display: inline-block;\" \/><\/div>","protected":false},"excerpt":{"rendered":"<p>Suiza es el \u00faltimo pa\u00eds en tomar medidas en\u00e9rgicas contra los vaporizadores desechables, despu\u00e9s de que el Senado suizo votara a favor de prohibir su venta. La decisi\u00f3n respalda una moci\u00f3n aprobada anteriormente por la C\u00e1mara de Representantes. Pone al pa\u00eds en&hellip;<\/p>\n","protected":false},"author":1,"featured_media":24898,"comment_status":"open","ping_status":"open","sticky":false,"template":"","format":"standard","meta":{"footnotes":""},"categories":[269],"tags":[372,388],"slider":[],"class_list":["post-24903","post","type-post","status-publish","format-standard","has-post-thumbnail","hentry","category-news","tag-nicotina","tag-nicotina-es"],"_links":{"self":[{"href":"https:\/\/clearingtheair.eu\/es\/wp-json\/wp\/v2\/posts\/24903","targetHints":{"allow":["GET"]}}],"collection":[{"href":"https:\/\/clearingtheair.eu\/es\/wp-json\/wp\/v2\/posts"}],"about":[{"href":"https:\/\/clearingtheair.eu\/es\/wp-json\/wp\/v2\/types\/post"}],"author":[{"embeddable":true,"href":"https:\/\/clearingtheair.eu\/es\/wp-json\/wp\/v2\/users\/1"}],"replies":[{"embeddable":true,"href":"https:\/\/clearingtheair.eu\/es\/wp-json\/wp\/v2\/comments?post=24903"}],"version-history":[{"count":1,"href":"https:\/\/clearingtheair.eu\/es\/wp-json\/wp\/v2\/posts\/24903\/revisions"}],"predecessor-version":[{"id":24909,"href":"https:\/\/clearingtheair.eu\/es\/wp-json\/wp\/v2\/posts\/24903\/revisions\/24909"}],"wp:featuredmedia":[{"embeddable":true,"href":"https:\/\/clearingtheair.eu\/es\/wp-json\/wp\/v2\/media\/24898"}],"wp:attachment":[{"href":"https:\/\/clearingtheair.eu\/es\/wp-json\/wp\/v2\/media?parent=24903"}],"wp:term":[{"taxonomy":"category","embeddable":true,"href":"https:\/\/clearingtheair.eu\/es\/wp-json\/wp\/v2\/categories?post=24903"},{"taxonomy":"post_tag","embeddable":true,"href":"https:\/\/clearingtheair.eu\/es\/wp-json\/wp\/v2\/tags?post=24903"},{"taxonomy":"slider","embeddable":true,"href":"https:\/\/clearingtheair.eu\/es\/wp-json\/wp\/v2\/slider?post=24903"}],"curies":[{"name":"wp","href":"https:\/\/api.w.org\/{rel}","templated":true}]}}