{"id":27283,"date":"2025-10-15T11:26:13","date_gmt":"2025-10-15T11:26:13","guid":{"rendered":"https:\/\/clearingtheair.eu\/post\/suecia-advierte-a-francia-y-espana-sobre-las-absurdas-prohibiciones-de-las-bolsas\/"},"modified":"2025-10-15T11:26:32","modified_gmt":"2025-10-15T11:26:32","slug":"suecia-advierte-a-francia-y-espana-sobre-las-absurdas-prohibiciones-de-las-bolsas","status":"publish","type":"post","link":"https:\/\/clearingtheair.eu\/es\/post\/suecia-advierte-a-francia-y-espana-sobre-las-absurdas-prohibiciones-de-las-bolsas\/","title":{"rendered":"Suecia advierte a Francia y Espa\u00f1a sobre las \u00ababsurdas\u00bb prohibiciones de las bolsas"},"content":{"rendered":"<div class=\"clear-before-content-2\" style=\"margin-top: 20px;margin-bottom: 20px;margin-left: auto;margin-right: auto;text-align: center;\" id=\"clear-1319965688\"><img src=\"https:\/\/clearingtheair.eu\/wp-content\/uploads\/2026\/04\/caafc5c68900198b80aee12c11b50184.avif\" alt=\"\"   style=\"display: inline-block;\" \/><\/div>\n<p><strong>Suecia ha intensificado su oposici\u00f3n a las propuestas de prohibici\u00f3n de las bolsas de nicotina en Francia y Espa\u00f1a, enviando cartas formales a ambos gobiernos y calificando las medidas de \u00ababsurdas\u00bb.<\/strong><\/p>\n\n<p>La correspondencia, firmada por el ministro sueco de Comercio, Benjamin Dousa, y fechada el 24 de septiembre, insta a Par\u00eds y Madrid a reconsiderar las restricciones, advirti\u00e9ndoles de que corren el riesgo de incumplir las normas comerciales de la UE y penalizar a los turistas suecos.<\/p>\n\n<blockquote class=\"wp-block-quote is-layout-flow wp-block-quote-is-layout-flow\">\n<p>\u00abEstamos muy preocupados\u00bb, declar\u00f3 Dousa <em>a Expressen<\/em>. \u00abEs tan absurdo como si prohibi\u00e9ramos las baguettes francesas: su ministro de Comercio estar\u00eda en el primer vuelo a Estocolmo\u00bb. <\/p>\n<\/blockquote>\n\n<p>Las cartas suponen el \u00faltimo esfuerzo de Suecia por defender su modelo de reducci\u00f3n de da\u00f1os, que atribuye a las bolsitas de nicotina y otros productos sin humo el haber llevado las tasas de tabaquismo al nivel m\u00e1s bajo de Europa.<\/p>\n\n<h3 class=\"wp-block-heading\"><strong>Preocupaci\u00f3n por las sanciones penales<\/strong><\/h3>\n\n<p>La ley propuesta por Francia, que entrar\u00e1 en vigor el 1 de abril de 2026, prohibir\u00eda la venta y posesi\u00f3n de bolsitas de nicotina, clasific\u00e1ndolas como \u00absustancias venenosas\u00bb seg\u00fan la legislaci\u00f3n sanitaria francesa. Quien sea sorprendido con estos productos podr\u00eda enfrentarse a multas de hasta 375.000 euros y <a href=\"https:\/\/clearingtheair.eu\/en\/post\/five-years-pouch-users-in-france-could-face-jail-time-under-new-law\/\">penas de prisi\u00f3n de hasta cinco a\u00f1os<\/a>. <\/p>\n\n<p><a href=\"https:\/\/clearingtheair.eu\/en\/post\/eu-neighbours-slam-spains-pouch-ban-plan\/\">El proyecto de ley espa\u00f1ol<\/a> establecer\u00eda un l\u00edmite de nicotina de 0,99 mg por bolsita, un umbral que eliminar\u00eda de hecho la mayor\u00eda de los productos del mercado.<\/p>\n\n<p>En sus cartas, Suecia dijo que las propuestas francesa y espa\u00f1ola \u00abpueden obstaculizar todas las exportaciones del producto\u00bb y \u00abprohibir toda producci\u00f3n, fabricaci\u00f3n, importaci\u00f3n, exportaci\u00f3n e incluso posesi\u00f3n\u00bb. El gobierno pidi\u00f3 a Francia que aclarara c\u00f3mo las bolsas de nicotina de otros pa\u00edses de la UE podr\u00edan \u00abtransitar por territorio franc\u00e9s sin restricciones\u00bb. <\/p>\n\n<p>Aunque Suecia dijo que reconoce la preocupaci\u00f3n de los pa\u00edses por la salud p\u00fablica, las cartas advert\u00edan de que las medidas van \u00abm\u00e1s all\u00e1 de lo necesario\u00bb e instaban a encontrar soluciones \u00abmenos restrictivas\u00bb acordes con los principios del mercado \u00fanico de la UE.<\/p>\n\n<h3 class=\"wp-block-heading\"><strong>Objeciones anteriores y el \u00e9xito de Suecia<\/strong><\/h3>\n\n<p>La medida sigue al <a href=\"https:\/\/clearingtheair.eu\/en\/post\/sweden-challenges-french-proposed-nicotine-pouch-ban\/\">\u00abDictamen razonado<\/a> \u00bb presentado por Suecia a la Comisi\u00f3n Europea en junio, en el que se opon\u00eda al proyecto de decreto de Francia, despu\u00e9s de que ya hubiera impugnado la legislaci\u00f3n espa\u00f1ola a principios de a\u00f1o.<\/p>\n\n<p>Las penas propuestas por Francia se encuentran entre las m\u00e1s duras de Europa, superando a las impuestas por posesi\u00f3n de drogas ilegales como la hero\u00edna o la coca\u00edna.<\/p>\n\n<p>Suecia argumenta que <a href=\"https:\/\/clearingtheair.eu\/en\/post\/smokeless-nicotine-is-at-the-heart-of-swedens-smoking-decline-says-leading-expert\/\">las bolsas de nicotina han desempe\u00f1ado un papel clave en su situaci\u00f3n casi libre de humo<\/a>. La tasa de tabaquismo del pa\u00eds ha ca\u00eddo por debajo del 5%, frente al 25% de Francia. <\/p>\n\n<p>Seg\u00fan Smoke Free Sweden, los hombres suecos tienen una tasa de mortalidad por c\u00e1ncer de pulm\u00f3n un 61% inferior a la media europea, y la mortalidad general por c\u00e1ncer es un 34% inferior.<\/p>\n\n<p>\u00abHay que aplaudir a Suecia por defender su modelo de reducci\u00f3n de da\u00f1os y defender los derechos de los consumidores adultos de toda Europa\u00bb, declar\u00f3 el Dr. Delon Human, dirigente de Smoke Free Sweden. \u00abSu defensa continua muestra un compromiso con la salud p\u00fablica a trav\u00e9s de la innovaci\u00f3n, no de la prohibici\u00f3n\u00bb. <\/p>\n\n<h3 class=\"wp-block-heading\"><strong>&#8216;Deber\u00edas poder llevar una lata en el bolsillo&#8217;<\/strong><\/h3>\n\n<blockquote class=\"wp-block-quote is-layout-flow wp-block-quote-is-layout-flow\">\n<p>\u00abSi eres turista en Francia, deber\u00eda ser obvio que puedes llevar tu lata de snus sin arriesgarte a ser castigado\u00bb, dijo Dousa a Expressen. \u00abLa ley francesa penaliza el simple hecho de llevar una bolsita en el bolsillo\u00bb. <\/p>\n<\/blockquote>\n\n<p>Declar\u00f3 a Svenska Magasinet que Suecia est\u00e1 abierta a la regulaci\u00f3n, pero cree que las prohibiciones propuestas \u00abvan demasiado lejos\u00bb, afirmando que muchas personas han dejado de fumar mediante el uso de snus y bolsitas.<\/p>\n\n<h3 class=\"wp-block-heading\"><strong>Pr\u00f3ximos pasos<\/strong><\/h3>\n\n<p>Las cartas de Suecia se enviaron en el marco del proceso TRIS de la UE, que permite a los Estados miembros plantear sus dudas sobre leyes nacionales que puedan afectar al mercado interior. Si no se resuelven, Suecia podr\u00eda remitir los casos a la Comisi\u00f3n Europea o al Tribunal de Justicia de las Comunidades Europeas. <\/p>\n<div class=\"clear-after-content-2\" style=\"margin-top: 20px;margin-bottom: 20px;margin-left: auto;margin-right: auto;text-align: center;\" id=\"clear-4290018420\"><img src=\"https:\/\/clearingtheair.eu\/wp-content\/uploads\/2026\/04\/caafc5c68900198b80aee12c11b50184.avif\" alt=\"\"   style=\"display: inline-block;\" \/><\/div>","protected":false},"excerpt":{"rendered":"<p>Suecia ha intensificado su oposici\u00f3n a las propuestas de prohibici\u00f3n de las bolsas de nicotina en Francia y Espa\u00f1a, enviando cartas formales a ambos gobiernos y calificando las medidas de \u00ababsurdas\u00bb. La correspondencia, firmada por el ministro sueco de Comercio, Benjamin Dousa,&hellip;<\/p>\n","protected":false},"author":990005,"featured_media":27278,"comment_status":"open","ping_status":"open","sticky":false,"template":"","format":"standard","meta":{"footnotes":""},"categories":[269],"tags":[333],"slider":[],"class_list":["post-27283","post","type-post","status-publish","format-standard","has-post-thumbnail","hentry","category-news","tag-sweden"],"_links":{"self":[{"href":"https:\/\/clearingtheair.eu\/es\/wp-json\/wp\/v2\/posts\/27283","targetHints":{"allow":["GET"]}}],"collection":[{"href":"https:\/\/clearingtheair.eu\/es\/wp-json\/wp\/v2\/posts"}],"about":[{"href":"https:\/\/clearingtheair.eu\/es\/wp-json\/wp\/v2\/types\/post"}],"author":[{"embeddable":true,"href":"https:\/\/clearingtheair.eu\/es\/wp-json\/wp\/v2\/users\/990005"}],"replies":[{"embeddable":true,"href":"https:\/\/clearingtheair.eu\/es\/wp-json\/wp\/v2\/comments?post=27283"}],"version-history":[{"count":1,"href":"https:\/\/clearingtheair.eu\/es\/wp-json\/wp\/v2\/posts\/27283\/revisions"}],"predecessor-version":[{"id":27286,"href":"https:\/\/clearingtheair.eu\/es\/wp-json\/wp\/v2\/posts\/27283\/revisions\/27286"}],"wp:featuredmedia":[{"embeddable":true,"href":"https:\/\/clearingtheair.eu\/es\/wp-json\/wp\/v2\/media\/27278"}],"wp:attachment":[{"href":"https:\/\/clearingtheair.eu\/es\/wp-json\/wp\/v2\/media?parent=27283"}],"wp:term":[{"taxonomy":"category","embeddable":true,"href":"https:\/\/clearingtheair.eu\/es\/wp-json\/wp\/v2\/categories?post=27283"},{"taxonomy":"post_tag","embeddable":true,"href":"https:\/\/clearingtheair.eu\/es\/wp-json\/wp\/v2\/tags?post=27283"},{"taxonomy":"slider","embeddable":true,"href":"https:\/\/clearingtheair.eu\/es\/wp-json\/wp\/v2\/slider?post=27283"}],"curies":[{"name":"wp","href":"https:\/\/api.w.org\/{rel}","templated":true}]}}