{"id":32798,"date":"2026-01-07T12:01:15","date_gmt":"2026-01-07T12:01:15","guid":{"rendered":"https:\/\/clearingtheair.eu\/post\/el-vapeo-se-regulara-como-el-tabaco-al-endurecer-espana-las-leyes-sanitarias-en-2026\/"},"modified":"2026-01-07T12:01:39","modified_gmt":"2026-01-07T12:01:39","slug":"el-vapeo-se-regulara-como-el-tabaco-al-endurecer-espana-las-leyes-sanitarias-en-2026","status":"publish","type":"post","link":"https:\/\/clearingtheair.eu\/es\/post\/el-vapeo-se-regulara-como-el-tabaco-al-endurecer-espana-las-leyes-sanitarias-en-2026\/","title":{"rendered":"El vapeo se regular\u00e1 como el tabaco al endurecer Espa\u00f1a las leyes sanitarias en 2026"},"content":{"rendered":"<div class=\"clear-before-content-2\" style=\"margin-top: 20px;margin-bottom: 20px;margin-left: auto;margin-right: auto;text-align: center;\" id=\"clear-823711275\"><img src=\"https:\/\/clearingtheair.eu\/wp-content\/uploads\/2026\/04\/caafc5c68900198b80aee12c11b50184.avif\" alt=\"\"   style=\"display: inline-block;\" \/><\/div>\n<p><strong>El vapeo en Espa\u00f1a est\u00e1 a punto de enfrentarse a su reajuste normativo m\u00e1s duro hasta la fecha, con una legislaci\u00f3n propuesta que situar\u00eda a los vapeadores bajo el mismo marco legal que el tabaco combustible.<\/strong><\/p>\n\n<p>Los cambios forman parte de un paquete m\u00e1s amplio de reformas sanitarias que se est\u00e1n tramitando en el Parlamento, pero las restricciones al vapeo se perfilan como uno de los elementos con mayores consecuencias para los consumidores, los minoristas y los espacios p\u00fablicos.<\/p>\n\n<h3 class=\"wp-block-heading\"><strong>Normas similares a las del tabaco para los vapes<\/strong><\/h3>\n\n<p>Las reformas de la ley antitabaco espa\u00f1ola superaron su primera fase legislativa en septiembre de 2024 y ahora est\u00e1n siendo revisadas por el Consejo de Estado y la Comisi\u00f3n Nacional de los Mercados y la Competencia.<\/p>\n\n<p>Si se aprueban, los productos de vapeo estar\u00e1n sujetos a las mismas restricciones que los cigarrillos, incluidas normas id\u00e9nticas sobre publicidad, venta y lugares de consumo. Esto supondr\u00eda un cambio significativo en el planteamiento regulador de Espa\u00f1a, que hasta ahora ha tratado el vapeo por separado del consumo de tabaco. <\/p>\n\n<p>Los cambios propuestos responden al aumento del consumo de vape entre los adolescentes y a la creciente presi\u00f3n pol\u00edtica para que se refuercen los controles sobre los productos de nicotina.<\/p>\n\n<h3 class=\"wp-block-heading\"><strong>C\u00f3mo se ha regulado el vapeo hasta ahora<\/strong><\/h3>\n\n<p>Seg\u00fan la legislaci\u00f3n espa\u00f1ola actual, los productos para vapear est\u00e1n sujetos a normativas nacionales espec\u00edficas sobre ingredientes, etiquetado y venta, pero no est\u00e1n totalmente alineados con la legislaci\u00f3n sobre el tabaco. En general, el uso de vapes se ha restringido en espacios p\u00fablicos cerrados, mientras que el uso al aire libre ha seguido estando permitido en gran medida. <\/p>\n\n<p>Las normas de publicidad del vapeo tambi\u00e9n han diferido de las que rigen los cigarrillos, con menos l\u00edmites de visibilidad y promoci\u00f3n en algunos entornos. La reforma propuesta eliminar\u00eda esas distinciones, colocando el vapeo y el tabaquismo bajo un \u00fanico marco regulador. <\/p>\n\n<h3 class=\"wp-block-heading\"><strong>Expansi\u00f3n de los espacios sin vapor<\/strong><\/h3>\n\n<p>Uno de los efectos m\u00e1s visibles ser\u00eda la ampliaci\u00f3n de las zonas libres de vapeo en toda Espa\u00f1a. La legislaci\u00f3n propone prohibir tanto fumar como vapear en una amplia gama de lugares al aire libre y semiexteriores. <\/p>\n\n<p>Se trata de terrazas de bares y restaurantes, marquesinas de transporte p\u00fablico, campus universitarios, playas, parques infantiles y puntos de acceso a edificios p\u00fablicos. De aplicarse, las reformas reducir\u00edan significativamente el n\u00famero de espacios p\u00fablicos donde est\u00e1 permitido vapear. <\/p>\n\n<p>Las autoridades locales ser\u00edan responsables de hacer cumplir las nuevas restricciones, ampliando las normas que actualmente se aplican principalmente a los espacios interiores.<\/p>\n\n<h3 class=\"wp-block-heading\"><strong>Implicaciones para los minoristas y los locales p\u00fablicos<\/strong><\/h3>\n\n<p>Alinear el vapeo con la legislaci\u00f3n sobre el tabaco tambi\u00e9n afectar\u00eda a la forma de vender y exponer los productos. Los minoristas tendr\u00edan que respetar las mismas restricciones de venta que se aplican a los cigarrillos, lo que podr\u00eda modificar el acceso a los productos de vapeo y su comercializaci\u00f3n. <\/p>\n\n<p>Los locales de hosteler\u00eda, los operadores de transporte y las universidades tambi\u00e9n tendr\u00edan que actualizar las pol\u00edticas y la se\u00f1alizaci\u00f3n para reflejar la ampliaci\u00f3n de las zonas libres de vapor.<\/p>\n\n<h3 class=\"wp-block-heading\"><strong>Parte de una campa\u00f1a de prevenci\u00f3n m\u00e1s amplia<\/strong><\/h3>\n\n<p>La ofensiva contra el vapeo se suma a otras medidas sanitarias preventivas que se est\u00e1n elaborando, como un proyecto de ley sobre el consumo de alcohol entre menores. Aunque independientes de la legislaci\u00f3n sobre la nicotina, las propuestas reflejan un cambio m\u00e1s amplio hacia una regulaci\u00f3n m\u00e1s estricta de las sustancias legales, sobre todo en lo que se refiere a la exposici\u00f3n de los j\u00f3venes. <\/p>\n\n<p>La publicidad y el patrocinio del alcohol se enfrentar\u00edan a nuevas prohibiciones basadas en la ubicaci\u00f3n, y se prohibir\u00eda expl\u00edcitamente el consumo a menores de 18 a\u00f1os en zonas p\u00fablicas utilizadas habitualmente por ni\u00f1os y adolescentes.<\/p>\n\n<h3 class=\"wp-block-heading\"><strong>Las reformas del sistema sanitario como tel\u00f3n de fondo<\/strong><\/h3>\n\n<p>Los legisladores tambi\u00e9n est\u00e1n avanzando en la legislaci\u00f3n para restablecer el acceso universal al Sistema Nacional de Salud, revirtiendo las restricciones impuestas durante la crisis econ\u00f3mica de 2012.<\/p>\n\n<p>Otros proyectos de ley pretenden frenar la privatizaci\u00f3n de la sanidad, eliminar los copagos que a\u00fan existen para determinados servicios y reforzar la gesti\u00f3n p\u00fablica tras las recientes pol\u00e9micas sobre la gobernanza de los hospitales.<\/p>\n<div class=\"clear-after-content-2\" style=\"margin-top: 20px;margin-bottom: 20px;margin-left: auto;margin-right: auto;text-align: center;\" id=\"clear-648623929\"><img src=\"https:\/\/clearingtheair.eu\/wp-content\/uploads\/2026\/04\/caafc5c68900198b80aee12c11b50184.avif\" alt=\"\"   style=\"display: inline-block;\" \/><\/div>","protected":false},"excerpt":{"rendered":"<p>El vapeo en Espa\u00f1a est\u00e1 a punto de enfrentarse a su reajuste normativo m\u00e1s duro hasta la fecha, con una legislaci\u00f3n propuesta que situar\u00eda a los vapeadores bajo el mismo marco legal que el tabaco combustible. Los cambios forman parte de un&hellip;<\/p>\n","protected":false},"author":990005,"featured_media":32782,"comment_status":"open","ping_status":"open","sticky":false,"template":"","format":"standard","meta":{"footnotes":""},"categories":[269],"tags":[388,541],"slider":[],"class_list":["post-32798","post","type-post","status-publish","format-standard","has-post-thumbnail","hentry","category-news","tag-nicotina-es","tag-spain-es"],"_links":{"self":[{"href":"https:\/\/clearingtheair.eu\/es\/wp-json\/wp\/v2\/posts\/32798","targetHints":{"allow":["GET"]}}],"collection":[{"href":"https:\/\/clearingtheair.eu\/es\/wp-json\/wp\/v2\/posts"}],"about":[{"href":"https:\/\/clearingtheair.eu\/es\/wp-json\/wp\/v2\/types\/post"}],"author":[{"embeddable":true,"href":"https:\/\/clearingtheair.eu\/es\/wp-json\/wp\/v2\/users\/990005"}],"replies":[{"embeddable":true,"href":"https:\/\/clearingtheair.eu\/es\/wp-json\/wp\/v2\/comments?post=32798"}],"version-history":[{"count":1,"href":"https:\/\/clearingtheair.eu\/es\/wp-json\/wp\/v2\/posts\/32798\/revisions"}],"predecessor-version":[{"id":32802,"href":"https:\/\/clearingtheair.eu\/es\/wp-json\/wp\/v2\/posts\/32798\/revisions\/32802"}],"wp:featuredmedia":[{"embeddable":true,"href":"https:\/\/clearingtheair.eu\/es\/wp-json\/wp\/v2\/media\/32782"}],"wp:attachment":[{"href":"https:\/\/clearingtheair.eu\/es\/wp-json\/wp\/v2\/media?parent=32798"}],"wp:term":[{"taxonomy":"category","embeddable":true,"href":"https:\/\/clearingtheair.eu\/es\/wp-json\/wp\/v2\/categories?post=32798"},{"taxonomy":"post_tag","embeddable":true,"href":"https:\/\/clearingtheair.eu\/es\/wp-json\/wp\/v2\/tags?post=32798"},{"taxonomy":"slider","embeddable":true,"href":"https:\/\/clearingtheair.eu\/es\/wp-json\/wp\/v2\/slider?post=32798"}],"curies":[{"name":"wp","href":"https:\/\/api.w.org\/{rel}","templated":true}]}}