{"id":33441,"date":"2026-01-27T11:03:00","date_gmt":"2026-01-27T11:03:00","guid":{"rendered":"https:\/\/clearingtheair.eu\/post\/alemania-prohibe-los-vaporizadores-de-mentol-en-una-amplia-campana-contra-los-aditivos-refrigerantes\/"},"modified":"2026-01-27T11:04:22","modified_gmt":"2026-01-27T11:04:22","slug":"alemania-prohibe-los-vaporizadores-de-mentol-en-una-amplia-campana-contra-los-aditivos-refrigerantes","status":"publish","type":"post","link":"https:\/\/clearingtheair.eu\/es\/post\/alemania-prohibe-los-vaporizadores-de-mentol-en-una-amplia-campana-contra-los-aditivos-refrigerantes\/","title":{"rendered":"Alemania proh\u00edbe los vaporizadores de mentol en una amplia campa\u00f1a contra los aditivos \u00abrefrigerantes\u00bb"},"content":{"rendered":"<div class=\"clear-before-content-2\" style=\"margin-top: 20px;margin-bottom: 20px;margin-left: auto;margin-right: auto;text-align: center;\" id=\"clear-1127920007\"><img src=\"https:\/\/clearingtheair.eu\/wp-content\/uploads\/2026\/04\/caafc5c68900198b80aee12c11b50184.avif\" alt=\"\"   style=\"display: inline-block;\" \/><\/div>\n<p><strong>Alemania se dispone a prohibir el mentol y una larga lista de aditivos \u00abrefrescantes\u00bb utilizados en los cigarrillos electr\u00f3nicos, en lo que podr\u00eda convertirse en una de las medidas m\u00e1s duras de Europa contra los aromas para vapear.<\/strong><\/p>\n\n<p>Un proyecto de reglamento del Ministerio Federal de Agricultura, Alimentaci\u00f3n e Interior prohibir\u00eda el mentol, la sucralosa y m\u00e1s de una docena de agentes refrigerantes sint\u00e9ticos de los e-l\u00edquidos, argumentando que hacen el vapeo \u00abm\u00e1s atractivo\u00bb, m\u00e1s f\u00e1cil de inhalar y potencialmente m\u00e1s adictivo, especialmente para los j\u00f3venes.<\/p>\n\n<p>Los propios evaluadores de riesgos del gobierno, del Instituto Federal de Evaluaci\u00f3n de Riesgos (BfR), afirman que estas sustancias activan los receptores sensibles al fr\u00edo de la boca y la garganta, mitigan la irritaci\u00f3n y suprimen la tos. Esto, argumentan, podr\u00eda permitir a los consumidores inhalar m\u00e1s profundamente y absorber m\u00e1s nicotina. <\/p>\n\n<p>S\u00f3lo sobre esta base -aunque falten pruebas directas- el ministerio invoca el \u00abprincipio de precauci\u00f3n\u00bb para justificar una prohibici\u00f3n total.<\/p>\n\n<p>Los cr\u00edticos se\u00f1alar\u00e1n que el mentol se ha utilizado durante d\u00e9cadas en medicamentos y productos de consumo, incluidos los inhaladores para los resfriados. El propio borrador admite que no hay pruebas firmes de que los vaporizadores mentolados aumenten la absorci\u00f3n de nicotina. No obstante, los funcionarios afirman que el \u00abbeneficio percibido de enfriamiento\u00bb es suficiente para justificar la prohibici\u00f3n.  <\/p>\n\n<p>La prohibici\u00f3n se aplicar\u00eda tanto a los cigarrillos electr\u00f3nicos como a los envases de recarga, obligando a los fabricantes a reformular los productos o a retirarlos totalmente del mercado alem\u00e1n. El Ministerio calcula que el coste \u00fanico del cumplimiento ser\u00e1 de 46.000 euros para todo el sector, una cifra que probablemente ser\u00e1 discutida. <\/p>\n\n<p>El reglamento tambi\u00e9n endurece las normas administrativas, incluyendo requisitos ling\u00fc\u00edsticos m\u00e1s estrictos en los envases y nuevos poderes para que las autoridades exijan muestras de productos durante los procedimientos de aprobaci\u00f3n.<\/p>\n\n<p>Si se aprueban, las normas entrar\u00edan en vigor seis meses despu\u00e9s de su publicaci\u00f3n.<\/p>\n\n<p>La medida de Alemania a\u00f1ade presi\u00f3n a otros pa\u00edses de la UE que ya debaten si los \u00abefectos sensoriales\u00bb -no s\u00f3lo los sabores- deben bastar para justificar las prohibiciones. Para los consumidores que han pasado del tabaco a los vaporizadores mentolados, el mensaje es contundente: ad\u00e1ptate o prescinde de ellos. <\/p>\n\n<p>Si esto reduce el da\u00f1o -o simplemente elimina alternativas populares a los cigarrillos- sigue siendo una cuesti\u00f3n abierta.<\/p>\n<div class=\"clear-after-content-2\" style=\"margin-top: 20px;margin-bottom: 20px;margin-left: auto;margin-right: auto;text-align: center;\" id=\"clear-1541212073\"><img src=\"https:\/\/clearingtheair.eu\/wp-content\/uploads\/2026\/04\/caafc5c68900198b80aee12c11b50184.avif\" alt=\"\"   style=\"display: inline-block;\" \/><\/div>","protected":false},"excerpt":{"rendered":"<p>Alemania se dispone a prohibir el mentol y una larga lista de aditivos \u00abrefrescantes\u00bb utilizados en los cigarrillos electr\u00f3nicos, en lo que podr\u00eda convertirse en una de las medidas m\u00e1s duras de Europa contra los aromas para vapear. Un proyecto de reglamento&hellip;<\/p>\n","protected":false},"author":990003,"featured_media":33433,"comment_status":"open","ping_status":"open","sticky":false,"template":"","format":"standard","meta":{"footnotes":""},"categories":[269],"tags":[455,388],"slider":[],"class_list":["post-33441","post","type-post","status-publish","format-standard","has-post-thumbnail","hentry","category-news","tag-germany-es","tag-nicotina-es"],"_links":{"self":[{"href":"https:\/\/clearingtheair.eu\/es\/wp-json\/wp\/v2\/posts\/33441","targetHints":{"allow":["GET"]}}],"collection":[{"href":"https:\/\/clearingtheair.eu\/es\/wp-json\/wp\/v2\/posts"}],"about":[{"href":"https:\/\/clearingtheair.eu\/es\/wp-json\/wp\/v2\/types\/post"}],"author":[{"embeddable":true,"href":"https:\/\/clearingtheair.eu\/es\/wp-json\/wp\/v2\/users\/990003"}],"replies":[{"embeddable":true,"href":"https:\/\/clearingtheair.eu\/es\/wp-json\/wp\/v2\/comments?post=33441"}],"version-history":[{"count":1,"href":"https:\/\/clearingtheair.eu\/es\/wp-json\/wp\/v2\/posts\/33441\/revisions"}],"predecessor-version":[{"id":33444,"href":"https:\/\/clearingtheair.eu\/es\/wp-json\/wp\/v2\/posts\/33441\/revisions\/33444"}],"wp:featuredmedia":[{"embeddable":true,"href":"https:\/\/clearingtheair.eu\/es\/wp-json\/wp\/v2\/media\/33433"}],"wp:attachment":[{"href":"https:\/\/clearingtheair.eu\/es\/wp-json\/wp\/v2\/media?parent=33441"}],"wp:term":[{"taxonomy":"category","embeddable":true,"href":"https:\/\/clearingtheair.eu\/es\/wp-json\/wp\/v2\/categories?post=33441"},{"taxonomy":"post_tag","embeddable":true,"href":"https:\/\/clearingtheair.eu\/es\/wp-json\/wp\/v2\/tags?post=33441"},{"taxonomy":"slider","embeddable":true,"href":"https:\/\/clearingtheair.eu\/es\/wp-json\/wp\/v2\/slider?post=33441"}],"curies":[{"name":"wp","href":"https:\/\/api.w.org\/{rel}","templated":true}]}}