{"id":34877,"date":"2026-03-04T10:14:50","date_gmt":"2026-03-04T10:14:50","guid":{"rendered":"https:\/\/clearingtheair.eu\/post\/alemania-planea-prohibir-el-vapeo-con-mentol-en-virtud-de-un-proyecto-de-norma-sobre-agentes-refrigerantes\/"},"modified":"2026-03-04T10:15:12","modified_gmt":"2026-03-04T10:15:12","slug":"alemania-planea-prohibir-el-vapeo-con-mentol-en-virtud-de-un-proyecto-de-norma-sobre-agentes-refrigerantes","status":"publish","type":"post","link":"https:\/\/clearingtheair.eu\/es\/post\/alemania-planea-prohibir-el-vapeo-con-mentol-en-virtud-de-un-proyecto-de-norma-sobre-agentes-refrigerantes\/","title":{"rendered":"Alemania planea prohibir el vapeo con mentol en virtud de un proyecto de norma sobre agentes refrigerantes"},"content":{"rendered":"<div class=\"clear-before-content-2\" style=\"margin-top: 20px;margin-bottom: 20px;margin-left: auto;margin-right: auto;text-align: center;\" id=\"clear-2321745734\"><img src=\"https:\/\/clearingtheair.eu\/wp-content\/uploads\/2026\/04\/caafc5c68900198b80aee12c11b50184.avif\" alt=\"\"   style=\"display: inline-block;\" \/><\/div>\n<p><strong>Alemania se dispone a prohibir los vaporizadores de mentol y una amplia gama de e-l\u00edquidos que contienen agentes refrigerantes, seg\u00fan un proyecto de normativa que podr\u00eda entrar en vigor a finales de 2026.<\/strong><\/p>\n\n<p>La propuesta, presentada por el Ministerio Federal de Agricultura, prohibir\u00eda el mentol y otros aromas que utilicen aditivos refrigerantes sint\u00e9ticos, alegando que hacen \u00abm\u00e1s atractivo\u00bb el vapeo.<\/p>\n\n<p>El Instituto Federal de Evaluaci\u00f3n de Riesgos de Alemania (BfR) ha afirmado que los efectos del enfriamiento pueden influir en el modo en que se inhalan los productos. En su evaluaci\u00f3n, el instituto afirma: \u00abComo los efectos de enfriamiento facilitan la inhalaci\u00f3n, pueden provocar un aumento de la ingesta de nicotina y, posiblemente, una mayor dependencia, sobre todo entre los consumidores j\u00f3venes e inexpertos\u00bb. <\/p>\n\n<p>Sin embargo, el proyecto de reglamento tambi\u00e9n reconoce que los agentes refrigerantes est\u00e1n \u00abpoco investigados\u00bb, con datos disponibles \u00abmuy limitados\u00bb.<\/p>\n\n<p>La prohibici\u00f3n prevista tendr\u00eda especial importancia dado que Alemania, en consonancia con el resto de la Uni\u00f3n Europea, prohibi\u00f3 los cigarrillos mentolados en 2020. Los datos indican que los fumadores que antes consum\u00edan cigarrillos mentolados suelen buscar sabores similares cuando se pasan a los vapes. <\/p>\n\n<h3 class=\"wp-block-heading\"><strong> <\/strong><strong> <\/strong><strong>Preocupaci\u00f3n por la base de pruebas<\/strong><\/h3>\n\n<p>Heino St\u00f6ver, catedr\u00e1tico de Investigaci\u00f3n sobre Adicci\u00f3n a las Ciencias Sociales de la Universidad de Ciencias Aplicadas de Fr\u00e1ncfort, afirm\u00f3 que las pruebas no justifican el alcance de la propuesta.<\/p>\n\n<p>\u00abNo existen pruebas cient\u00edficas\u00bb que respalden una prohibici\u00f3n tan amplia, afirm\u00f3.<\/p>\n\n<blockquote class=\"wp-block-quote is-layout-flow wp-block-quote-is-layout-flow\">\n<p>\u00abProhibir los aromas no ayudar\u00e1 a disminuir la elevada prevalencia del tabaquismo\u00bb, a\u00f1adi\u00f3 St\u00f6ver. El objetivo de Alemania de reducir su tasa de tabaquismo al 5% o menos para 2040 ya parec\u00eda \u00abpoco realista\u00bb antes de la propuesta y ahora parece \u00aba\u00fan m\u00e1s poco realista\u00bb. <\/p>\n<\/blockquote>\n\n<p>La tasa de tabaquismo en Alemania se estima en torno al 28%, lo que equivale a unas 125.000 muertes anuales.<\/p>\n\n<h3 class=\"wp-block-heading\"><strong>Respuesta de la industria y los consumidores<\/strong><\/h3>\n\n<p>Los representantes de los consumidores sostienen que el proyecto de norma se extender\u00eda m\u00e1s all\u00e1 del mentol y afectar\u00eda a una gran parte de los productos actualmente en el mercado.<\/p>\n\n<p>Klaus Heckershoff, un consumidor alem\u00e1n de vape, dijo que la prohibici\u00f3n incluir\u00eda el edulcorante sucralosa, as\u00ed como diversos agentes refrigerantes sint\u00e9ticos, \u00abque est\u00e1n contenidos en muchos l\u00edquidos que utilizo\u00bb.<\/p>\n\n<p>Dado que muchos e-l\u00edquidos populares contienen estos ingredientes, argument\u00f3 que la llamada \u00abprohibici\u00f3n del mentol\u00bb afectar\u00eda en la pr\u00e1ctica a casi todos los vapers.<\/p>\n\n<p>Bundesverband Rauchfreie Alternative, la organizaci\u00f3n alemana de consumidores de alternativas sin humo, afirm\u00f3 que los agentes refrigerantes se utilizan mucho en las f\u00f3rmulas de sabores para \u00abdarles redondez; sin ellos, quedan como inacabados, aunque no puedas saborear ni notar el enfriamiento\u00bb.<\/p>\n\n<p>Andreas Schimo, miembro de la Junta Directiva, describi\u00f3 la propuesta como \u00abuna prohibici\u00f3n encubierta del sabor\u00bb.<\/p>\n\n<blockquote class=\"wp-block-quote is-layout-flow wp-block-quote-is-layout-flow\">\n<p>\u00abMuchos consumidores prefieren sabores con refrigeraci\u00f3n -como &#8216;manzana helada&#8217;, en lugar de &#8216;manzana&#8217;- porque les da un golpe de garganta m\u00e1s fuerte, lo que a su vez les ayuda a no fumar o incluso a reducir la nicotina de sus vapes\u00bb, dijo Schimo. \u00abA diferencia de los cigarrillos, los agentes refrigerantes hacen que la inhalaci\u00f3n sea m\u00e1s dif\u00edcil y no m\u00e1s f\u00e1cil\u00bb. <\/p>\n<\/blockquote>\n\n<p>Schimo tambi\u00e9n cuestion\u00f3 la comparaci\u00f3n con los cigarrillos de combustible. \u00abAunque es cierto que el mentol facilita la inhalaci\u00f3n del humo del tabaco, no se puede trasladar esto a los cigarrillos electr\u00f3nicos\u00bb, dijo. \u00abEl humo del tabaco provoca una irritaci\u00f3n de las v\u00edas respiratorias inducida por el humo. Como los cigarrillos electr\u00f3nicos no producen humo, no hay irritaci\u00f3n inducida por el humo que habr\u00eda que enfriar\u00bb.  <\/p>\n\n<p>A\u00f1adi\u00f3 que en un documento anterior del BfR se afirmaba: \u00abLos cigarrillos electr\u00f3nicos no liberan productos de combusti\u00f3n irritantes cuyos efectos tendr\u00edan que enmascararse con aditivos. Por lo tanto, la inhalaci\u00f3n facilitada por el mentol es significativamente menos relevante con estos productos que con los cigarrillos de tabaco.\u00bb<\/p>\n\n<p>Seg\u00fan Schimo, \u00abahora dicen lo contrario sin disponer de nuevas investigaciones, datos o ciencia al respecto\u00bb.<\/p>\n\n<p>El proyecto de reglamento sigue en estudio y, si se aprueba, introducir\u00eda las restricciones m\u00e1s adelante, en 2026.<\/p>\n<div class=\"clear-after-content-2\" style=\"margin-top: 20px;margin-bottom: 20px;margin-left: auto;margin-right: auto;text-align: center;\" id=\"clear-1111162898\"><img src=\"https:\/\/clearingtheair.eu\/wp-content\/uploads\/2026\/04\/caafc5c68900198b80aee12c11b50184.avif\" alt=\"\"   style=\"display: inline-block;\" \/><\/div>","protected":false},"excerpt":{"rendered":"<p>Alemania se dispone a prohibir los vaporizadores de mentol y una amplia gama de e-l\u00edquidos que contienen agentes refrigerantes, seg\u00fan un proyecto de normativa que podr\u00eda entrar en vigor a finales de 2026. La propuesta, presentada por el Ministerio Federal de Agricultura,&hellip;<\/p>\n","protected":false},"author":990005,"featured_media":34871,"comment_status":"open","ping_status":"open","sticky":false,"template":"","format":"standard","meta":{"footnotes":""},"categories":[269],"tags":[455,388,417],"slider":[],"class_list":["post-34877","post","type-post","status-publish","format-standard","has-post-thumbnail","hentry","category-news","tag-germany-es","tag-nicotina-es","tag-union-europea"],"_links":{"self":[{"href":"https:\/\/clearingtheair.eu\/es\/wp-json\/wp\/v2\/posts\/34877","targetHints":{"allow":["GET"]}}],"collection":[{"href":"https:\/\/clearingtheair.eu\/es\/wp-json\/wp\/v2\/posts"}],"about":[{"href":"https:\/\/clearingtheair.eu\/es\/wp-json\/wp\/v2\/types\/post"}],"author":[{"embeddable":true,"href":"https:\/\/clearingtheair.eu\/es\/wp-json\/wp\/v2\/users\/990005"}],"replies":[{"embeddable":true,"href":"https:\/\/clearingtheair.eu\/es\/wp-json\/wp\/v2\/comments?post=34877"}],"version-history":[{"count":1,"href":"https:\/\/clearingtheair.eu\/es\/wp-json\/wp\/v2\/posts\/34877\/revisions"}],"predecessor-version":[{"id":34889,"href":"https:\/\/clearingtheair.eu\/es\/wp-json\/wp\/v2\/posts\/34877\/revisions\/34889"}],"wp:featuredmedia":[{"embeddable":true,"href":"https:\/\/clearingtheair.eu\/es\/wp-json\/wp\/v2\/media\/34871"}],"wp:attachment":[{"href":"https:\/\/clearingtheair.eu\/es\/wp-json\/wp\/v2\/media?parent=34877"}],"wp:term":[{"taxonomy":"category","embeddable":true,"href":"https:\/\/clearingtheair.eu\/es\/wp-json\/wp\/v2\/categories?post=34877"},{"taxonomy":"post_tag","embeddable":true,"href":"https:\/\/clearingtheair.eu\/es\/wp-json\/wp\/v2\/tags?post=34877"},{"taxonomy":"slider","embeddable":true,"href":"https:\/\/clearingtheair.eu\/es\/wp-json\/wp\/v2\/slider?post=34877"}],"curies":[{"name":"wp","href":"https:\/\/api.w.org\/{rel}","templated":true}]}}