{"id":37729,"date":"2026-05-21T14:57:56","date_gmt":"2026-05-21T14:57:56","guid":{"rendered":"https:\/\/clearingtheair.eu\/post\/opinion-la-ue-consulta-sobre-la-prohibicion-de-la-nicotina-el-rastro-de-papel-importa\/"},"modified":"2026-05-28T05:08:04","modified_gmt":"2026-05-28T05:08:04","slug":"opinion-la-ue-consulta-sobre-la-prohibicion-de-la-nicotina-el-rastro-de-papel-importa","status":"publish","type":"post","link":"https:\/\/clearingtheair.eu\/es\/post\/opinion-la-ue-consulta-sobre-la-prohibicion-de-la-nicotina-el-rastro-de-papel-importa\/","title":{"rendered":"OPINI\u00d3N: La UE consulta sobre la prohibici\u00f3n de la nicotina. El rastro de papel importa."},"content":{"rendered":"<div class=\"clear-before-content-2\" style=\"margin-top: 20px;margin-bottom: 20px;margin-left: auto;margin-right: auto;text-align: center;\" id=\"clear-1146496097\"><a data-no-instant=\"1\" href=\"https:\/\/www.broughton-group.com\/nicotine?utm_campaign=43296353-Clearing%20the%20Air%20PPC%20Campaign%20-%202026&#038;utm_source=ppc&#038;utm_medium=Paid%20Ads\" rel=\"noopener\" class=\"a2t-link\" aria-label=\"728 x 90 (2)\"><img src=\"https:\/\/clearingtheair.eu\/wp-content\/uploads\/2026\/04\/728-x-90-2.png\" alt=\"\"  srcset=\"https:\/\/clearingtheair.eu\/wp-content\/uploads\/2026\/04\/728-x-90-2.png 728w, https:\/\/clearingtheair.eu\/wp-content\/uploads\/2026\/04\/728-x-90-2-300x37.png 300w, https:\/\/clearingtheair.eu\/wp-content\/uploads\/2026\/04\/728-x-90-2-370x46.png 370w, https:\/\/clearingtheair.eu\/wp-content\/uploads\/2026\/04\/728-x-90-2-600x74.png 600w\" sizes=\"(max-width: 728px) 100vw, 728px\" width=\"728\" height=\"90\"  style=\"display: inline-block;\" \/><\/a><\/div>\n<p class=\"wp-block-paragraph\">*<strong><em>Desde que se escribi\u00f3 esto, la Comisi\u00f3n ha lanzado una segunda consulta p\u00fablica. Escribiremos m\u00e1s sobre ello en breve. <\/em><\/strong><br\/><br\/><em><strong>**Este art\u00edculo, menos las palabrotas, se ha presentado a la convocatoria de pruebas de la UE en nombre de Clearing the Air.  <\/strong><\/em><a href=\"https:\/\/ec.europa.eu\/info\/law\/better-regulation\/have-your-say\/initiatives\/17612-Tobacco-products-and-tobacco-advertising-revision-of-EU-rules_en\" rel=\"nofollow noopener\" target=\"_blank\"><strong><em>Adelante, escribe el tuyo propio si puedes<\/em><\/strong><\/a><em><strong>. Y utiliza nuestra <a href=\"https:\/\/fixtheflaws.eu\/\" rel=\"nofollow noopener\" target=\"_blank\">herramienta de redacci\u00f3n de comentarios<\/a> si necesitas inspiraci\u00f3n.<\/strong><\/em><\/p>\n\n<p class=\"wp-block-paragraph\">El Anexo 5 de la evaluaci\u00f3n de la Comisi\u00f3n Europea de su legislaci\u00f3n sobre el tabaco te dice m\u00e1s o menos todo lo que necesitas saber sobre lo que piensan de ti y de tus opiniones sobre productos de nicotina m\u00e1s seguros. Al describir los resultados de su \u00faltima consulta sobre el tema, encontramos el siguiente pasaje: <\/p>\n\n<p class=\"wp-block-paragraph\"><em>\u00abCiudadanos, la gran mayor\u00eda de los encuestados (89%)&#8230; est\u00e1n en desacuerdo con la necesidad de que las pol\u00edticas de la UE garanticen un mayor nivel de salud humana&#8230; Este resultado puede explicarse por la sobrerrepresentaci\u00f3n de los encuestados que son usuarios de productos emergentes\u00bb.<\/em><\/p>\n\n<p class=\"wp-block-paragraph\">Por si no ha quedado suficientemente claro, el informe contin\u00faa:<\/p>\n\n<blockquote class=\"wp-block-quote is-layout-flow wp-block-quote-is-layout-flow\">\n<p class=\"wp-block-paragraph\"><em>\u00abEsto podr\u00eda esperarse debido a las campa\u00f1as identificadas y a la naturaleza de la consulta, que atrae a quienes no apoyan la obtenci\u00f3n de beneficios de esta iniciativa de salud p\u00fablica, ya sea por intereses comerciales o de otro tipo\u00bb.<\/em><\/p>\n<\/blockquote>\n\n<p class=\"wp-block-paragraph\">D\u00e9jame que te lo traduzca.  <em>\u00abSois todos unos adictos degenerados y no nos importa lo que pens\u00e9is, porque o sois demasiado tontos para comprender el bien com\u00fan o est\u00e1is a sueldo de las grandes tabacaleras\u00bb.<\/em><\/p>\n\n<p class=\"wp-block-paragraph\">El lunes, la Comisi\u00f3n lanz\u00f3 otra consulta. Dentro de unas semanas, habr\u00e1 otra m\u00e1s. Nuestra comunidad saldr\u00e1 en masa y batir\u00e1 cualquier r\u00e9cord de respuesta que estableci\u00f3 la \u00faltima vez, argumentando contra la prohibici\u00f3n de los productos de nicotina m\u00e1s seguros que utilizaron para dejar de fumar. Y la Comisi\u00f3n har\u00e1 exactamente lo mismo que la \u00faltima vez: decirte que no cuentas.   <\/p>\n\n<p class=\"wp-block-paragraph\">Los medios de comunicaci\u00f3n clientes de la UE ya les est\u00e1n haciendo la pelota. El martes, el bolet\u00edn de Salud de Pol\u00edtico anunci\u00f3 la nueva consulta diciendo a sus lectores -que son predominantemente las personas que tomar\u00e1n las decisiones sobre la regulaci\u00f3n de la nicotina- que <em>\u00abla solicitud de la Comisi\u00f3n de comentarios p\u00fablicos sobre un plan de subida de los impuestos sobre el tabaco fue inundada con miles de comentarios an\u00f3nimos a favor del tabaco a principios de este a\u00f1o\u00bb.<\/em> <\/p>\n\n<p class=\"wp-block-paragraph\">Esta afirmaci\u00f3n <a href=\"https:\/\/clearingtheair.eu\/en\/post\/investigation-how-a-mysterious-ngo-is-smearing-ordinary-people-2\/\">la rebatimos en Clearing the Air cuando se hizo por primera vez<\/a>: es imposible hacer una presentaci\u00f3n an\u00f3nima a una consulta de la UE. <a href=\"https:\/\/www.linkedin.com\/posts\/peterbeckett_with-the-eus-call-for-evidence-on-revising-ugcPost-7462159655759261696-L-cJ?utm_source=share&amp;utm_medium=member_desktop&amp;rcm=ACoAAADq5EYBWFRre-9eWbGxRP8TaxTIsJCXPJ4\" rel=\"nofollow noopener\" target=\"_blank\">Hice la misma afirmaci\u00f3n en LinkedIn<\/a> el d\u00eda antes de que Pol\u00edtico saliera en prensa. As\u00ed que escrib\u00ed al periodista pidi\u00e9ndole que corrigiera la informaci\u00f3n. No esperaba que lo hicieran, y no lo hicieron.  <\/p>\n\n<p class=\"wp-block-paragraph\">Est\u00e1 claro que el reportero en cuesti\u00f3n ya se ha decidido, y <a href=\"https:\/\/www.politico.eu\/article\/eu-trade-officials-acted-aid-tobacco-giant-abroad-documents-show-philip-morris\/\" rel=\"nofollow noopener\" target=\"_blank\">colabora con <em>The Examination<\/em><\/a>, que <a href=\"https:\/\/www.theexamination.org\/about\" rel=\"nofollow noopener\" target=\"_blank\">recibe su dinero de Bloomberg Philanthropies<\/a> (que, como todos sabemos, est\u00e1 desesperada por sacar del mercado todos los productos de nicotina m\u00e1s seguros que pueda).  <\/p>\n\n<p class=\"wp-block-paragraph\">El bolet\u00edn en el que se public\u00f3 la noticia est\u00e1 patrocinado por la AESGP, que representa a los fabricantes de terapias de sustituci\u00f3n de nicotina y <a href=\"https:\/\/health.ec.europa.eu\/events\/meeting-revision-tobacco-products-directive-association-european-self-medication-industry-aesgp-2013-05-03_en\" rel=\"nofollow noopener\" target=\"_blank\">estaba a favor de prohibir los vaporizadores en 2013<\/a>, la \u00faltima vez que la UE examin\u00f3 la regulaci\u00f3n del tabaco. Es casi seguro que esta vez adoptar\u00e1 la misma postura. Demasiada objetividad.  <\/p>\n\n<p class=\"wp-block-paragraph\">Y llegados a este punto, supongo que debo recordar a los lectores que el propio Comisario de Sanidad de la UE se ha pasado el \u00faltimo a\u00f1o <a href=\"https:\/\/clearingtheair.eu\/en\/post\/eu-health-commissioner-doubles-down-on-tobacco-harm-stance\/\">afirmando falsamente<\/a> que los vaporizadores y las bolsas son tan nocivos como fumar. Es asombroso que ahora tengamos que referirnos casualmente a esta flagrante mala administraci\u00f3n como un hecho en la pol\u00edtica sobre nicotina, pero es lo que es. <\/p>\n\n<blockquote class=\"wp-block-quote is-layout-flow wp-block-quote-is-layout-flow\">\n<p class=\"wp-block-paragraph\">En este contexto, la Comisi\u00f3n pide, a rega\u00f1adientes, la opini\u00f3n de las masas.  <\/p>\n<\/blockquote>\n\n<p class=\"wp-block-paragraph\">Seamos claros sobre lo que est\u00e1 ocurriendo aqu\u00ed. La Comisi\u00f3n no te pregunta lo que piensas porque quiera saberlo o vaya a actuar en consecuencia. Te lo preguntan porque tienen que hacerlo y porque quedar\u00edan mal si no lo hicieran. Si hubiera alguna forma de salirse con la suya sin preguntar, la aprovechar\u00edan.   <\/p>\n\n<p class=\"wp-block-paragraph\">Saben que tendr\u00e1n noticias de mucha gente que se ha beneficiado de los productos de nicotina m\u00e1s seguros que tanto odian, y ya est\u00e1n preparando la narrativa para ignorarlos. Va m\u00e1s o menos as\u00ed: <\/p>\n\n<p class=\"wp-block-paragraph\"><em>\u00abMucha gente que utiliza vapes y petacas respondi\u00f3 a la consulta diciendo que no quer\u00edan que se prohibieran los vapes y las petacas. Sus respuestas eran muy parecidas y creemos que las grandes tabacaleras podr\u00edan haberles animado a hacerlo porque utilizan frases como \u00abreducci\u00f3n de da\u00f1os\u00bb, que tambi\u00e9n utiliza la industria tabacalera.  <\/em><\/p>\n\n<p class=\"wp-block-paragraph\"><em>Queremos prohibir las petacas y los vapes porque no nos gustan. Lo dijimos antes de esta consulta y que nos aspen si dejamos que las opiniones de estos drogadictos idiotas nos hagan cambiar de opini\u00f3n. Algunos de ellos pueden morir si hacemos lo que queremos, y \u00e9se es un precio que estamos dispuestos a pagar\u00bb.  <\/em><\/p>\n\n<p class=\"wp-block-paragraph\">Mientras escribo esto ya hay un par de cientos de respuestas a la convocatoria de pruebas. Mi viejo amigo Hans, de ACVODA, est\u00e1 utilizando las herramientas que creamos para analizar la \u00faltima consulta sobre \u00e9sta, y sorpresa, sorpresa, la mayor\u00eda de las respuestas son de consumidores que no quieren que se publiquen sus nombres y que quieren que se les deje en paz para consumir su nicotina en paz. Sospecho que seguir\u00e1n unos cuantos miles m\u00e1s.  <\/p>\n\n<p class=\"wp-block-paragraph\">Este es el punto en el que se supone que los medios como el nuestro deben animarte a participar en esta farsa. \u00abDiles a los pol\u00edticos lo que piensas\u00bb, se supone. \u00abTus opiniones importan\u00bb, se dice, \u00abrealmente puedes marcar la diferencia\u00bb.  <\/p>\n\n<p class=\"wp-block-paragraph\">Pues lo siento. No estoy de humor para participar en el juego. He tenido una mala semana, estoy harto de la hipocres\u00eda y ya no me apetece participar en \u00e9l.  <\/p>\n\n<p class=\"wp-block-paragraph\">Este no era el art\u00edculo que quer\u00eda escribir. <a href=\"https:\/\/fixtheflaws.eu\" rel=\"nofollow noopener\" target=\"_blank\">Incluso hice que Neil creara una herramienta de IA para ayudarte a enmarcar tu respuesta a la consulta<\/a>. Util\u00edzala si quieres, te ayudar\u00e1 a escribir un comentario bonito que la Comisi\u00f3n pueda ignorar o calumniar.  No puede ayudarte con el laborioso proceso de doce pasos para presentar realmente algo, ni evitar\u00e1 que personas que saben m\u00e1s te digan que no importas.  <\/p>\n\n<p class=\"wp-block-paragraph\">Pero supongo que es un peque\u00f1o acto de resistencia. Y nos servir\u00e1 como prueba cuando tengamos que convencer a los eurodiputados de que le metan un cuchillo a cualquier tonter\u00eda que proponga la Comisi\u00f3n al final de todo esto, para que no sea en vano. <\/p>\n\n<p class=\"wp-block-paragraph\">Pues claro. Responde a la puta consulta, supongo. El rastro de papel importa.  <\/p>\n<div class=\"clear-after-content\" style=\"margin-top: 20px;margin-bottom: 20px;margin-left: auto;margin-right: auto;text-align: center;\" id=\"clear-824722687\"><a data-no-instant=\"1\" href=\"https:\/\/www.broughton-group.com\/nicotine?utm_campaign=43296353-Clearing%20the%20Air%20PPC%20Campaign%20-%202026&#038;utm_source=ppc&#038;utm_medium=Paid%20Ads\" rel=\"noopener\" class=\"a2t-link\" aria-label=\"728 x 90 (2)\"><img src=\"https:\/\/clearingtheair.eu\/wp-content\/uploads\/2026\/04\/728-x-90-2.png\" alt=\"\"  srcset=\"https:\/\/clearingtheair.eu\/wp-content\/uploads\/2026\/04\/728-x-90-2.png 728w, https:\/\/clearingtheair.eu\/wp-content\/uploads\/2026\/04\/728-x-90-2-300x37.png 300w, https:\/\/clearingtheair.eu\/wp-content\/uploads\/2026\/04\/728-x-90-2-370x46.png 370w, https:\/\/clearingtheair.eu\/wp-content\/uploads\/2026\/04\/728-x-90-2-600x74.png 600w\" sizes=\"(max-width: 728px) 100vw, 728px\" width=\"728\" height=\"90\"  style=\"display: inline-block;\" \/><\/a><\/div>","protected":false},"excerpt":{"rendered":"<p>*Desde que se escribi\u00f3 esto, la Comisi\u00f3n ha lanzado una segunda consulta p\u00fablica. Escribiremos m\u00e1s sobre ello en breve. **Este art\u00edculo, menos las palabrotas, se ha presentado a la convocatoria de pruebas de la UE en nombre de Clearing the Air. Adelante,&hellip;<\/p>\n","protected":false},"author":990004,"featured_media":37680,"comment_status":"open","ping_status":"open","sticky":false,"template":"","format":"standard","meta":{"footnotes":""},"categories":[263,269],"tags":[423,388],"slider":[],"class_list":["post-37729","post","type-post","status-publish","format-standard","has-post-thumbnail","hentry","category-advocacy","category-news","tag-articulo","tag-nicotina-es"],"_links":{"self":[{"href":"https:\/\/clearingtheair.eu\/es\/wp-json\/wp\/v2\/posts\/37729","targetHints":{"allow":["GET"]}}],"collection":[{"href":"https:\/\/clearingtheair.eu\/es\/wp-json\/wp\/v2\/posts"}],"about":[{"href":"https:\/\/clearingtheair.eu\/es\/wp-json\/wp\/v2\/types\/post"}],"author":[{"embeddable":true,"href":"https:\/\/clearingtheair.eu\/es\/wp-json\/wp\/v2\/users\/990004"}],"replies":[{"embeddable":true,"href":"https:\/\/clearingtheair.eu\/es\/wp-json\/wp\/v2\/comments?post=37729"}],"version-history":[{"count":2,"href":"https:\/\/clearingtheair.eu\/es\/wp-json\/wp\/v2\/posts\/37729\/revisions"}],"predecessor-version":[{"id":37749,"href":"https:\/\/clearingtheair.eu\/es\/wp-json\/wp\/v2\/posts\/37729\/revisions\/37749"}],"wp:featuredmedia":[{"embeddable":true,"href":"https:\/\/clearingtheair.eu\/es\/wp-json\/wp\/v2\/media\/37680"}],"wp:attachment":[{"href":"https:\/\/clearingtheair.eu\/es\/wp-json\/wp\/v2\/media?parent=37729"}],"wp:term":[{"taxonomy":"category","embeddable":true,"href":"https:\/\/clearingtheair.eu\/es\/wp-json\/wp\/v2\/categories?post=37729"},{"taxonomy":"post_tag","embeddable":true,"href":"https:\/\/clearingtheair.eu\/es\/wp-json\/wp\/v2\/tags?post=37729"},{"taxonomy":"slider","embeddable":true,"href":"https:\/\/clearingtheair.eu\/es\/wp-json\/wp\/v2\/slider?post=37729"}],"curies":[{"name":"wp","href":"https:\/\/api.w.org\/{rel}","templated":true}]}}