{"id":38467,"date":"2026-06-17T08:46:32","date_gmt":"2026-06-17T08:46:32","guid":{"rendered":"https:\/\/clearingtheair.eu\/post\/los-paises-bajos-descartan-la-propuesta-de-prohibir-los-cigarrillos-electronicos-desechables\/"},"modified":"2026-06-17T08:47:27","modified_gmt":"2026-06-17T08:47:27","slug":"los-paises-bajos-descartan-la-propuesta-de-prohibir-los-cigarrillos-electronicos-desechables","status":"publish","type":"post","link":"https:\/\/clearingtheair.eu\/es\/post\/los-paises-bajos-descartan-la-propuesta-de-prohibir-los-cigarrillos-electronicos-desechables\/","title":{"rendered":"Los Pa\u00edses Bajos descartan la propuesta de prohibir los cigarrillos electr\u00f3nicos desechables"},"content":{"rendered":"<div class=\"clear-before-content-2\" style=\"margin-top: 20px;margin-bottom: 20px;margin-left: auto;margin-right: auto;text-align: center;\" id=\"clear-540583197\"><a data-no-instant=\"1\" href=\"https:\/\/www.broughton-group.com\/nicotine?utm_campaign=43296353-Clearing%20the%20Air%20PPC%20Campaign%20-%202026&#038;utm_source=ppc&#038;utm_medium=Paid%20Ads\" rel=\"noopener\" class=\"a2t-link\" aria-label=\"728 x 90 (2)\"><img src=\"https:\/\/clearingtheair.eu\/wp-content\/uploads\/2026\/04\/728-x-90-2.png\" alt=\"\"  srcset=\"https:\/\/clearingtheair.eu\/wp-content\/uploads\/2026\/04\/728-x-90-2.png 728w, https:\/\/clearingtheair.eu\/wp-content\/uploads\/2026\/04\/728-x-90-2-300x37.png 300w, https:\/\/clearingtheair.eu\/wp-content\/uploads\/2026\/04\/728-x-90-2-370x46.png 370w, https:\/\/clearingtheair.eu\/wp-content\/uploads\/2026\/04\/728-x-90-2-600x74.png 600w\" sizes=\"(max-width: 728px) 100vw, 728px\" width=\"728\" height=\"90\"  style=\"display: inline-block;\" \/><\/a><\/div>\n<p class=\"wp-block-paragraph\"><strong>El Gobierno neerland\u00e9s ha rechazado los planes para prohibir a nivel nacional los cigarrillos electr\u00f3nicos desechables, advirtiendo de que esa medida plantear\u00eda incertidumbres jur\u00eddicas y que, en su lugar, deber\u00eda abordarse a nivel de la UE.<\/strong><\/p>\n\n<p class=\"wp-block-paragraph\">Esta decisi\u00f3n significa que los Pa\u00edses Bajos no van a aplicar nuevas restricciones nacionales a los productos de un solo uso, como los cigarrillos electr\u00f3nicos desechables y los filtros de cigarrillos, a pesar de las preocupaciones medioambientales relacionadas con los residuos, los incendios y la basura.<\/p>\n\n<p class=\"wp-block-paragraph\">Los ministros afirmaron que una prohibici\u00f3n nacional de los cigarrillos electr\u00f3nicos desechables podr\u00eda entrar en conflicto con la Directiva europea sobre productos del tabaco. En su lugar, el Gobierno se\u00f1al\u00f3 que \u00abuna prohibici\u00f3n a escala de la UE parece la opci\u00f3n m\u00e1s prometedora\u00bb y que los Pa\u00edses Bajos abogar\u00e1n por que se tomen medidas en Bruselas. <\/p>\n\n<p class=\"wp-block-paragraph\">La decisi\u00f3n es importante porque los Pa\u00edses Bajos ya han adoptado una postura muy estricta con respecto al vapeo. La venta online de cigarrillos electr\u00f3nicos est\u00e1 prohibida desde julio de 2023, y ahora el tabaco es el \u00fanico sabor de cigarrillo electr\u00f3nico que se puede comprar legalmente en el pa\u00eds. <\/p>\n\n<p class=\"wp-block-paragraph\">Pero los datos de los vapeadores holandeses indican que esas restricciones han alejado a muchos adultos del mercado legal, en lugar de hacer que dejen de vapear.<\/p>\n\n<h3 class=\"wp-block-heading\"><strong>Las dudas jur\u00eddicas frenan la prohibici\u00f3n a nivel nacional<\/strong><\/h3>\n\n<p class=\"wp-block-paragraph\">El Gobierno neerland\u00e9s ha dicho que una ley nacional dirigida contra los productos desechables perjudiciales para el medio ambiente plantear\u00eda demasiada incertidumbre jur\u00eddica.<\/p>\n\n<p class=\"wp-block-paragraph\">El plan rechazado inclu\u00eda los pl\u00e1sticos de un solo uso, como los filtros de cigarrillos y los cigarrillos electr\u00f3nicos desechables. Los ministros tambi\u00e9n descartaron un sistema de dep\u00f3sito para los envases flexibles que se usan para bebidas, jab\u00f3n y detergente, alegando que las m\u00e1quinas de recogida actuales no son adecuadas para gestionarlos. <\/p>\n\n<p class=\"wp-block-paragraph\">Tambi\u00e9n se ha descartado una propuesta para prohibir fumar en la playa debido a la \u00abinsuficiente capacidad local para hacer cumplir la ley\u00bb.<\/p>\n\n<p class=\"wp-block-paragraph\">En cuanto a los cigarrillos con filtro, el Instituto Nacional de Salud P\u00fablica y Medio Ambiente inform\u00f3 en abril de que en los Pa\u00edses Bajos se venden cada a\u00f1o unos nueve mil millones de cigarrillos con filtro. Muchos acaban tirados por ah\u00ed. <\/p>\n\n<p class=\"wp-block-paragraph\">Los filtros contienen acetato de celulosa, un pl\u00e1stico que se degrada muy lentamente y que puede permanecer en el medio ambiente durante a\u00f1os.<\/p>\n\n<p class=\"wp-block-paragraph\">Los cigarrillos electr\u00f3nicos desechables plantean un problema diferente. El Gobierno ha se\u00f1alado que deben tirarse con la basura residual, pero que pueden provocar incendios en los camiones de basura y en las instalaciones de tratamiento de residuos. Adem\u00e1s, a menudo acaban en el medio ambiente.  <\/p>\n\n<p class=\"wp-block-paragraph\">Aun as\u00ed, las autoridades neerlandesas llegaron a la conclusi\u00f3n de que una prohibici\u00f3n a nivel nacional plantear\u00eda problemas legales en el marco de la UE.<\/p>\n\n<p class=\"wp-block-paragraph\"><a href=\"https:\/\/clearingtheair.eu\/en\/post\/belgium-to-ban-flavoured-vapes-from-2028-as-crackdown-intensifies\/\">B\u00e9lgica<\/a> ha prohibido los cigarrillos electr\u00f3nicos desechables mediante una cl\u00e1usula de excepci\u00f3n, pero las autoridades neerlandesas han dicho que no creen que los Pa\u00edses Bajos puedan seguir el mismo camino.<\/p>\n\n<h3 class=\"wp-block-heading\"><strong>Un enfoque basado en las prohibiciones que ya est\u00e1 en el punto de mira<\/strong><\/h3>\n\n<p class=\"wp-block-paragraph\">La decisi\u00f3n sobre los cigarrillos electr\u00f3nicos desechables llega en un momento complicado para la pol\u00edtica neerlandesa en materia de cigarrillos electr\u00f3nicos.<\/p>\n\n<p class=\"wp-block-paragraph\">Desde enero de 2024, en los Pa\u00edses Bajos solo se pueden comprar legalmente cigarrillos electr\u00f3nicos con sabor a tabaco. Sin embargo, <a href=\"https:\/\/clearingtheair.eu\/en\/post\/vape-ban-in-the-netherlands-has-backfired-new-poll-shows\/\">una encuesta realizada por <\/a>la asociaci\u00f3n holandesa de consumidores de cigarrillos electr\u00f3nicos ACVODA revel\u00f3 que la prohibici\u00f3n de los sabores ha tenido poco impacto en los h\u00e1bitos de consumo de los usuarios adultos. <\/p>\n\n<p class=\"wp-block-paragraph\">En cambio, la mayor\u00eda de los encuestados dijeron que hab\u00edan empezado a comprar en el extranjero o por Internet.<\/p>\n\n<p class=\"wp-block-paragraph\">Seg\u00fan la encuesta, el 80 % de los vapeadores adultos neerlandeses compran ahora sus cigarrillos electr\u00f3nicos en otros pa\u00edses o por Internet. La mitad dijo que viaja a pa\u00edses vecinos para comprarlos, mientras que el 30 % afirm\u00f3 que los pide por Internet o a trav\u00e9s de vendedores en redes sociales con sede en el extranjero. <\/p>\n\n<p class=\"wp-block-paragraph\">El tabaco es el \u00fanico sabor de cigarrillo electr\u00f3nico que se puede comprar legalmente, pero solo el dos por ciento de los usuarios encuestados dijo que lo usa.<\/p>\n\n<p class=\"wp-block-paragraph\">ACVODA ha declarado: \u00abEsta no puede ser la intenci\u00f3n de la pol\u00edtica holandesa actual, que ahora solo afecta a los usuarios adultos. La prohibici\u00f3n de los aromas no da en el blanco. Permitir algunos aromas y mejorar la aplicaci\u00f3n de la normativa ser\u00eda un paso en la direcci\u00f3n correcta\u00bb.<\/p>\n\n<p class=\"wp-block-paragraph\">La encuesta tambi\u00e9n revel\u00f3 que casi la mitad de los encuestados hab\u00eda empezado a vapear para dejar de fumar. Desde que entraron en vigor las nuevas normas, algo menos del 10 % dijo que hab\u00eda vuelto a fumar cigarrillos. <\/p>\n\n<p class=\"wp-block-paragraph\">Esa es la principal preocupaci\u00f3n en materia de reducci\u00f3n de da\u00f1os. Las pol\u00edticas dise\u00f1adas para reducir el atractivo entre los j\u00f3venes o los residuos medioambientales pueden tener consecuencias no deseadas si se empuja a los fumadores adultos y a los exfumadores hacia los cigarrillos, las ventas transfronterizas o las v\u00edas de suministro no reguladas. <\/p>\n\n<h3 class=\"wp-block-heading\"><strong>Los fumadores se quedan con menos opciones legales<\/strong><\/h3>\n\n<p class=\"wp-block-paragraph\">ACVODA ha dicho que la pol\u00edtica neerlandesa ha complicado el acceso de los adultos a los productos que sol\u00edan utilizar para dejar de fumar.<\/p>\n\n<p class=\"wp-block-paragraph\">El grupo afirm\u00f3: \u00abAhora se ha vuelto imposible comprar el producto legal que uno quiere en los Pa\u00edses Bajos y usarlo como una alternativa menos da\u00f1ina a los cigarrillos. Ya casi no quedan tiendas especializadas donde se pueda encontrar buena informaci\u00f3n. El vapeador medio, de los cuales m\u00e1s del 98 % fumaba cigarrillos antes, sent\u00eda poca necesidad de recurrir al tabaco con sabores\u00bb.<\/p>\n\n<p class=\"wp-block-paragraph\">Y a\u00f1ad\u00eda: \u00abEl Gobierno est\u00e1 haciendo que ahora sea imposible comprar en los Pa\u00edses Bajos un producto legal, seguro y de tu elecci\u00f3n. La gran mayor\u00eda de los encuestados afirma que la restricci\u00f3n y la prohibici\u00f3n de las alternativas facilitan el paso a los cigarrillos en lugar de dificultarlo; al fin y al cabo, ya no hay ninguna opci\u00f3n para satisfacer el placer de la nicotina de una forma menos da\u00f1ina\u00bb.<\/p>\n<div class=\"clear-after-content\" style=\"margin-top: 20px;margin-bottom: 20px;margin-left: auto;margin-right: auto;text-align: center;\" id=\"clear-2884667462\"><a data-no-instant=\"1\" href=\"https:\/\/www.broughton-group.com\/nicotine?utm_campaign=43296353-Clearing%20the%20Air%20PPC%20Campaign%20-%202026&#038;utm_source=ppc&#038;utm_medium=Paid%20Ads\" rel=\"noopener\" class=\"a2t-link\" aria-label=\"728 x 90 (2)\"><img src=\"https:\/\/clearingtheair.eu\/wp-content\/uploads\/2026\/04\/728-x-90-2.png\" alt=\"\"  srcset=\"https:\/\/clearingtheair.eu\/wp-content\/uploads\/2026\/04\/728-x-90-2.png 728w, https:\/\/clearingtheair.eu\/wp-content\/uploads\/2026\/04\/728-x-90-2-300x37.png 300w, https:\/\/clearingtheair.eu\/wp-content\/uploads\/2026\/04\/728-x-90-2-370x46.png 370w, https:\/\/clearingtheair.eu\/wp-content\/uploads\/2026\/04\/728-x-90-2-600x74.png 600w\" sizes=\"(max-width: 728px) 100vw, 728px\" width=\"728\" height=\"90\"  style=\"display: inline-block;\" \/><\/a><\/div>","protected":false},"excerpt":{"rendered":"<p>El Gobierno neerland\u00e9s ha rechazado los planes para prohibir a nivel nacional los cigarrillos electr\u00f3nicos desechables, advirtiendo de que esa medida plantear\u00eda incertidumbres jur\u00eddicas y que, en su lugar, deber\u00eda abordarse a nivel de la UE. Esta decisi\u00f3n significa que los Pa\u00edses&hellip;<\/p>\n","protected":false},"author":990005,"featured_media":38450,"comment_status":"open","ping_status":"open","sticky":false,"template":"","format":"standard","meta":{"footnotes":""},"categories":[269],"tags":[428,518,388,531],"slider":[],"class_list":["post-38467","post","type-post","status-publish","format-standard","has-post-thumbnail","hentry","category-news","tag-belgium-es","tag-netherlands-es","tag-nicotina-es","tag-viajar"],"_links":{"self":[{"href":"https:\/\/clearingtheair.eu\/es\/wp-json\/wp\/v2\/posts\/38467","targetHints":{"allow":["GET"]}}],"collection":[{"href":"https:\/\/clearingtheair.eu\/es\/wp-json\/wp\/v2\/posts"}],"about":[{"href":"https:\/\/clearingtheair.eu\/es\/wp-json\/wp\/v2\/types\/post"}],"author":[{"embeddable":true,"href":"https:\/\/clearingtheair.eu\/es\/wp-json\/wp\/v2\/users\/990005"}],"replies":[{"embeddable":true,"href":"https:\/\/clearingtheair.eu\/es\/wp-json\/wp\/v2\/comments?post=38467"}],"version-history":[{"count":1,"href":"https:\/\/clearingtheair.eu\/es\/wp-json\/wp\/v2\/posts\/38467\/revisions"}],"predecessor-version":[{"id":38472,"href":"https:\/\/clearingtheair.eu\/es\/wp-json\/wp\/v2\/posts\/38467\/revisions\/38472"}],"wp:featuredmedia":[{"embeddable":true,"href":"https:\/\/clearingtheair.eu\/es\/wp-json\/wp\/v2\/media\/38450"}],"wp:attachment":[{"href":"https:\/\/clearingtheair.eu\/es\/wp-json\/wp\/v2\/media?parent=38467"}],"wp:term":[{"taxonomy":"category","embeddable":true,"href":"https:\/\/clearingtheair.eu\/es\/wp-json\/wp\/v2\/categories?post=38467"},{"taxonomy":"post_tag","embeddable":true,"href":"https:\/\/clearingtheair.eu\/es\/wp-json\/wp\/v2\/tags?post=38467"},{"taxonomy":"slider","embeddable":true,"href":"https:\/\/clearingtheair.eu\/es\/wp-json\/wp\/v2\/slider?post=38467"}],"curies":[{"name":"wp","href":"https:\/\/api.w.org\/{rel}","templated":true}]}}