{"id":40971,"date":"2026-09-03T09:51:24","date_gmt":"2026-09-03T09:51:24","guid":{"rendered":"https:\/\/clearingtheair.eu\/post\/un-medico-un-economista-y-el-exjefe-de-la-fuerza-fronteriza-le-piden-a-albanese-que-adopte-la-politica-sobre-el-tabaco-de-la-coalicion\/"},"modified":"2026-09-03T09:51:45","modified_gmt":"2026-09-03T09:51:45","slug":"un-medico-un-economista-y-el-exjefe-de-la-fuerza-fronteriza-le-piden-a-albanese-que-adopte-la-politica-sobre-el-tabaco-de-la-coalicion","status":"publish","type":"post","link":"https:\/\/clearingtheair.eu\/es\/post\/un-medico-un-economista-y-el-exjefe-de-la-fuerza-fronteriza-le-piden-a-albanese-que-adopte-la-politica-sobre-el-tabaco-de-la-coalicion\/","title":{"rendered":"Un m\u00e9dico, un economista y el exjefe de la Fuerza Fronteriza le piden a Albanese que adopte la pol\u00edtica sobre el tabaco de la Coalici\u00f3n"},"content":{"rendered":"<div class=\"clear-before-content-2\" style=\"margin-top: 20px;margin-bottom: 20px;margin-left: auto;margin-right: auto;text-align: center;\" id=\"clear-1478429312\"><a data-no-instant=\"1\" href=\"https:\/\/www.broughton-group.com\/nicotine?utm_campaign=43296353-Clearing%20the%20Air%20PPC%20Campaign%20-%202026&#038;utm_source=ppc&#038;utm_medium=Paid%20Ads\" rel=\"noopener\" class=\"a2t-link\" aria-label=\"728 x 90 (2)\"><img src=\"https:\/\/clearingtheair.eu\/wp-content\/uploads\/2026\/04\/728-x-90-2.png\" alt=\"\"  srcset=\"https:\/\/clearingtheair.eu\/wp-content\/uploads\/2026\/04\/728-x-90-2.png 728w, https:\/\/clearingtheair.eu\/wp-content\/uploads\/2026\/04\/728-x-90-2-300x37.png 300w, https:\/\/clearingtheair.eu\/wp-content\/uploads\/2026\/04\/728-x-90-2-370x46.png 370w, https:\/\/clearingtheair.eu\/wp-content\/uploads\/2026\/04\/728-x-90-2-600x74.png 600w\" sizes=\"(max-width: 728px) 100vw, 728px\" width=\"728\" height=\"90\"  style=\"display: inline-block;\" \/><\/a><\/div>\n<p class=\"wp-block-paragraph\"><strong>Tres expertos australianos le escribieron el jueves al primer ministro para pedirle que pusiera en pr\u00e1ctica la pol\u00edtica antitabaco de su rival.<\/strong><\/p>\n\n<p class=\"wp-block-paragraph\">Los firmantes son el Dr. Nick Coatsworth, subdirector m\u00e9dico durante la pandemia; Richard Holden, catedr\u00e1tico de Econom\u00eda de la UNSW; y Rohan Pike, que fund\u00f3 el \u00abTobacco Strike Team\u00bb de la Fuerza Fronteriza Australiana en 2015. Describen un mercado negro que es \u00ab\u00fanico a nivel internacional\u00bb y una violencia criminal que \u00abest\u00e1 desgastando nuestro tejido social\u00bb. <\/p>\n\n<blockquote class=\"wp-block-quote is-layout-flow wp-block-quote-is-layout-flow\">\n<p class=\"wp-block-paragraph\">\u00abEl hecho de que el mercado del tabaco haya pasado de manos del Gobierno a las del crimen organizado pone en peligro directamente la salud de los australianos\u00bb,  <\/p>\n<\/blockquote>\n\n<p class=\"wp-block-paragraph\">Escriben eso, argumentando que la p\u00e9rdida de cuota de mercado ha hecho que los cigarrillos sean m\u00e1s accesibles, no menos.<\/p>\n\n<p class=\"wp-block-paragraph\">Echan la culpa a ambos bandos: las subidas consecutivas del impuesto especial bajo los gobiernos laboristas y de la Coalici\u00f3n. El mecanismo, dicen, es sencillo. \u00abEl mercado il\u00edcito del tabaco existe porque es rentable, y esa rentabilidad depende de una gran diferencia de precio entre el producto legal y el il\u00edcito\u00bb. De ah\u00ed que: \u00abEsta diferencia solo se puede reducir con una bajada dr\u00e1stica de los impuestos especiales\u00bb.   <\/p>\n\n<p class=\"wp-block-paragraph\">La medida que est\u00e1n apoyando la anunci\u00f3 el l\u00edder de la oposici\u00f3n, Angus Taylor, esa misma ma\u00f1ana: recortar el impuesto especial sobre el tabaco en un 80 %, lo que reducir\u00eda el impuesto sobre un paquete de 20 cigarrillos de unos 30 a 6 d\u00f3lares; legalizar y gravar los cigarrillos electr\u00f3nicos y las bolsitas de nicotina; y destinar 200 millones de d\u00f3lares a reforzar la aplicaci\u00f3n de la ley. La carta reconoce la magnitud de la reducci\u00f3n y, aun as\u00ed, la defiende: la cifra del 80 % \u00abes considerable, pero es necesaria\u00bb. <\/p>\n\n<p class=\"wp-block-paragraph\"><a href=\"https:\/\/www.abs.gov.au\/articles\/household-consumption-illicit-tobacco-and-nicotine-products\" rel=\"nofollow noopener\" target=\"_blank\">Las estimaciones de la Oficina Australiana de Estad\u00edstica<\/a> publicadas en junio revelaron que el mercado negro suministr\u00f3 el 80 % de todo el tabaco y la nicotina que se consumieron en Australia en 2025, frente al 12 % de 2017. Los vol\u00famenes legales cayeron a menos de un tercio de su nivel de 2017. Los precios legales casi se triplicaron; los precios del mercado negro apenas variaron.  <\/p>\n\n<p class=\"wp-block-paragraph\">El consumo total de nicotina subi\u00f3 casi un 40 % entre 2017 y 2025, frente a un crecimiento demogr\u00e1fico del 14 %. Australia no redujo el consumo de nicotina. Lo que hizo fue ceder el mercado al crimen organizado, que lo hizo crecer.  <\/p>\n\n<p class=\"wp-block-paragraph\">El tercer pilar de la carta es la reducci\u00f3n de da\u00f1os: acabar con el comercio il\u00edcito significa \u00abanimar a nuestros fumadores a optar por la alternativa m\u00e1s segura de los cigarrillos electr\u00f3nicos regulados, reduciendo as\u00ed la demanda de tabaco\u00bb. Actualmente, los cigarrillos electr\u00f3nicos solo son legales en farmacias y las bolsitas est\u00e1n totalmente prohibidas, lo que, seg\u00fan las estimaciones de Pike, ha hecho que aproximadamente el 95 % del consumo de cigarrillos electr\u00f3nicos en Australia acabe en manos de la delincuencia. Los productos que sustituyen a la combusti\u00f3n son m\u00e1s dif\u00edciles de comprar legalmente que los cigarrillos a los que sustituyen. La Coalici\u00f3n gravar\u00eda el e-l\u00edquido con 50 c\u00e9ntimos por mililitro y las bolsitas con 2,5 c\u00e9ntimos por miligramo de nicotina.   <\/p>\n\n<p class=\"wp-block-paragraph\">Unas horas antes de que se enviara la carta, <a href=\"https:\/\/www.examiner.com.au\/story\/9342850\/alleged-tobacco-shop-arsonist-now-fighting-for-his-life\/\" rel=\"nofollow noopener\" target=\"_blank\">una tabaquer\u00eda de High Street, en Melton, fue objeto de un ataque con bombas incendiarias<\/a>; las c\u00e1maras de seguridad captaron a un hombre prendi\u00e9ndose fuego en el brazo, y un segundo hombre, de unos veinte a\u00f1os, sufri\u00f3 quemaduras graves y lucha por su vida. Fue uno de los m\u00e1s de 150 incendios en tabaquer\u00edas que se han producido en Victoria desde marzo de 2023. La Brigada contra el Crimen Organizado de la Polic\u00eda de Victoria ha llevado a cabo m\u00e1s de 350 redadas y ha detenido al menos a 212 personas. Katie Tangey, de 27 a\u00f1os, muri\u00f3 en enero de 2025 cuando unos pir\u00f3manos se equivocaron de direcci\u00f3n en Truganina.   <\/p>\n\n<p class=\"wp-block-paragraph\">El Partido Laborista dice que no hay pruebas de que una reducci\u00f3n acabara con el comercio il\u00edcito.<\/p>\n<div class=\"clear-after-content\" style=\"margin-top: 20px;margin-bottom: 20px;margin-left: auto;margin-right: auto;text-align: center;\" id=\"clear-384970023\"><a data-no-instant=\"1\" href=\"https:\/\/www.broughton-group.com\/nicotine?utm_campaign=43296353-Clearing%20the%20Air%20PPC%20Campaign%20-%202026&#038;utm_source=ppc&#038;utm_medium=Paid%20Ads\" rel=\"noopener\" class=\"a2t-link\" aria-label=\"728 x 90 (2)\"><img src=\"https:\/\/clearingtheair.eu\/wp-content\/uploads\/2026\/04\/728-x-90-2.png\" alt=\"\"  srcset=\"https:\/\/clearingtheair.eu\/wp-content\/uploads\/2026\/04\/728-x-90-2.png 728w, https:\/\/clearingtheair.eu\/wp-content\/uploads\/2026\/04\/728-x-90-2-300x37.png 300w, https:\/\/clearingtheair.eu\/wp-content\/uploads\/2026\/04\/728-x-90-2-370x46.png 370w, https:\/\/clearingtheair.eu\/wp-content\/uploads\/2026\/04\/728-x-90-2-600x74.png 600w\" sizes=\"(max-width: 728px) 100vw, 728px\" width=\"728\" height=\"90\"  style=\"display: inline-block;\" \/><\/a><\/div>","protected":false},"excerpt":{"rendered":"<p>Tres expertos australianos le escribieron el jueves al primer ministro para pedirle que pusiera en pr\u00e1ctica la pol\u00edtica antitabaco de su rival. Los firmantes son el Dr. Nick Coatsworth, subdirector m\u00e9dico durante la pandemia; Richard Holden, catedr\u00e1tico de Econom\u00eda de la UNSW;&hellip;<\/p>\n","protected":false},"author":990005,"featured_media":40967,"comment_status":"open","ping_status":"open","sticky":false,"template":"","format":"standard","meta":{"footnotes":""},"categories":[269],"tags":[365,585,388],"slider":[],"class_list":["post-40971","post","type-post","status-publish","format-standard","has-post-thumbnail","hentry","category-news","tag-australia-es","tag-cigarrillos-electronicos","tag-nicotina-es"],"_links":{"self":[{"href":"https:\/\/clearingtheair.eu\/es\/wp-json\/wp\/v2\/posts\/40971","targetHints":{"allow":["GET"]}}],"collection":[{"href":"https:\/\/clearingtheair.eu\/es\/wp-json\/wp\/v2\/posts"}],"about":[{"href":"https:\/\/clearingtheair.eu\/es\/wp-json\/wp\/v2\/types\/post"}],"author":[{"embeddable":true,"href":"https:\/\/clearingtheair.eu\/es\/wp-json\/wp\/v2\/users\/990005"}],"replies":[{"embeddable":true,"href":"https:\/\/clearingtheair.eu\/es\/wp-json\/wp\/v2\/comments?post=40971"}],"version-history":[{"count":1,"href":"https:\/\/clearingtheair.eu\/es\/wp-json\/wp\/v2\/posts\/40971\/revisions"}],"predecessor-version":[{"id":40974,"href":"https:\/\/clearingtheair.eu\/es\/wp-json\/wp\/v2\/posts\/40971\/revisions\/40974"}],"wp:featuredmedia":[{"embeddable":true,"href":"https:\/\/clearingtheair.eu\/es\/wp-json\/wp\/v2\/media\/40967"}],"wp:attachment":[{"href":"https:\/\/clearingtheair.eu\/es\/wp-json\/wp\/v2\/media?parent=40971"}],"wp:term":[{"taxonomy":"category","embeddable":true,"href":"https:\/\/clearingtheair.eu\/es\/wp-json\/wp\/v2\/categories?post=40971"},{"taxonomy":"post_tag","embeddable":true,"href":"https:\/\/clearingtheair.eu\/es\/wp-json\/wp\/v2\/tags?post=40971"},{"taxonomy":"slider","embeddable":true,"href":"https:\/\/clearingtheair.eu\/es\/wp-json\/wp\/v2\/slider?post=40971"}],"curies":[{"name":"wp","href":"https:\/\/api.w.org\/{rel}","templated":true}]}}