{"id":16534,"date":"2024-11-28T10:00:03","date_gmt":"2024-11-28T10:00:03","guid":{"rendered":"https:\/\/clearingtheair.eu\/le-projet-de-loi-britannique-sur-le-tabac-et-la-vape-franchit-un-obstacle-majeur-maintenant-exprimez-vous\/"},"modified":"2025-01-06T16:37:48","modified_gmt":"2025-01-06T16:37:48","slug":"le-projet-de-loi-britannique-sur-le-tabac-et-la-vape-franchit-un-obstacle-majeur-maintenant-exprimez-vous","status":"publish","type":"post","link":"https:\/\/clearingtheair.eu\/fr\/post\/le-projet-de-loi-britannique-sur-le-tabac-et-la-vape-franchit-un-obstacle-majeur-maintenant-exprimez-vous\/","title":{"rendered":"Le projet de loi britannique sur le tabac et la vape franchit un obstacle majeur. Maintenant, exprimez-vous"},"content":{"rendered":"<div class=\"clear-before-content-2\" style=\"margin-top: 20px;margin-bottom: 20px;margin-left: auto;margin-right: auto;text-align: center;\" id=\"clear-4111415064\"><img src=\"https:\/\/clearingtheair.eu\/wp-content\/uploads\/2026\/04\/caafc5c68900198b80aee12c11b50184.avif\" alt=\"\"   style=\"display: inline-block;\" \/><\/div><p id=\"\"><strong id=\"\">Les projets visant \u00e0 interdire de fumer \u00e0 la prochaine g\u00e9n\u00e9ration de jeunes et \u00e0 r\u00e9primer le vapotage au Royaume-Uni ont permis de surmonter un obstacle majeur. <\/strong><\/p>\n<p id=\"\">Les d\u00e9put\u00e9s ont vot\u00e9 \u00e0 une \u00e9crasante majorit\u00e9 en faveur de l&rsquo; \u00ab&nbsp;historique&nbsp;\u00bb <a href=\"https:\/\/publications.parliament.uk\/pa\/bills\/cbill\/59-01\/0121\/240121v2.pdf\" id=\"\" rel=\"nofollow noopener\" target=\"_blank\">Projet de loi sur le tabac et le vapotage<\/a> lors de sa deuxi\u00e8me lecture aux Communes mardi, avec 415 pour et 47 contre. <\/p>\n<p id=\"\">La l\u00e9gislation propos\u00e9e va maintenant passer aux \u00e9tapes de la commission et du rapport, o\u00f9 elle fera l&rsquo;objet d&rsquo;un examen plus approfondi avant que les d\u00e9put\u00e9s ne se prononcent \u00e0 nouveau sur elle \u00e0 une date ult\u00e9rieure.<\/p>\n<p id=\"\"><strong id=\"\">Envoyez vos points de vue<\/strong><\/p>\n<p id=\"\">Le gouvernement appelle les personnes ayant \u00ab&nbsp;une expertise et une exp\u00e9rience pertinentes ou un int\u00e9r\u00eat particulier pour le projet de loi&nbsp;\u00bb \u00e0 faire part de leur point de vue par \u00e9crit. Plus t\u00f4t vous enverrez votre demande, plus le Comit\u00e9 aura le temps d&rsquo;en tenir compte. <\/p>\n<p id=\"\">La premi\u00e8re s\u00e9ance du Comit\u00e9 des projets de loi publics devrait avoir lieu le mardi 7 janvier 2025 et le Comit\u00e9 fera rapport sur le projet de loi avant 17 heures le jeudi 30 janvier 2025. <\/p>\n<blockquote id=\"\"><p><strong>Vos points de vue ainsi que toute preuve pertinente doivent \u00eatre envoy\u00e9s \u00e0 <\/strong><a href=\"mailto:scrutiny@parliament.uk\" id=\"\"><strong>scrutiny@parliament.uk<\/strong><\/a><strong>. Vous trouverez des conseils suppl\u00e9mentaires sur ce qu&rsquo;il faut inclure <\/strong><a href=\"https:\/\/www.parliament.uk\/globalassets\/documents\/commons-committees\/witnessguide.pdf\" id=\"\" rel=\"nofollow noopener\" target=\"_blank\"><strong>ici.<\/strong><\/a><strong> Vous pourriez expliquer, par exemple, comment le vapotage vous a aid\u00e9 \u00e0 arr\u00eater de fumer et comment le projet de loi, dans sa forme actuelle, vous affecterait. <\/strong><\/p><\/blockquote>\n<p id=\"\"><strong id=\"\">Comment nous en sommes arriv\u00e9s l\u00e0<\/strong><\/p>\n<p id=\"\">Le projet de loi sur le tabac et la vape a \u00e9t\u00e9 initialement r\u00e9dig\u00e9 par l&rsquo;ancien Premier ministre conservateur Rishi Sunak, mais a d\u00fb \u00eatre abandonn\u00e9 lors du d\u00e9clenchement d&rsquo;\u00e9lections g\u00e9n\u00e9rales anticip\u00e9es. <\/p>\n<p id=\"\">Les plans visant \u00e0 les r\u00e9introduire sous le nouveau gouvernement travailliste ont \u00e9t\u00e9 annonc\u00e9s dans le discours du roi en juillet. Le projet de loi a \u00e9t\u00e9 adopt\u00e9 <a href=\"https:\/\/www.clearingtheair.eu\/en\/post\/tobacco-and-vapes-bill-goes-before-uk-parliament\" id=\"\">sa premi\u00e8re lecture aux Communes<\/a> plus t\u00f4t ce mois-ci.<\/p>\n<p id=\"\"><strong id=\"\">Que comprend le projet de loi&nbsp;? <\/strong><\/p>\n<p id=\"\">La partie la plus ambitieuse de la nouvelle l\u00e9gislation est l&rsquo;interdiction g\u00e9n\u00e9rationnelle de fumer. Le Royaume-Uni deviendrait le premier pays au monde \u00e0 interdire \u00e0 toute personne n\u00e9e en 2009 ou apr\u00e8s d&rsquo;acheter des cigarettes ou du tabac. <\/p>\n<p id=\"\">L&rsquo;\u00e2ge l\u00e9gal pour fumer serait relev\u00e9 d&rsquo;un an par an afin d&#8217;emp\u00eacher les jeunes d&rsquo;aujourd&rsquo;hui de commencer \u00e0 fumer, cr\u00e9ant ainsi \u00ab&nbsp;la premi\u00e8re g\u00e9n\u00e9ration sans tabac&nbsp;\u00bb.<\/p>\n<p id=\"\">Le gouvernement sera \u00e9galement habilit\u00e9 \u00e0 \u00e9tendre l&rsquo;interdiction actuelle de fumer \u00e0 l&rsquo;int\u00e9rieur \u00e0 certains environnements ext\u00e9rieurs tels que les aires de jeux pour enfants, ainsi qu&rsquo;\u00e0 l&rsquo;ext\u00e9rieur des \u00e9coles et des h\u00f4pitaux. <\/p>\n<p id=\"\">Le tabagisme est la principale cause \u00e9vitable de d\u00e9c\u00e8s, d&rsquo;invalidit\u00e9 et de maladie au Royaume-Uni. Il cause environ 80 000 d\u00e9c\u00e8s par an, soit un d\u00e9c\u00e8s par cancer sur quatre, et tue jusqu&rsquo;\u00e0 deux tiers de ses utilisateurs de longue dur\u00e9e. Le tabagisme co\u00fbte \u00e9galement 21,8 milliards de livres par an \u00e0 l&rsquo;\u00e9conomie du pays et \u00e0 la soci\u00e9t\u00e9 en g\u00e9n\u00e9ral. Dans le monde, le tabagisme tue huit millions de personnes par an, dont environ 1,3 million de non-fumeurs qui inhalent le tabagisme passif. <\/p>\n<p id=\"\">Le vapotage, quant \u00e0 lui, n&rsquo;est associ\u00e9 \u00e0 aucune maladie li\u00e9e au tabac. <\/p>\n<p id=\"\"><strong id=\"\">Que signifiera le projet de loi pour le vapotage&nbsp;? <\/strong><\/p>\n<p id=\"\">Le projet de loi r\u00e9prime \u00e9galement le vapotage, dans le but de le rendre moins accessible et attrayant pour les enfants et les jeunes. <\/p>\n<p id=\"\">Il propose d&rsquo;interdire les ar\u00f4mes pour e-liquides consid\u00e9r\u00e9s comme \u00ab&nbsp;attrayants pour les jeunes&nbsp;\u00bb ou \u00ab&nbsp;destin\u00e9s aux mineurs&nbsp;\u00bb. Cela comprend des saveurs sucr\u00e9es comme la barbe \u00e0 papa, le chewing-gum, l&rsquo;ourson en g\u00e9latine, le cola et le dessert, mais aussi des fruits, qui sont les plus populaires parmi les fumeurs qui essaient d&rsquo;arr\u00eater de fumer. <\/p>\n<p id=\"\">Les fabricants de vapoteurs seront tenus d&rsquo;utiliser des emballages neutres, \u00ab&nbsp;moins attrayants visuellement&nbsp;\u00bb et les magasins devront les d\u00e9placer hors de la vue des enfants et les \u00e9loigner des produits susceptibles de les int\u00e9resser, tels que les bonbons et le chocolat. La publicit\u00e9 et le parrainage des vapoteurs, ainsi que leur vente dans des distributeurs automatiques, seront \u00e9galement interdits.<\/p>\n<p id=\"\">Le projet de loi introduira une nouvelle amende imm\u00e9diate de 200 livres sterling pour aider les agents des normes commerciales \u00e0 r\u00e9primer les infractions telles que les ventes aux mineurs. <\/p>\n<p id=\"\">Les vapoteurs jetables doivent \u00eatre interdits \u00e0 partir du 1er juin 2025, mais cela fait l&rsquo;objet d&rsquo;une l\u00e9gislation distincte adopt\u00e9e par le minist\u00e8re de l&rsquo;Alimentation, de l&rsquo;Environnement et des Affaires rurales. <\/p>\n<p id=\"\"><strong id=\"\">Quelle est la prochaine \u00e9tape&nbsp;? <\/strong><\/p>\n<p id=\"\">Avant d&rsquo;entrer officiellement en vigueur, le projet de loi sur le tabac et la vape devra passer par un long processus aux Communes et aux Lords, o\u00f9 il sera d\u00e9battu et examin\u00e9 par les d\u00e9put\u00e9s et les pairs.<\/p>\n<p id=\"\">Au cours de cette p\u00e9riode, il est possible que le projet de loi soit \u00e9dulcor\u00e9 ou renforc\u00e9.<\/p>\n<p id=\"\">Maintenant qu&rsquo;il est pass\u00e9 en deuxi\u00e8me lecture, le projet de loi passera \u00e0 l&rsquo;\u00e9tape du comit\u00e9 o\u00f9 un examen d\u00e9taill\u00e9 aura lieu. Cela commence g\u00e9n\u00e9ralement dans les deux semaines suivant la deuxi\u00e8me lecture. <\/p>\n<p id=\"\">Il passera ensuite \u00e0 l&rsquo;\u00e9tape du rapport, o\u00f9 les d\u00e9put\u00e9s auront la possibilit\u00e9, sur le parquet de la Chambre des communes, d&rsquo;envisager de nouveaux changements. Par la suite, les d\u00e9put\u00e9s ont la possibilit\u00e9 de voter \u00e0 nouveau en troisi\u00e8me lecture. <\/p>\n<p id=\"\">Si le projet de loi passe ces \u00e9tapes \u00e0 la Chambre des communes, il doit ensuite passer par le m\u00eame processus devant les Lords avant de recevoir la sanction royale et de finalement devenir loi.<\/p>\n<p id=\"\"><strong id=\"\">Craintes que le projet de loi ne se retourne contre lui<\/strong><\/p>\n<p id=\"\">Alors que les nouvelles restrictions sur les vapoteurs visent \u00e0 r\u00e9duire leur attrait pour les enfants, les d\u00e9fenseurs de la vape et certains organismes de sant\u00e9 ont <a href=\"https:\/\/www.clearingtheair.eu\/en\/post\/uk-disposable-vape-ban-a-disaster-that-will-fuel-black-market-industry-experts-warn\" id=\"\">ont pr\u00e9venu qu&rsquo;ils pourraient dissuader les fumeurs de cesser de fumer et entra\u00eener un essor des ventes sur le march\u00e9 noir.<\/a>&nbsp;<\/p>\n<p id=\"\">Le minist\u00e8re de l&rsquo;Environnement, de l&rsquo;Alimentation et des Affaires rurales (Defra) a d\u00e9clar\u00e9 aux ministres au d\u00e9but du mois que l&rsquo;interdiction des produits jetables pourrait \u00e0 elle seule inciter pr\u00e8s d&rsquo;un tiers (29 pour cent) des vapoteurs \u00e0 recommencer \u00e0 fumer.<\/p>\n<p id=\"\">Et une \u00e9tude distincte publi\u00e9e par la marque de vapotage Elfbar cette semaine r\u00e9v\u00e8le qu&rsquo;environ 2,3 millions de vapoteurs au Royaume-Uni (41&nbsp;%) pourraient recommencer \u00e0 fumer gr\u00e2ce au nouveau projet de loi. <\/p>\n<p id=\"\">\u200d<\/p>\n<div class=\"clear-after-content-2\" style=\"margin-top: 20px;margin-bottom: 20px;margin-left: auto;margin-right: auto;text-align: center;\" id=\"clear-3318158038\"><img src=\"https:\/\/clearingtheair.eu\/wp-content\/uploads\/2026\/04\/caafc5c68900198b80aee12c11b50184.avif\" alt=\"\"   style=\"display: inline-block;\" \/><\/div>","protected":false},"excerpt":{"rendered":"<p>Les d\u00e9put\u00e9s ont vot\u00e9 \u00e0 une \u00e9crasante majorit\u00e9 en faveur du projet de loi \u00ab\u00a0historique\u00a0\u00bb sur le tabac et le vapotage lors de sa deuxi\u00e8me lecture aux Communes mardi, avec 415 pour et 47 contre.<\/p>\n","protected":false},"author":990002,"featured_media":12450,"comment_status":"open","ping_status":"open","sticky":false,"template":"","format":"standard","meta":{"footnotes":""},"categories":[267],"tags":[],"slider":[],"class_list":["post-16534","post","type-post","status-publish","format-standard","has-post-thumbnail","hentry","category-news"],"_links":{"self":[{"href":"https:\/\/clearingtheair.eu\/fr\/wp-json\/wp\/v2\/posts\/16534","targetHints":{"allow":["GET"]}}],"collection":[{"href":"https:\/\/clearingtheair.eu\/fr\/wp-json\/wp\/v2\/posts"}],"about":[{"href":"https:\/\/clearingtheair.eu\/fr\/wp-json\/wp\/v2\/types\/post"}],"author":[{"embeddable":true,"href":"https:\/\/clearingtheair.eu\/fr\/wp-json\/wp\/v2\/users\/990002"}],"replies":[{"embeddable":true,"href":"https:\/\/clearingtheair.eu\/fr\/wp-json\/wp\/v2\/comments?post=16534"}],"version-history":[{"count":4,"href":"https:\/\/clearingtheair.eu\/fr\/wp-json\/wp\/v2\/posts\/16534\/revisions"}],"predecessor-version":[{"id":17964,"href":"https:\/\/clearingtheair.eu\/fr\/wp-json\/wp\/v2\/posts\/16534\/revisions\/17964"}],"wp:featuredmedia":[{"embeddable":true,"href":"https:\/\/clearingtheair.eu\/fr\/wp-json\/wp\/v2\/media\/12450"}],"wp:attachment":[{"href":"https:\/\/clearingtheair.eu\/fr\/wp-json\/wp\/v2\/media?parent=16534"}],"wp:term":[{"taxonomy":"category","embeddable":true,"href":"https:\/\/clearingtheair.eu\/fr\/wp-json\/wp\/v2\/categories?post=16534"},{"taxonomy":"post_tag","embeddable":true,"href":"https:\/\/clearingtheair.eu\/fr\/wp-json\/wp\/v2\/tags?post=16534"},{"taxonomy":"slider","embeddable":true,"href":"https:\/\/clearingtheair.eu\/fr\/wp-json\/wp\/v2\/slider?post=16534"}],"curies":[{"name":"wp","href":"https:\/\/api.w.org\/{rel}","templated":true}]}}