{"id":16536,"date":"2024-11-27T10:37:31","date_gmt":"2024-11-27T10:37:31","guid":{"rendered":"https:\/\/clearingtheair.eu\/les-gens-perdent-le-respect-le-magnat-allemand-des-medias-denonce-le-projet-de-la-commission-europeenne-visant-a-interdire-le-vapotage-partout\/"},"modified":"2025-01-06T16:37:48","modified_gmt":"2025-01-06T16:37:48","slug":"les-gens-perdent-le-respect-le-magnat-allemand-des-medias-denonce-le-projet-de-la-commission-europeenne-visant-a-interdire-le-vapotage-partout","status":"publish","type":"post","link":"https:\/\/clearingtheair.eu\/fr\/post\/les-gens-perdent-le-respect-le-magnat-allemand-des-medias-denonce-le-projet-de-la-commission-europeenne-visant-a-interdire-le-vapotage-partout\/","title":{"rendered":"\u00ab\u00a0Les gens perdent le respect\u00a0\u00bb\u00a0: le magnat allemand des m\u00e9dias d\u00e9nonce le projet de la Commission europ\u00e9enne visant \u00e0 interdire le vapotage partout"},"content":{"rendered":"<div class=\"clear-before-content-2\" style=\"margin-top: 20px;margin-bottom: 20px;margin-left: auto;margin-right: auto;text-align: center;\" id=\"clear-3190151556\"><img src=\"https:\/\/clearingtheair.eu\/wp-content\/uploads\/2026\/04\/caafc5c68900198b80aee12c11b50184.avif\" alt=\"\"   style=\"display: inline-block;\" \/><\/div><p id=\"\"><strong>Le PDG de la maison d&rsquo;\u00e9dition allemande Axel Springer a critiqu\u00e9 la proposition de la Commission europ\u00e9enne d&rsquo;interdire le vapotage partout, affirmant que cela faisait perdre aux \u00e9lecteurs tout respect pour l&rsquo;UE &#8211; <\/strong><a href=\"https:\/\/www.clearingtheair.eu\/en\/post\/its-not-illogical-for-vapers-to-follow-populists-that-should-be-a-wakeup-call-for-the-centre-left\" id=\"\"><strong>un argument que le cofondateur de Clearing the Air a \u00e9galement avanc\u00e9<\/strong><\/a><strong>.<\/strong><\/p>\n<p id=\"\">\u00ab&nbsp;Il faudrait rire aux \u00e9clats si ce n&rsquo;\u00e9tait pas si triste. Le message est hautement symbolique.&nbsp;\u00bb <a href=\"https:\/\/www.bild.de\/politik\/meinung-kommentare-kolumnen\/kommentar-zum-rauchverbot-von-mathias-doepfner-man-verliert-den-respekt-vor-der-eu-6745924b97801f7f1b5e0b71\" id=\"\" rel=\"nofollow noopener\" target=\"_blank\">a \u00e9crit Matthias D\u00f6phner dans un quotidien de tablo\u00efd allemand <em id=\"\">Image<\/em><\/a>. <\/p>\n<p id=\"\">\u00ab&nbsp;Les politiques d&rsquo;immigration incontr\u00f4lables et la violence islamiste font peur \u00e0 la population et d\u00e9stabilisent les d\u00e9mocraties europ\u00e9ennes. La Russie de Poutine et la Chine de Xi m\u00e8nent ou financent la guerre \u00e0 nos portes et tentent de s&rsquo;ali\u00e9ner davantage les \u00c9tats-Unis et l&rsquo;UE afin d&rsquo;affaiblir la libert\u00e9. Les \u00e9conomies du \u00ab&nbsp;vieux monde&nbsp;\u00bb stagnent ou s&rsquo;effondrent&#8230; et \u00e0 Bruxelles, ils travaillent \u00e0 l&rsquo;interdiction de fumer [et de vapoter] \u00e0 l&rsquo;ext\u00e9rieur&nbsp;!&nbsp;\u00bb<\/p>\n<p id=\"\">\u00ab&nbsp;Cela montre la faiblesse de l&rsquo;UE, que le monde consid\u00e8re avec piti\u00e9. Au lieu de s&rsquo;occuper des vrais probl\u00e8mes, les dirigeants font de la politique sur des questions secondaires et font preuve de condescendance envers la population. Et les gens perdent tout respect&nbsp;\u00bb.<\/p>\n<p id=\"\">Le Parlement allemand (le Bundesrat) a \u00e9galement rejet\u00e9 la proposition de la Commission europ\u00e9enne d&rsquo;interdire le vapotage dans tous les lieux publics, affirmant que la recommandation de l&rsquo;ex\u00e9cutif europ\u00e9en ne reposait pas sur une base scientifique fiable.<\/p>\n<p id=\"\"><em id=\"\">\u00ab&nbsp;Aucun niveau d&rsquo;exposition \u00e9tabli empiriquement ni aucun impact potentiel sur la sant\u00e9 n&rsquo;est fourni pour les diff\u00e9rents espaces ext\u00e9rieurs&nbsp;\u00bb, conclut le Bundesrat. \u00ab&nbsp;Le Bundesrat met donc en doute la fiabilit\u00e9 des donn\u00e9es&nbsp;\u00bb.<\/em><\/p>\n<p id=\"\">Le Bundesrat s&rsquo;est \u00e9galement d\u00e9clar\u00e9 particuli\u00e8rement pr\u00e9occup\u00e9 par les pertes de revenus potentielles pour des entreprises telles que les restaurants et les caf\u00e9s, consid\u00e9rant les interdictions propos\u00e9es d&rsquo;un \u0153il critique. Ils ont \u00e9galement soulign\u00e9 les d\u00e9fis li\u00e9s \u00e0 l&rsquo;application d&rsquo;une telle loi, qui imposerait des co\u00fbts importants aux \u00c9tats et mettrait \u00e0 rude \u00e9preuve les autorit\u00e9s r\u00e9glementaires d\u00e9j\u00e0 confront\u00e9es \u00e0 un manque chronique de personnel.<\/p>\n<p id=\"\">En Allemagne, le vapotage dans les espaces publics est r\u00e9glement\u00e9 au niveau de l&rsquo;\u00c9tat (L\u00e4nder). Les gouvernements des \u00c9tats ont le pouvoir de mettre en \u0153uvre des restrictions, et non ceux au niveau f\u00e9d\u00e9ral.<\/p>\n<p>La proposition de la Commission recommande aux \u00c9tats membres d&rsquo;interdire le vapotage partout. Une finale est attendue des \u00c9tats membres de l&rsquo;UE en d\u00e9cembre avec <a href=\"https:\/\/www.clearingtheair.eu\/en\/post\/the-eu-commission-wants-to-ban-vaping-everywhere-meps-should-stand-up-to-them\" id=\"\">le Parlement europ\u00e9en doit voter sur sa position cette semaine<\/a>, m\u00eame si elle est adopt\u00e9e, la politique de sant\u00e9 reste de la responsabilit\u00e9 des \u00c9tats membres. Cela signifie que la d\u00e9claration de recommandation ne sera pas juridiquement contraignante.<\/p>\n<div class=\"clear-after-content-2\" style=\"margin-top: 20px;margin-bottom: 20px;margin-left: auto;margin-right: auto;text-align: center;\" id=\"clear-1563728690\"><img src=\"https:\/\/clearingtheair.eu\/wp-content\/uploads\/2026\/04\/caafc5c68900198b80aee12c11b50184.avif\" alt=\"\"   style=\"display: inline-block;\" \/><\/div>","protected":false},"excerpt":{"rendered":"<p>Le PDG de la maison d&rsquo;\u00e9dition allemande Axel Springer a critiqu\u00e9 la proposition de la Commission europ\u00e9enne d&rsquo;interdire le vapotage partout dans le monde, affirmant que cela faisait perdre aux \u00e9lecteurs tout respect pour l&rsquo;UE, un argument \u00e9galement avanc\u00e9 par le cofondateur de Clearing the Air.<\/p>\n","protected":false},"author":990003,"featured_media":12460,"comment_status":"open","ping_status":"open","sticky":false,"template":"","format":"standard","meta":{"footnotes":""},"categories":[267],"tags":[],"slider":[],"class_list":["post-16536","post","type-post","status-publish","format-standard","has-post-thumbnail","hentry","category-news"],"_links":{"self":[{"href":"https:\/\/clearingtheair.eu\/fr\/wp-json\/wp\/v2\/posts\/16536","targetHints":{"allow":["GET"]}}],"collection":[{"href":"https:\/\/clearingtheair.eu\/fr\/wp-json\/wp\/v2\/posts"}],"about":[{"href":"https:\/\/clearingtheair.eu\/fr\/wp-json\/wp\/v2\/types\/post"}],"author":[{"embeddable":true,"href":"https:\/\/clearingtheair.eu\/fr\/wp-json\/wp\/v2\/users\/990003"}],"replies":[{"embeddable":true,"href":"https:\/\/clearingtheair.eu\/fr\/wp-json\/wp\/v2\/comments?post=16536"}],"version-history":[{"count":4,"href":"https:\/\/clearingtheair.eu\/fr\/wp-json\/wp\/v2\/posts\/16536\/revisions"}],"predecessor-version":[{"id":17965,"href":"https:\/\/clearingtheair.eu\/fr\/wp-json\/wp\/v2\/posts\/16536\/revisions\/17965"}],"wp:featuredmedia":[{"embeddable":true,"href":"https:\/\/clearingtheair.eu\/fr\/wp-json\/wp\/v2\/media\/12460"}],"wp:attachment":[{"href":"https:\/\/clearingtheair.eu\/fr\/wp-json\/wp\/v2\/media?parent=16536"}],"wp:term":[{"taxonomy":"category","embeddable":true,"href":"https:\/\/clearingtheair.eu\/fr\/wp-json\/wp\/v2\/categories?post=16536"},{"taxonomy":"post_tag","embeddable":true,"href":"https:\/\/clearingtheair.eu\/fr\/wp-json\/wp\/v2\/tags?post=16536"},{"taxonomy":"slider","embeddable":true,"href":"https:\/\/clearingtheair.eu\/fr\/wp-json\/wp\/v2\/slider?post=16536"}],"curies":[{"name":"wp","href":"https:\/\/api.w.org\/{rel}","templated":true}]}}