{"id":16556,"date":"2024-11-15T10:27:57","date_gmt":"2024-11-15T10:27:57","guid":{"rendered":"https:\/\/clearingtheair.eu\/le-nouveau-projet-de-loi-severe-sur-la-vape-en-afrique-du-sud-pourrait-entrainer-une-augmentation-du-nombre-de-fumeurs-previent-un-comite-de-sante\/"},"modified":"2025-01-06T16:37:49","modified_gmt":"2025-01-06T16:37:49","slug":"le-nouveau-projet-de-loi-severe-sur-la-vape-en-afrique-du-sud-pourrait-entrainer-une-augmentation-du-nombre-de-fumeurs-previent-un-comite-de-sante","status":"publish","type":"post","link":"https:\/\/clearingtheair.eu\/fr\/post\/le-nouveau-projet-de-loi-severe-sur-la-vape-en-afrique-du-sud-pourrait-entrainer-une-augmentation-du-nombre-de-fumeurs-previent-un-comite-de-sante\/","title":{"rendered":"Le nouveau projet de loi s\u00e9v\u00e8re sur la vape en Afrique du Sud pourrait entra\u00eener une augmentation du nombre de fumeurs, pr\u00e9vient un comit\u00e9 de sant\u00e9"},"content":{"rendered":"<div class=\"clear-before-content-2\" style=\"margin-top: 20px;margin-bottom: 20px;margin-left: auto;margin-right: auto;text-align: center;\" id=\"clear-787475558\"><img src=\"https:\/\/clearingtheair.eu\/wp-content\/uploads\/2026\/04\/caafc5c68900198b80aee12c11b50184.avif\" alt=\"\"   style=\"display: inline-block;\" \/><\/div><p id=\"\"><strong>Le nouveau projet de loi strict sur la vape en Afrique du Sud pourrait inciter davantage de personnes \u00e0 fumer, a averti un comit\u00e9 de sant\u00e9. <\/strong><\/p>\n<p id=\"\">Le gouvernement sud-africain a r\u00e9dig\u00e9 un nouveau projet de loi sur le tabac qui vise \u00e0 placer le vapotage sur un pied d&rsquo;\u00e9galit\u00e9 avec le tabagisme dans la mani\u00e8re dont il est r\u00e9glement\u00e9. <\/p>\n<p id=\"\">Les vapoteurs seraient consid\u00e9r\u00e9s comme des produits du tabac, ce qui signifie que leur utilisation serait interdite dans tous les lieux publics. La publicit\u00e9 pour les vapoteurs serait interdite et le ministre de la Sant\u00e9 serait \u00e9galement habilit\u00e9 \u00e0 restreindre leur emballage et leur \u00e9tiquetage. <\/p>\n<p id=\"\"><strong id=\"\">Le comit\u00e9 du portefeuille demande davantage de recherches<\/strong><\/p>\n<p id=\"\">Cependant, la commission parlementaire charg\u00e9e de la sant\u00e9 vient d&rsquo;avertir que cette d\u00e9cision pourrait avoir l&rsquo;effet inverse et faire grimper le taux de tabagisme en Afrique du Sud. <\/p>\n<p id=\"\">Il a demand\u00e9 que davantage de recherches soient men\u00e9es sur la fa\u00e7on dont les risques pour la sant\u00e9 li\u00e9s au vapotage se comparent \u00e0 ceux du tabagisme conventionnel. <\/p>\n<p id=\"\">Les pr\u00e9occupations du comit\u00e9 auraient \u00e9t\u00e9 soulev\u00e9es \u00e0 la suite d&rsquo;une consultation publique sur le projet de loi. Il a soulign\u00e9 que la nouvelle l\u00e9gislation ne fait pas de distinction entre les vapoteurs et les cigarettes, ni ne consid\u00e8re leur r\u00f4le comme un outil important pour aider les fumeurs \u00e0 arr\u00eater de fumer. <\/p>\n<p id=\"\">En 2021, 25,8&nbsp;% des adultes sud-africains fumaient, soit 11,1 millions de personnes. La m\u00eame ann\u00e9e, environ 42 000 personnes sont d\u00e9c\u00e9d\u00e9es de maladies li\u00e9es au tabac, notamment le cancer et des probl\u00e8mes cardiaques et pulmonaires.<\/p>\n<p id=\"\">Apr\u00e8s avoir sign\u00e9 l&rsquo;accord antitabac de l&rsquo;Organisation mondiale de la sant\u00e9 (OMS), la Convention-cadre pour la lutte antitabac, l&rsquo;Afrique du Sud doit mettre en place des r\u00e8gles afin d&rsquo;encourager les fumeurs \u00e0 arr\u00eater leur habitude et de ne pas laisser les jeunes \u00eatre tent\u00e9s par ce que l&rsquo;OMS appelle \u00ab&nbsp;l&rsquo;une des plus grandes menaces de sant\u00e9 publique auxquelles le monde ait jamais \u00e9t\u00e9 confront\u00e9e&nbsp;\u00bb.<\/p>\n<p id=\"\"><strong id=\"\">Les preuves s&rsquo;accumulent pour montrer comment les interdictions se retournent contre elles<\/strong><\/p>\n<p id=\"\">Mais les d\u00e9fenseurs du vapotage pr\u00e9viennent que le fait de traiter les vapoteurs comme des cigarettes emp\u00eachera un plus grand nombre de personnes de renoncer \u00e0 cette habitude bien plus dangereuse. <\/p>\n<p id=\"\">Les preuves s&rsquo;accumulent pour montrer que les pays qui ont introduit de nouvelles lois strictes sur les vapoteurs, tels que l&rsquo;Australie et le Br\u00e9sil, n&rsquo;ont constat\u00e9 que peu de variation des taux de tabagisme et une forte hausse des ventes de produits de vapotage sur le march\u00e9 noir. <\/p>\n<p id=\"\">Cette semaine <a href=\"https:\/\/www.clearingtheair.eu\/en\/post\/australia-has-one-million-vapers-but-made-just-3-500-legal-vape-sales-last-month\" id=\"\">il a \u00e9t\u00e9 r\u00e9v\u00e9l\u00e9 qu&rsquo;en Australie<\/a> &#8211; o\u00f9 il est ill\u00e9gal d&rsquo;acheter des vapoteurs en dehors des pharmacies &#8211; des vapoteurs l\u00e9gaux n&rsquo;ont \u00e9t\u00e9 achet\u00e9s que 3 500 fois en octobre, alors que le pays compte environ un million de vapoteurs. <\/p>\n<p id=\"\">UNE <a href=\"https:\/\/oia.pmc.gov.au\/sites\/default\/files\/posts\/2024\/01\/Impact%20Analysis%20-%20Proposed%20reforms%20to%20the%20regulation%20of%20vapes.PDF\" id=\"\" rel=\"nofollow noopener\" target=\"_blank\">Rapport de l&rsquo;Administration des produits th\u00e9rapeutiques<\/a> examin\u00e9 par un <a href=\"https:\/\/www.aph.gov.au\/Parliamentary_Business\/Committees\/Senate\/Community_Affairs\/VapingReformsBill\" id=\"\" rel=\"nofollow noopener\" target=\"_blank\">Enqu\u00eate s\u00e9natoriale<\/a> plus t\u00f4t cette ann\u00e9e, on a estim\u00e9 que 97&nbsp;% des vapoteurs australiens achetaient leurs produits sur le march\u00e9 noir.<\/p>\n<p id=\"\">Dans le m\u00eame temps, l&rsquo;interdiction du vapotage a conduit \u00e0 de dangereuses bandes criminelles qui se battent pour le contr\u00f4le du commerce au noir. Depuis le d\u00e9but de l&rsquo;ann\u00e9e derni\u00e8re, il y a eu plus de 120 attentats \u00e0 la bombe incendiaire contre des bureaux de tabac.<\/p>\n<p id=\"\"><strong id=\"\">L&rsquo;histoire \u00e0 succ\u00e8s de la Su\u00e8de<\/strong><\/p>\n<p id=\"\">En revanche, la Su\u00e8de est devenue cette semaine le premier pays \u00e0 <a href=\"https:\/\/www.clearingtheair.eu\/en\/post\/sweden-becomes-first-country-to-be-officially-declared-smoke-free\">officiellement d\u00e9clar\u00e9 \u00ab&nbsp;sans fum\u00e9e&nbsp;\u00bb.<\/a><\/p>\n<p id=\"\">Nouveau <a href=\"https:\/\/fohm-app.folkhalsomyndigheten.se\/Folkhalsodata\/pxweb\/en\/A_Folkhalsodata\/A_Folkhalsodata__B_HLV__aLevvanor__aagLevvanortobak\/hlv1tobcfod.px\/\" id=\"\" rel=\"nofollow noopener\" target=\"_blank\">donn\u00e9es<\/a> montre que seulement 4,5&nbsp;% des adultes n\u00e9s en Su\u00e8de fument aujourd&rsquo;hui, soit bien en de\u00e7\u00e0 du seuil mondialement reconnu de 5&nbsp;% pour obtenir le statut de non-fumeur. <\/p>\n<p id=\"\">La Su\u00e8de affirme avoir franchi cette \u00e9tape impressionnante gr\u00e2ce \u00e0 son approche novatrice en mati\u00e8re de vapotage, de snus et d&rsquo;autres alternatives \u00e0 la nicotine. Ces options beaucoup plus s\u00fbres que la cigarette sont ainsi largement disponibles pour aider les fumeurs \u00e0 arr\u00eater de fumer.<\/p>\n<p>\u200d<\/p>\n<div class=\"clear-after-content-2\" style=\"margin-top: 20px;margin-bottom: 20px;margin-left: auto;margin-right: auto;text-align: center;\" id=\"clear-2825153332\"><img src=\"https:\/\/clearingtheair.eu\/wp-content\/uploads\/2026\/04\/caafc5c68900198b80aee12c11b50184.avif\" alt=\"\"   style=\"display: inline-block;\" \/><\/div>","protected":false},"excerpt":{"rendered":"<p>Le gouvernement sud-africain a r\u00e9dig\u00e9 un nouveau projet de loi sur le tabac qui vise \u00e0 placer le vapotage sur un pied d&rsquo;\u00e9galit\u00e9 avec le tabagisme dans la mani\u00e8re dont il est r\u00e9glement\u00e9.<\/p>\n","protected":false},"author":990002,"featured_media":12564,"comment_status":"open","ping_status":"open","sticky":false,"template":"","format":"standard","meta":{"footnotes":""},"categories":[267],"tags":[],"slider":[],"class_list":["post-16556","post","type-post","status-publish","format-standard","has-post-thumbnail","hentry","category-news"],"_links":{"self":[{"href":"https:\/\/clearingtheair.eu\/fr\/wp-json\/wp\/v2\/posts\/16556","targetHints":{"allow":["GET"]}}],"collection":[{"href":"https:\/\/clearingtheair.eu\/fr\/wp-json\/wp\/v2\/posts"}],"about":[{"href":"https:\/\/clearingtheair.eu\/fr\/wp-json\/wp\/v2\/types\/post"}],"author":[{"embeddable":true,"href":"https:\/\/clearingtheair.eu\/fr\/wp-json\/wp\/v2\/users\/990002"}],"replies":[{"embeddable":true,"href":"https:\/\/clearingtheair.eu\/fr\/wp-json\/wp\/v2\/comments?post=16556"}],"version-history":[{"count":4,"href":"https:\/\/clearingtheair.eu\/fr\/wp-json\/wp\/v2\/posts\/16556\/revisions"}],"predecessor-version":[{"id":17975,"href":"https:\/\/clearingtheair.eu\/fr\/wp-json\/wp\/v2\/posts\/16556\/revisions\/17975"}],"wp:featuredmedia":[{"embeddable":true,"href":"https:\/\/clearingtheair.eu\/fr\/wp-json\/wp\/v2\/media\/12564"}],"wp:attachment":[{"href":"https:\/\/clearingtheair.eu\/fr\/wp-json\/wp\/v2\/media?parent=16556"}],"wp:term":[{"taxonomy":"category","embeddable":true,"href":"https:\/\/clearingtheair.eu\/fr\/wp-json\/wp\/v2\/categories?post=16556"},{"taxonomy":"post_tag","embeddable":true,"href":"https:\/\/clearingtheair.eu\/fr\/wp-json\/wp\/v2\/tags?post=16556"},{"taxonomy":"slider","embeddable":true,"href":"https:\/\/clearingtheair.eu\/fr\/wp-json\/wp\/v2\/slider?post=16556"}],"curies":[{"name":"wp","href":"https:\/\/api.w.org\/{rel}","templated":true}]}}