{"id":16672,"date":"2024-09-16T20:29:32","date_gmt":"2024-09-16T20:29:32","guid":{"rendered":"https:\/\/clearingtheair.eu\/exclusif-ou-presque-parce-que-loms-la-dit-la-commission-veut-interdire-le-vapotage-partout\/"},"modified":"2025-01-06T16:37:57","modified_gmt":"2025-01-06T16:37:57","slug":"exclusif-ou-presque-parce-que-loms-la-dit-la-commission-veut-interdire-le-vapotage-partout","status":"publish","type":"post","link":"https:\/\/clearingtheair.eu\/fr\/post\/exclusif-ou-presque-parce-que-loms-la-dit-la-commission-veut-interdire-le-vapotage-partout\/","title":{"rendered":"EXCLUSIF (ou presque) : \u00ab Parce que l&rsquo;OMS l&rsquo;a dit \u00bb &#8211; La Commission veut interdire le vapotage&#8230; partout."},"content":{"rendered":"<div class=\"clear-before-content-2\" style=\"margin-top: 20px;margin-bottom: 20px;margin-left: auto;margin-right: auto;text-align: center;\" id=\"clear-2121273900\"><img src=\"https:\/\/clearingtheair.eu\/wp-content\/uploads\/2026\/04\/caafc5c68900198b80aee12c11b50184.avif\" alt=\"\"   style=\"display: inline-block;\" \/><\/div><p id=\"\"><strong><em id=\"\">Clearing the Air<\/em> a d\u00e9sormais vu la version compl\u00e8te de la recommandation de la Commission europ\u00e9enne sur les environnements sans fum\u00e9e apr\u00e8s le scoop initial d\u2019Euronews, mais avant que le document ne soit rendu public, probablement demain matin.<\/strong><\/p>\n<p id=\"\">La Commission recommande sp\u00e9cifiquement que le vapotage soit interdit dans les lieux suivants :<\/p>\n<ul id=\"\">\n<li id=\"\"><strong id=\"\">Espaces int\u00e9rieurs<\/strong><\/li>\n<li id=\"\"><strong id=\"\">Zones de loisirs ext\u00e9rieures d\u00e9sign\u00e9es o\u00f9 des enfants peuvent \u00eatre pr\u00e9sents<\/strong><\/li>\n<li id=\"\"><strong id=\"\">Espaces ext\u00e9rieurs des restaurants, bars et caf\u00e9s<\/strong><\/li>\n<li id=\"\"><strong id=\"\">Arr\u00eats de bus, tram et train<\/strong><\/li>\n<li id=\"\"><strong id=\"\">Tout espace ext\u00e9rieur associ\u00e9 \u00e0 un lieu de travail<\/strong><\/li>\n<li id=\"\"><strong id=\"\">Espaces ext\u00e9rieurs li\u00e9s aux soins de sant\u00e9, y compris les h\u00f4pitaux, maisons de retraite et autres \u00e9tablissements similaires<\/strong><\/li>\n<li id=\"\"><strong id=\"\">\u00c9tablissements d&rsquo;enseignement, y compris les universit\u00e9s<\/strong><\/li>\n<li id=\"\"><strong id=\"\">Tout espace ext\u00e9rieur o\u00f9 le public est susceptible de se rassembler<\/strong><\/li>\n<li id=\"\"><strong id=\"\">Espaces associ\u00e9s aux b\u00e2timents ouverts au public<\/strong><\/li>\n<li id=\"\"><strong id=\"\">Voitures priv\u00e9es<\/strong><\/li>\n<\/ul>\n<p id=\"\">Bien que la Commission ait men\u00e9 une consultation limit\u00e9e sur la nouvelle recommandation, elle ne mentionne pas dans son pr\u00e9ambule les opinions des vapoteurs ; et, de mani\u00e8re r\u00e9v\u00e9latrice, elle semble s\u2019\u00eatre appuy\u00e9e sur des \u00ab activit\u00e9s de consultation cibl\u00e9es \u00bb, ce qui signifie probablement qu&rsquo;elle n&rsquo;a consult\u00e9 que les organisations non gouvernementales dont elle savait qu\u2019elles partageraient sa position pr\u00e9d\u00e9termin\u00e9e. Aucun des militants consommateurs contact\u00e9s par <em id=\"\">Clearing the Air<\/em> n\u2019a \u00e9t\u00e9 consult\u00e9 lors de ces \u00ab activit\u00e9s cibl\u00e9es \u00bb.<\/p>\n<p id=\"\">Le fait que la Commission ne pose des questions qu\u2019\u00e0 ceux qui lui fourniront la r\u00e9ponse qu\u2019elle recherche n\u2019est pas nouveau dans le domaine du contr\u00f4le du tabac. Plus t\u00f4t dans la journ\u00e9e, <em id=\"\">Clearing the Air<\/em> a relat\u00e9 comment la Commission fait l\u2019objet d\u2019une enqu\u00eate pour avoir fait de m\u00eame lors de l&rsquo;attribution d\u2019un contrat au R\u00e9seau europ\u00e9en pour la pr\u00e9vention du tabagisme.<\/p>\n<p id=\"\">La Commission s\u2019appuie fortement sur l&rsquo;OMS pour sa base de preuves et son cadre de permission pour une suggestion aussi drastique. Dans ses \u00ab\u00a0consid\u00e9rants\u00a0\u00bb explicatifs, elle cite des preuves discr\u00e9dit\u00e9es de Stanton Glantz, un professeur de contr\u00f4le du tabac discr\u00e9dit\u00e9, qui a r\u00e9gl\u00e9 une plainte pour harc\u00e8lement sexuel avec une ancienne chercheuse postdoctorale de son d\u00e9partement avant de prendre sa retraite.<\/p>\n<p id=\"\">Les deux \u00e9tudes cit\u00e9es par la Commission ont \u00e9t\u00e9 fortement critiqu\u00e9es par d\u2019autres experts en contr\u00f4le du tabac. La premi\u00e8re \u2013 qui pr\u00e9tendait que les risques li\u00e9s au vapotage \u00e9taient similaires \u00e0 ceux li\u00e9s au tabagisme \u2013 a \u00e9t\u00e9 qualifi\u00e9e de \u00ab grave mauvaise interpr\u00e9tation des preuves \u00e9pid\u00e9miologiques \u00bb par quatre universitaires ind\u00e9pendants ayant une longue exp\u00e9rience dans le domaine.<\/p>\n<p id=\"\">Un article similaire de Glantz a \u00e9t\u00e9 r\u00e9tract\u00e9 par la revue qui l\u2019avait publi\u00e9 en raison des pr\u00e9occupations des r\u00e9dacteurs concernant \u00ab l\u2019irr\u00e9liabilit\u00e9 de la conclusion de l\u2019\u00e9tude \u00bb.<\/p>\n<p id=\"\">\u200d<\/p>\n<div class=\"clear-after-content-2\" style=\"margin-top: 20px;margin-bottom: 20px;margin-left: auto;margin-right: auto;text-align: center;\" id=\"clear-4070803630\"><img src=\"https:\/\/clearingtheair.eu\/wp-content\/uploads\/2026\/04\/caafc5c68900198b80aee12c11b50184.avif\" alt=\"\"   style=\"display: inline-block;\" \/><\/div>","protected":false},"excerpt":{"rendered":"<p>Clearing the Air a d\u00e9sormais vu la version compl\u00e8te de la recommandation de la Commission europ\u00e9enne sur les environnements sans fum\u00e9e apr\u00e8s le scoop initial d\u2019Euronews, mais avant que le document ne soit rendu public, probablement demain matin.<\/p>\n","protected":false},"author":990003,"featured_media":13164,"comment_status":"open","ping_status":"open","sticky":false,"template":"","format":"standard","meta":{"footnotes":""},"categories":[267],"tags":[27],"slider":[],"class_list":["post-16672","post","type-post","status-publish","format-standard","has-post-thumbnail","hentry","category-news","tag-article"],"_links":{"self":[{"href":"https:\/\/clearingtheair.eu\/fr\/wp-json\/wp\/v2\/posts\/16672","targetHints":{"allow":["GET"]}}],"collection":[{"href":"https:\/\/clearingtheair.eu\/fr\/wp-json\/wp\/v2\/posts"}],"about":[{"href":"https:\/\/clearingtheair.eu\/fr\/wp-json\/wp\/v2\/types\/post"}],"author":[{"embeddable":true,"href":"https:\/\/clearingtheair.eu\/fr\/wp-json\/wp\/v2\/users\/990003"}],"replies":[{"embeddable":true,"href":"https:\/\/clearingtheair.eu\/fr\/wp-json\/wp\/v2\/comments?post=16672"}],"version-history":[{"count":4,"href":"https:\/\/clearingtheair.eu\/fr\/wp-json\/wp\/v2\/posts\/16672\/revisions"}],"predecessor-version":[{"id":18033,"href":"https:\/\/clearingtheair.eu\/fr\/wp-json\/wp\/v2\/posts\/16672\/revisions\/18033"}],"wp:featuredmedia":[{"embeddable":true,"href":"https:\/\/clearingtheair.eu\/fr\/wp-json\/wp\/v2\/media\/13164"}],"wp:attachment":[{"href":"https:\/\/clearingtheair.eu\/fr\/wp-json\/wp\/v2\/media?parent=16672"}],"wp:term":[{"taxonomy":"category","embeddable":true,"href":"https:\/\/clearingtheair.eu\/fr\/wp-json\/wp\/v2\/categories?post=16672"},{"taxonomy":"post_tag","embeddable":true,"href":"https:\/\/clearingtheair.eu\/fr\/wp-json\/wp\/v2\/tags?post=16672"},{"taxonomy":"slider","embeddable":true,"href":"https:\/\/clearingtheair.eu\/fr\/wp-json\/wp\/v2\/slider?post=16672"}],"curies":[{"name":"wp","href":"https:\/\/api.w.org\/{rel}","templated":true}]}}