{"id":16674,"date":"2024-09-16T18:10:38","date_gmt":"2024-09-16T18:10:38","guid":{"rendered":"https:\/\/clearingtheair.eu\/exclusif-un-groupe-de-controle-du-tabac-de-lue-a-declare-que-son-personnel-navait-pas-travaille-sur-le-tabac-pendant-quatre-ans-pour-obtenir-un-contrat-de-lue-visant-a-reviser-les-lois-sur-le-vapota\/"},"modified":"2025-01-06T16:37:57","modified_gmt":"2025-01-06T16:37:57","slug":"exclusif-un-groupe-de-controle-du-tabac-de-lue-a-declare-que-son-personnel-navait-pas-travaille-sur-le-tabac-pendant-quatre-ans-pour-obtenir-un-contrat-de-lue-visant-a-reviser-les-lois-sur-le-vapota","status":"publish","type":"post","link":"https:\/\/clearingtheair.eu\/fr\/post\/exclusif-un-groupe-de-controle-du-tabac-de-lue-a-declare-que-son-personnel-navait-pas-travaille-sur-le-tabac-pendant-quatre-ans-pour-obtenir-un-contrat-de-lue-visant-a-reviser-les-lois-sur-le-vapota\/","title":{"rendered":"EXCLUSIF &#8211; Un groupe de contr\u00f4le du tabac de l&rsquo;UE a d\u00e9clar\u00e9 que son personnel n&rsquo;avait pas travaill\u00e9 sur le tabac pendant quatre ans pour obtenir un contrat de l&rsquo;UE visant \u00e0 r\u00e9viser les lois sur le vapotage"},"content":{"rendered":"<div class=\"clear-before-content-2\" style=\"margin-top: 20px;margin-bottom: 20px;margin-left: auto;margin-right: auto;text-align: center;\" id=\"clear-12865557\"><img src=\"https:\/\/clearingtheair.eu\/wp-content\/uploads\/2026\/04\/caafc5c68900198b80aee12c11b50184.avif\" alt=\"\"   style=\"display: inline-block;\" \/><\/div><p id=\"\"><strong id=\"\">Le R\u00e9seau europ\u00e9en pour la pr\u00e9vention du tabagisme (ENSP), qui a re\u00e7u un contrat lucratif pour soutenir la mise en \u0153uvre et le d\u00e9veloppement de la politique et de la l\u00e9gislation de l&rsquo;UE en mati\u00e8re de contr\u00f4le du tabac, a d\u00e9clar\u00e9 que ses membres du personnel \u00ab n&rsquo;ont eu aucune implication professionnelle dans un projet li\u00e9 au tabac au cours des quatre derni\u00e8res ann\u00e9es \u00bb.<\/strong><\/p>\n<p id=\"\">L&rsquo;ENSP fait pression sur la Commission europ\u00e9enne en mati\u00e8re de contr\u00f4le du tabac et a publiquement demand\u00e9 l&rsquo;interdiction des vapes aromatis\u00e9es. Selon son site web, sa mission est de \u00ab promouvoir des politiques globales de contr\u00f4le du tabac aux niveaux national et europ\u00e9en \u00bb.<\/p>\n<p id=\"\">Cette d\u00e9claration a \u00e9t\u00e9 r\u00e9v\u00e9l\u00e9e par Clearing the Air, qui a consult\u00e9 les proc\u00e8s-verbaux de la r\u00e9union entre la Commission europ\u00e9enne et le M\u00e9diateur europ\u00e9en. Ce dernier enqu\u00eate sur la Commission pour des \u00ab conflits d&rsquo;int\u00e9r\u00eats pr\u00e9sum\u00e9s \u00bb concernant l&rsquo;attribution d&rsquo;un contrat visant \u00e0 \u00ab soutenir la mise en \u0153uvre et le d\u00e9veloppement de la politique et de la l\u00e9gislation de l&rsquo;UE en mati\u00e8re de contr\u00f4le du tabac \u00bb.<\/p>\n<p id=\"\">Clearing the Air ne sait pas quels membres du personnel de l&rsquo;ENSP sont concern\u00e9s par ce document, ni quels sont leurs ant\u00e9c\u00e9dents professionnels. Nous avons demand\u00e9 \u00e0 la Commission cette information ainsi que divers autres documents relatifs \u00e0 la proc\u00e9dure, en utilisant une demande d&rsquo;acc\u00e8s aux documents (l&rsquo;\u00e9quivalent europ\u00e9en d&rsquo;une demande de libert\u00e9 d&rsquo;information). La Commission a jusqu&rsquo;\u00e0 pr\u00e9sent refus\u00e9 cette demande, mais Clearing the Air fait appel de cette d\u00e9cision.<\/p>\n<p id=\"\">Cependant, il semble peu probable que les membres du personnel d&rsquo;une organisation appel\u00e9e R\u00e9seau europ\u00e9en pour la pr\u00e9vention du tabagisme n&rsquo;aient eu aucune implication professionnelle dans le domaine du tabac au cours des quatre ann\u00e9es pr\u00e9c\u00e9dant la signature du contrat.<\/p>\n<p id=\"\">Pieter Cleppe, r\u00e9dacteur en chef du <em id=\"\">Brussels Report<\/em>, a d\u00e9clar\u00e9 : <\/p>\n<blockquote id=\"\"><p>\u00ab Si cela est confirm\u00e9, cela semble \u00eatre un exemple clair de la Commission europ\u00e9enne choisissant des conseillers pour obtenir les recommandations qu&rsquo;elle souhaite recevoir \u00bb.<\/p><\/blockquote>\n<p id=\"\">Les directives de la Commission sur les conflits d&rsquo;int\u00e9r\u00eats pr\u00e9cisent qu&rsquo;un conflit existe lorsque \u00ab l&rsquo;exercice impartial et objectif des fonctions d&rsquo;un acteur financier ou d&rsquo;une autre personne est compromis pour des raisons impliquant la famille, la vie affective, l&rsquo;affinit\u00e9 politique ou nationale, l&rsquo;int\u00e9r\u00eat \u00e9conomique ou tout autre int\u00e9r\u00eat personnel direct ou indirect \u00bb. Les conflits d&rsquo;int\u00e9r\u00eats peuvent \u00e9galement r\u00e9sulter d&rsquo;une \u00ab implication dans des organisations non gouvernementales \u00bb. La Commission est \u00e9galement tenue d&rsquo;\u00e9viter les \u00ab situations qui pourraient objectivement \u00eatre per\u00e7ues comme un conflit d&rsquo;int\u00e9r\u00eats \u00bb.<\/p>\n<p id=\"\">Cette affaire survient au milieu de nombreuses accusations selon lesquelles la Commission europ\u00e9enne serait institutionnellement biais\u00e9e contre les produits de nicotine plus s\u00fbrs et chercherait \u00e0 adopter des interdictions et des r\u00e9glementations strictes, ind\u00e9pendamment des preuves scientifiques ou de l&rsquo;opinion publique.<\/p>\n<p id=\"\">En avril 2023, la d\u00e9put\u00e9e europ\u00e9enne Sara Skyttedal a interrog\u00e9 pour la premi\u00e8re fois la Commission sur son parti pris en recrutant l&rsquo;ENSP pour l&rsquo;aider \u00e0 r\u00e9diger de nouvelles r\u00e8gles sur les produits de nicotine plus s\u00fbrs. Elle a not\u00e9 que \u00ab l&rsquo;ENSP fait pression sur la Commission en mati\u00e8re de politique du tabac et pr\u00f4ne une interdiction totale des produits de nicotine plus s\u00fbrs&#8230; de nombreuses organisations de contr\u00f4le du tabac et des consommateurs soutiennent le d\u00e9veloppement et l&rsquo;utilisation de produits de nicotine plus s\u00fbrs. [Le Parlement europ\u00e9en] a d\u00e9clar\u00e9 que les e-cigarettes pouvaient jouer un r\u00f4le positif dans la r\u00e9duction de l&rsquo;utilisation des cigarettes traditionnelles. L&rsquo;ENSP soutient l&rsquo;opinion oppos\u00e9e. \u00bb<\/p>\n<p id=\"\">Les d\u00e9put\u00e9s europ\u00e9ens Jessica Polfj\u00e4rd et J\u00fcrgen Warborn ont \u00e9crit s\u00e9par\u00e9ment \u00e0 la Commission le m\u00eame mois, <a href=\"https:\/\/x.com\/jessicapolfjard\/status\/1649337954656043010\" rel=\"nofollow\">se plaignant<\/a> que les questions contenues dans la consultation de l&rsquo;ex\u00e9cutif de l&rsquo;UE sur les nouvelles r\u00e8gles de contr\u00f4le du tabac n&rsquo;\u00e9taient pas objectives.<\/p>\n<blockquote id=\"\"><p>\u00ab [Avec] des formulations telles que demander au r\u00e9pondant d&rsquo;\u00e9valuer le niveau de menace que chaque type de produit repr\u00e9sente ou \u00ab\u00a0Les produits \u00e9mergents repr\u00e9sentent un risque majeur en raison de leur nature addictive et de leurs impacts sur la sant\u00e9 publique\u00a0\u00bb, on pourrait remettre en question la neutralit\u00e9 de ce questionnaire \u00bb, <\/p><\/blockquote>\n<p id=\"\">ont \u00e9crit les d\u00e9put\u00e9s dans une lettre \u00e0 la commissaire europ\u00e9enne \u00e0 la sant\u00e9 sortante, Stella Kyriakides.<\/p>\n<p id=\"\">\u00ab Au c\u0153ur de tout cela se trouve l&rsquo;hostilit\u00e9 de la Commission europ\u00e9enne envers les alternatives moins nocives au tabac fum\u00e9, voire envers des alternatives qui ne sont pas du tout nocives \u00bb, a d\u00e9clar\u00e9 Pieter Cleppe. \u00ab Quiconque se soucie de la r\u00e9duction de l&rsquo;incidence du cancer devrait se concentrer sur la Su\u00e8de, qui b\u00e9n\u00e9ficie depuis des d\u00e9cennies d&rsquo;une exemption de l&rsquo;obligation impos\u00e9e par l&rsquo;UE d&rsquo;interdire certaines alternatives plus saines au tabac. La Su\u00e8de a effectivement servi de test ici, et la diff\u00e9rence avec le reste de l&rsquo;UE est \u00e9vidente pour tout le monde, compte tenu des taux de tabagisme et de cancer beaucoup plus bas dans ce pays. \u00bb<\/p>\n<p id=\"\">\u200d<\/p>\n<div class=\"clear-after-content-2\" style=\"margin-top: 20px;margin-bottom: 20px;margin-left: auto;margin-right: auto;text-align: center;\" id=\"clear-69006557\"><img src=\"https:\/\/clearingtheair.eu\/wp-content\/uploads\/2026\/04\/caafc5c68900198b80aee12c11b50184.avif\" alt=\"\"   style=\"display: inline-block;\" \/><\/div>","protected":false},"excerpt":{"rendered":"<p>Le R\u00e9seau europ\u00e9en pour la pr\u00e9vention du tabagisme (ENSP) a d\u00e9clar\u00e9 que ses membres du personnel \u00ab n&rsquo;ont eu aucune implication professionnelle dans un projet li\u00e9 au tabac au cours des quatre derni\u00e8res ann\u00e9es \u00bb.<\/p>\n","protected":false},"author":990003,"featured_media":13174,"comment_status":"open","ping_status":"open","sticky":false,"template":"","format":"standard","meta":{"footnotes":""},"categories":[267,264],"tags":[186,409],"slider":[],"class_list":["post-16674","post","type-post","status-publish","format-standard","has-post-thumbnail","hentry","category-news","category-legislation","tag-nicotine","tag-suede"],"_links":{"self":[{"href":"https:\/\/clearingtheair.eu\/fr\/wp-json\/wp\/v2\/posts\/16674","targetHints":{"allow":["GET"]}}],"collection":[{"href":"https:\/\/clearingtheair.eu\/fr\/wp-json\/wp\/v2\/posts"}],"about":[{"href":"https:\/\/clearingtheair.eu\/fr\/wp-json\/wp\/v2\/types\/post"}],"author":[{"embeddable":true,"href":"https:\/\/clearingtheair.eu\/fr\/wp-json\/wp\/v2\/users\/990003"}],"replies":[{"embeddable":true,"href":"https:\/\/clearingtheair.eu\/fr\/wp-json\/wp\/v2\/comments?post=16674"}],"version-history":[{"count":4,"href":"https:\/\/clearingtheair.eu\/fr\/wp-json\/wp\/v2\/posts\/16674\/revisions"}],"predecessor-version":[{"id":18034,"href":"https:\/\/clearingtheair.eu\/fr\/wp-json\/wp\/v2\/posts\/16674\/revisions\/18034"}],"wp:featuredmedia":[{"embeddable":true,"href":"https:\/\/clearingtheair.eu\/fr\/wp-json\/wp\/v2\/media\/13174"}],"wp:attachment":[{"href":"https:\/\/clearingtheair.eu\/fr\/wp-json\/wp\/v2\/media?parent=16674"}],"wp:term":[{"taxonomy":"category","embeddable":true,"href":"https:\/\/clearingtheair.eu\/fr\/wp-json\/wp\/v2\/categories?post=16674"},{"taxonomy":"post_tag","embeddable":true,"href":"https:\/\/clearingtheair.eu\/fr\/wp-json\/wp\/v2\/tags?post=16674"},{"taxonomy":"slider","embeddable":true,"href":"https:\/\/clearingtheair.eu\/fr\/wp-json\/wp\/v2\/slider?post=16674"}],"curies":[{"name":"wp","href":"https:\/\/api.w.org\/{rel}","templated":true}]}}