{"id":20475,"date":"2025-02-04T14:43:25","date_gmt":"2025-02-04T14:43:25","guid":{"rendered":"https:\/\/clearingtheair.eu\/post\/luxembourg-vows-not-to-ban-disposable-vapes\/"},"modified":"2025-02-05T13:37:08","modified_gmt":"2025-02-05T13:37:08","slug":"le-luxembourg-sengage-a-ne-pas-interdire-les-vapes-jetables","status":"publish","type":"post","link":"https:\/\/clearingtheair.eu\/fr\/post\/le-luxembourg-sengage-a-ne-pas-interdire-les-vapes-jetables\/","title":{"rendered":"Le Luxembourg s&rsquo;engage \u00e0 ne pas interdire les vapes jetables."},"content":{"rendered":"<div class=\"clear-before-content-2\" style=\"margin-top: 20px;margin-bottom: 20px;margin-left: auto;margin-right: auto;text-align: center;\" id=\"clear-2298182483\"><img src=\"https:\/\/clearingtheair.eu\/wp-content\/uploads\/2026\/04\/caafc5c68900198b80aee12c11b50184.avif\" alt=\"\"   style=\"display: inline-block;\" \/><\/div>\n<p><strong>Le Luxembourg n&rsquo;imposera pas d&rsquo;interdiction nationale des vapes jetables, a d\u00e9clar\u00e9 le gouvernement.<\/strong><\/p>\n\n\n\n<p>Le minist\u00e8re de la Sant\u00e9 a reconnu la n\u00e9cessit\u00e9 de r\u00e9duire les impacts environnementaux et d&#8217;emp\u00eacher les jeunes de se mettre au vapotage, mais a pr\u00e9cis\u00e9 qu&rsquo;il estime \u00ab qu&rsquo;une interdiction ciblant uniquement les vapes jetables [au Luxembourg] serait limit\u00e9e en termes d&rsquo;efficacit\u00e9 \u00bb.<\/p>\n\n\n\n<p>Il plaide plut\u00f4t pour une \u00ab approche globale \u00bb incluant des r\u00e9glementations sur tous les types de vapes, consid\u00e9r\u00e9e comme une mani\u00e8re \u00ab plus coh\u00e9rente \u00bb de traiter ces enjeux.<\/p>\n\n\n\n<p>Plus t\u00f4t ce mois-ci, la Belgique \u00e9tait devenue le premier pays de l&rsquo;Union europ\u00e9enne \u00e0 interdire les vapes jetables et une proposition similaire est \u00e0 l&rsquo;\u00e9tude en France. Le Royaume-Uni interdira les dispositifs \u00e0 usage unique \u00e0 partir du 1er juin.<\/p>\n\n\n\n<h3 class=\"wp-block-heading\"><strong>Observation et analyse<\/strong><\/h3>\n\n\n\n<p>Cependant, le Luxembourg estime qu&rsquo;une l\u00e9gislation nationale ne serait pas efficace et pr\u00e9f\u00e8re adopter une approche \u00ab observer et analyser \u00bb.<\/p>\n\n\n\n<p>\u00ab Nous adoptons une d\u00e9marche bas\u00e9e sur l&rsquo;observation et l&rsquo;analyse des mesures prises \u00e0 l&rsquo;\u00e9tranger, \u00bb a d\u00e9clar\u00e9 le minist\u00e8re de la Sant\u00e9. \u00ab Cela nous permet d&rsquo;\u00e9valuer l&rsquo;impact de ces initiatives et de d\u00e9terminer quelles actions suppl\u00e9mentaires, le cas \u00e9ch\u00e9ant, pourraient \u00eatre envisag\u00e9es au Luxembourg. \u00bb<\/p>\n\n\n\n<p>Plut\u00f4t que de cibler sp\u00e9cifiquement les vapes jetables, le Luxembourg a propos\u00e9 un projet de loi visant \u00e0 interdire certains ar\u00f4mes et \u00e0 limiter la teneur en nicotine.<\/p>\n\n\n\n<p>Le gouvernement a d\u00e9clar\u00e9 qu&rsquo;il adh\u00e8re \u00e0 l&rsquo;intention derri\u00e8re les interdictions des vapes jetables \u2013 r\u00e9duire le vapotage chez les jeunes et prot\u00e9ger l&rsquo;environnement \u2013 mais estime que cette m\u00e9thode ne produira pas les r\u00e9sultats escompt\u00e9s.<\/p>\n\n\n\n<p>\u00ab Du point de vue de la sant\u00e9, ces produits contiennent des doses \u00e9lev\u00e9es de nicotine, favorisant une d\u00e9pendance rapide, en particulier chez les jeunes, et pouvant les conduire \u00e0 d&rsquo;autres formes de consommation de tabac, \u00bb a-t-il indiqu\u00e9.<\/p>\n\n\n\n<p>Il a ajout\u00e9 que les \u00ab effets n\u00e9gatifs sur le d\u00e9veloppement c\u00e9r\u00e9bral \u00bb touchent particuli\u00e8rement les adolescents, en alt\u00e9rant leur m\u00e9moire et leur concentration, ce qui peut \u00ab nuire \u00e0 leur apprentissage \u00bb.<\/p>\n\n\n\n<p>En plus des pr\u00e9occupations relatives au vapotage chez les jeunes, le minist\u00e8re a soulign\u00e9 que les vapes jetables sont nocives pour l&rsquo;environnement. \u00ab En tant que dispositifs \u00e0 usage unique, elles g\u00e9n\u00e8rent de grandes quantit\u00e9s de d\u00e9chets \u00e9lectroniques difficiles \u00e0 recycler, \u00bb a-t-il pr\u00e9cis\u00e9. \u00ab Les batteries contiennent des m\u00e9taux lourds et du lithium, souvent jet\u00e9s dans des conteneurs inadapt\u00e9s ou sur la voie publique, ce qui contribue \u00e0 la pollution. \u00bb<\/p>\n\n\n\n<h3 class=\"wp-block-heading\"><strong>Interdiction des ar\u00f4mes et limitation de la nicotine<\/strong><\/h3>\n\n\n\n<p>Une interdiction mondiale des vapes jetables, comme le sugg\u00e8re le Luxembourg, est peu probable, car elle impliquerait une coop\u00e9ration internationale.<\/p>\n\n\n\n<p>En d\u00e9cembre, la proposition de la Commission europ\u00e9enne d&rsquo;interdire le vapotage dans l&rsquo;ensemble du bloc a \u00e9t\u00e9 adopt\u00e9e \u2013 mais seulement apr\u00e8s que plusieurs \u00c9tats membres eurent ajout\u00e9 des r\u00e9serves indiquant qu&rsquo;ils ne la mettraient pas en \u0153uvre.<\/p>\n\n\n\n<p>Les interdictions des vapes jetables dans d&rsquo;autres pays ont suscit\u00e9 de vives critiques.<\/p>\n\n\n\n<p>Au Royaume-Uni, un d\u00e9put\u00e9 conservateur a affirm\u00e9 que la l\u00e9gislation \u00e0 venir conduirait les enfants \u00e0 \u00ab fumer derri\u00e8re les hangars \u00e0 v\u00e9los. \u00bb<\/p>\n\n\n\n<p>Sir Christopher Chope a soulign\u00e9 le rapport d&rsquo;\u00e9valuation de l&rsquo;impact du gouvernement, qui a r\u00e9v\u00e9l\u00e9 que jusqu&rsquo;\u00e0 29 % des vapoteurs actuels pourraient \u00eatre incit\u00e9s \u00e0 reprendre la cigarette en raison de l&rsquo;interdiction.<\/p>\n\n\n\n<p>Des experts de la r\u00e9duction des risques estiment que cette mesure compliquerait \u00e9galement la transition des fumeurs vers des vapes beaucoup moins nocives et favoriserait l&rsquo;\u00e9mergence d&rsquo;un march\u00e9 illicite.<\/p>\n\n\n\n<p>Mark Oates, fondateur du groupe de campagne We Vape, a d\u00e9clar\u00e9 :<\/p>\n\n\n\n<blockquote class=\"wp-block-quote is-layout-flow wp-block-quote-is-layout-flow\">\n<p>\u00ab Cette d\u00e9cision va co\u00fbter des vies, car les vapes jetables sont extr\u00eamement populaires aupr\u00e8s des adultes qui cherchent \u00e0 abandonner le tabac. \u00bb<\/p>\n<\/blockquote>\n<div class=\"clear-after-content-2\" style=\"margin-top: 20px;margin-bottom: 20px;margin-left: auto;margin-right: auto;text-align: center;\" id=\"clear-1184385700\"><img src=\"https:\/\/clearingtheair.eu\/wp-content\/uploads\/2026\/04\/caafc5c68900198b80aee12c11b50184.avif\" alt=\"\"   style=\"display: inline-block;\" \/><\/div>","protected":false},"excerpt":{"rendered":"<p>Le Luxembourg n&rsquo;imposera pas d&rsquo;interdiction nationale des vapes jetables, a d\u00e9clar\u00e9 le gouvernement. Le minist\u00e8re de la Sant\u00e9 a reconnu la n\u00e9cessit\u00e9 de r\u00e9duire les impacts environnementaux et d&#8217;emp\u00eacher les jeunes de se mettre au vapotage, mais a pr\u00e9cis\u00e9 qu&rsquo;il estime \u00ab&hellip;<\/p>\n","protected":false},"author":990002,"featured_media":20459,"comment_status":"open","ping_status":"open","sticky":false,"template":"","format":"standard","meta":{"footnotes":""},"categories":[267],"tags":[382],"slider":[],"class_list":["post-20475","post","type-post","status-publish","format-standard","has-post-thumbnail","hentry","category-news","tag-mondial"],"_links":{"self":[{"href":"https:\/\/clearingtheair.eu\/fr\/wp-json\/wp\/v2\/posts\/20475","targetHints":{"allow":["GET"]}}],"collection":[{"href":"https:\/\/clearingtheair.eu\/fr\/wp-json\/wp\/v2\/posts"}],"about":[{"href":"https:\/\/clearingtheair.eu\/fr\/wp-json\/wp\/v2\/types\/post"}],"author":[{"embeddable":true,"href":"https:\/\/clearingtheair.eu\/fr\/wp-json\/wp\/v2\/users\/990002"}],"replies":[{"embeddable":true,"href":"https:\/\/clearingtheair.eu\/fr\/wp-json\/wp\/v2\/comments?post=20475"}],"version-history":[{"count":2,"href":"https:\/\/clearingtheair.eu\/fr\/wp-json\/wp\/v2\/posts\/20475\/revisions"}],"predecessor-version":[{"id":20496,"href":"https:\/\/clearingtheair.eu\/fr\/wp-json\/wp\/v2\/posts\/20475\/revisions\/20496"}],"wp:featuredmedia":[{"embeddable":true,"href":"https:\/\/clearingtheair.eu\/fr\/wp-json\/wp\/v2\/media\/20459"}],"wp:attachment":[{"href":"https:\/\/clearingtheair.eu\/fr\/wp-json\/wp\/v2\/media?parent=20475"}],"wp:term":[{"taxonomy":"category","embeddable":true,"href":"https:\/\/clearingtheair.eu\/fr\/wp-json\/wp\/v2\/categories?post=20475"},{"taxonomy":"post_tag","embeddable":true,"href":"https:\/\/clearingtheair.eu\/fr\/wp-json\/wp\/v2\/tags?post=20475"},{"taxonomy":"slider","embeddable":true,"href":"https:\/\/clearingtheair.eu\/fr\/wp-json\/wp\/v2\/slider?post=20475"}],"curies":[{"name":"wp","href":"https:\/\/api.w.org\/{rel}","templated":true}]}}