{"id":20481,"date":"2025-02-04T14:32:24","date_gmt":"2025-02-04T14:32:24","guid":{"rendered":"https:\/\/clearingtheair.eu\/post\/france-one-step-closer-to-banning-nicotine-pouches-and-disposable-vapes\/"},"modified":"2025-02-05T13:41:00","modified_gmt":"2025-02-05T13:41:00","slug":"la-france-se-rapproche-dune-interdiction-des-sachets-de-nicotine-et-des-vapes-jetables","status":"publish","type":"post","link":"https:\/\/clearingtheair.eu\/fr\/post\/la-france-se-rapproche-dune-interdiction-des-sachets-de-nicotine-et-des-vapes-jetables\/","title":{"rendered":"La France se rapproche d&rsquo;une interdiction des sachets de nicotine et des vapes jetables."},"content":{"rendered":"<div class=\"clear-before-content-2\" style=\"margin-top: 20px;margin-bottom: 20px;margin-left: auto;margin-right: auto;text-align: center;\" id=\"clear-471491515\"><img src=\"https:\/\/clearingtheair.eu\/wp-content\/uploads\/2026\/04\/caafc5c68900198b80aee12c11b50184.avif\" alt=\"\"   style=\"display: inline-block;\" \/><\/div>\n<p>La France se rapproche d&rsquo;une interdiction des sachets de nicotine et des vapes jetables apr\u00e8s que ses propositions aient franchi un obstacle juridique majeur.<\/p>\n\n\n\n<p>La ministre de la Sant\u00e9 du pays, Genevi\u00e8ve Darrieussecq, avait annonc\u00e9 en octobre son intention d&rsquo;interdire les sachets de nicotine, et ce, malgr\u00e9 leur efficacit\u00e9 prouv\u00e9e pour aider les fumeurs \u00e0 arr\u00eater. Dans une interview accord\u00e9e au journal Le Parisien \u00e0 l&rsquo;\u00e9poque, Darrieussecq affirmait que ces sachets contiennent \u00ab des doses \u00e9lev\u00e9es de nicotine \u00bb et sont commercialis\u00e9s de mani\u00e8re \u00e0 attirer les jeunes.<\/p>\n\n\n\n<p>Elle a d\u00e9crit ces produits comme \u00ab dangereux \u00bb, en particulier lorsqu&rsquo;ils sont utilis\u00e9s par les jeunes, arguant qu&rsquo;ils peuvent favoriser la d\u00e9pendance \u00e0 la nicotine et servir de passerelle potentielle vers le tabagisme.<\/p>\n\n\n\n<h3 class=\"wp-block-heading\">Projet de loi plus proche de devenir une loi<\/h3>\n\n\n\n<p>La semaine derni\u00e8re, un projet de loi visant \u00e0 interdire les sachets de nicotine s&rsquo;est rapproch\u00e9 de son adoption apr\u00e8s avoir \u00e9t\u00e9 approuv\u00e9 par la chambre haute du S\u00e9nat fran\u00e7ais.<\/p>\n\n\n\n<p>Actuellement, le projet de loi propose de r\u00e9glementer plut\u00f4t que d&rsquo;interdire les sachets de nicotine, notamment en imposant une limite de leur teneur en nicotine et des taxes plus \u00e9lev\u00e9es. Cependant, le S\u00e9nat tend \u00e0 faire supprimer ces suggestions au profit d&rsquo;une interdiction pure et simple.<\/p>\n\n\n\n<p>Le nouvel amendement stipule : \u00ab L&rsquo;objectif de cet amendement est d&rsquo;interdire les sachets de nicotine, conform\u00e9ment aux annonces de la Ministre de la Sant\u00e9 et de l&rsquo;Acc\u00e8s aux Soins, Genevi\u00e8ve Darrieussecq, du 29 octobre 2024. En effet, une r\u00e9glementation reviendrait \u00e0 autoriser leur vente alors que l&rsquo;\u00c9tat s&rsquo;\u00e9tait engag\u00e9 \u00e0 publier un texte interdisant ces produits. \u00bb<\/p>\n\n\n\n<p>Il qualifie ces sachets de \u00ab tendance inqui\u00e9tante \u00bb chez les jeunes et cite une augmentation des signalements d&#8217;empoisonnements chez les 12 \u00e0 17 ans aupr\u00e8s des centres antipoison.<\/p>\n\n\n\n<p>L&rsquo;amendement pr\u00e9cise : \u00ab V\u00e9ritable fl\u00e9au pour la sant\u00e9 des jeunes, l&rsquo;interdiction des sachets de nicotine renforcerait la place de la France dans la lutte mondiale contre le tabagisme et pourrait aider nos enfants \u00e0 devenir, d\u00e8s 2032, la premi\u00e8re \u00ab g\u00e9n\u00e9ration d&rsquo;adultes sans tabac \u00bb, objectif inscrit dans le Programme National de Lutte contre le Tabagisme 2023 &#8211; 2027. \u00bb<\/p>\n\n\n\n<p>Le projet de loi sera d\u00e9battu lors d&rsquo;une r\u00e9union entre repr\u00e9sentants de l&rsquo;Assembl\u00e9e nationale et du S\u00e9nat aujourd&rsquo;hui (30 janvier). Si un texte final est convenu, il sera soumis \u00e0 d\u00e9bat et vote \u00e0 l&rsquo;Assembl\u00e9e nationale la semaine prochaine.<\/p>\n\n\n\n<h3 class=\"wp-block-heading\">L&rsquo;interdiction des vapes jetables se rapproche \u00e9galement<\/h3>\n\n\n\n<p>Parall\u00e8lement, une interdiction des vapes jetables en France est \u00e9galement imminente. Une version amend\u00e9e d&rsquo;un projet de loi visant \u00e0 interdire la fabrication, la commercialisation, la distribution et la fourniture de vapes jetables a d\u00e9sormais \u00e9t\u00e9 approuv\u00e9e par une commission parlementaire mixte.<\/p>\n\n\n\n<p>La nouvelle version du projet de loi contient un amendement d\u00e9finissant les vapes jetables comme \u00ab pr\u00e9remplies avec un liquide et ne pouvant pas \u00eatre recharg\u00e9es, qu&rsquo;elles soient ou non \u00e9quip\u00e9es d&rsquo;une batterie rechargeable \u00bb. Cette modification r\u00e9pond apparemment aux avis des membres de la commission, qui estiment que le texte du projet de loi doit anticiper les avanc\u00e9es technologiques dans le domaine des vapes.<\/p>\n\n\n\n<p>Le projet de loi devrait \u00eatre examin\u00e9 par le S\u00e9nat lors de la deuxi\u00e8me semaine de f\u00e9vrier.<\/p>\n\n\n\n<p>Les d\u00e9fenseurs du vapotage et les militants anti-tabac ont critiqu\u00e9 cette nouvelle l\u00e9gislation, la qualifiant de \u00ab pas dans la bonne direction \u00bb.<\/p>\n\n\n\n<p>Michael Landl, directeur de la World Vapers\u2019 Alliance, a d\u00e9clar\u00e9 que l&rsquo;interdiction des sachets de nicotine supprimerait un outil pr\u00e9cieux pour les fumeurs cherchant \u00e0 arr\u00eater.<\/p>\n\n\n\n<p>Il a affirm\u00e9 : \u00ab En interdisant les sachets de nicotine, la Ministre Darrieussecq ferme une voie efficace et beaucoup moins nocive pour des millions de personnes en lutte pour arr\u00eater de fumer. Ces sachets ont fait leurs preuves dans d&rsquo;autres pays pour aider les fumeurs \u00e0 passer des cigarettes et sont bien plus s\u00fbrs. Plut\u00f4t que d&rsquo;offrir des alternatives, la France risque de pousser les gens vers le tabac ou vers le march\u00e9 noir. \u00bb<\/p>\n\n\n\n<p>Concernant l&rsquo;interdiction des vapes jetables, il a ajout\u00e9 : <\/p>\n\n\n\n<blockquote class=\"wp-block-quote is-layout-flow wp-block-quote-is-layout-flow\">\n<p>\u00ab La prohibition ne fonctionne pas. Elle n&rsquo;a jamais fonctionn\u00e9 et ne fonctionnera jamais. Une interdiction des vapes jetables ne supprimera pas la demande, mais la d\u00e9placera des march\u00e9s r\u00e9glement\u00e9s vers le march\u00e9 noir, cr\u00e9ant ainsi des cons\u00e9quences n\u00e9gatives et inattendues sur la sant\u00e9 publique. \u00bb<\/p>\n<\/blockquote>\n<div class=\"clear-after-content-2\" style=\"margin-top: 20px;margin-bottom: 20px;margin-left: auto;margin-right: auto;text-align: center;\" id=\"clear-611644835\"><img src=\"https:\/\/clearingtheair.eu\/wp-content\/uploads\/2026\/04\/caafc5c68900198b80aee12c11b50184.avif\" alt=\"\"   style=\"display: inline-block;\" \/><\/div>","protected":false},"excerpt":{"rendered":"<p>La France se rapproche d&rsquo;une interdiction des sachets de nicotine et des vapes jetables apr\u00e8s que ses propositions aient franchi un obstacle juridique majeur. La ministre de la Sant\u00e9 du pays, Genevi\u00e8ve Darrieussecq, avait annonc\u00e9 en octobre son intention d&rsquo;interdire les sachets&hellip;<\/p>\n","protected":false},"author":990002,"featured_media":20453,"comment_status":"open","ping_status":"open","sticky":false,"template":"","format":"standard","meta":{"footnotes":""},"categories":[267,264],"tags":[327,382,186],"slider":[],"class_list":["post-20481","post","type-post","status-publish","format-standard","has-post-thumbnail","hentry","category-news","category-legislation","tag-france","tag-mondial","tag-nicotine"],"_links":{"self":[{"href":"https:\/\/clearingtheair.eu\/fr\/wp-json\/wp\/v2\/posts\/20481","targetHints":{"allow":["GET"]}}],"collection":[{"href":"https:\/\/clearingtheair.eu\/fr\/wp-json\/wp\/v2\/posts"}],"about":[{"href":"https:\/\/clearingtheair.eu\/fr\/wp-json\/wp\/v2\/types\/post"}],"author":[{"embeddable":true,"href":"https:\/\/clearingtheair.eu\/fr\/wp-json\/wp\/v2\/users\/990002"}],"replies":[{"embeddable":true,"href":"https:\/\/clearingtheair.eu\/fr\/wp-json\/wp\/v2\/comments?post=20481"}],"version-history":[{"count":2,"href":"https:\/\/clearingtheair.eu\/fr\/wp-json\/wp\/v2\/posts\/20481\/revisions"}],"predecessor-version":[{"id":20498,"href":"https:\/\/clearingtheair.eu\/fr\/wp-json\/wp\/v2\/posts\/20481\/revisions\/20498"}],"wp:featuredmedia":[{"embeddable":true,"href":"https:\/\/clearingtheair.eu\/fr\/wp-json\/wp\/v2\/media\/20453"}],"wp:attachment":[{"href":"https:\/\/clearingtheair.eu\/fr\/wp-json\/wp\/v2\/media?parent=20481"}],"wp:term":[{"taxonomy":"category","embeddable":true,"href":"https:\/\/clearingtheair.eu\/fr\/wp-json\/wp\/v2\/categories?post=20481"},{"taxonomy":"post_tag","embeddable":true,"href":"https:\/\/clearingtheair.eu\/fr\/wp-json\/wp\/v2\/tags?post=20481"},{"taxonomy":"slider","embeddable":true,"href":"https:\/\/clearingtheair.eu\/fr\/wp-json\/wp\/v2\/slider?post=20481"}],"curies":[{"name":"wp","href":"https:\/\/api.w.org\/{rel}","templated":true}]}}