{"id":20487,"date":"2025-01-31T15:31:56","date_gmt":"2025-01-31T15:31:56","guid":{"rendered":"https:\/\/clearingtheair.eu\/post\/vaping-is-not-associated-with-long-covid-while-smoking-is-new-study-finds\/"},"modified":"2025-02-05T13:46:18","modified_gmt":"2025-02-05T13:46:18","slug":"le-vapotage-nest-pas-associe-au-long-covid-tandis-que-le-tabagisme-lest-selon-une-nouvelle-etude","status":"publish","type":"post","link":"https:\/\/clearingtheair.eu\/fr\/post\/le-vapotage-nest-pas-associe-au-long-covid-tandis-que-le-tabagisme-lest-selon-une-nouvelle-etude\/","title":{"rendered":"Le vapotage n&rsquo;est PAS associ\u00e9 au long Covid tandis que le tabagisme l&rsquo;est, selon une nouvelle \u00e9tude."},"content":{"rendered":"<div class=\"clear-before-content-2\" style=\"margin-top: 20px;margin-bottom: 20px;margin-left: auto;margin-right: auto;text-align: center;\" id=\"clear-2663831755\"><img src=\"https:\/\/clearingtheair.eu\/wp-content\/uploads\/2026\/04\/caafc5c68900198b80aee12c11b50184.avif\" alt=\"\"   style=\"display: inline-block;\" \/><\/div>\n<p><strong>Le vapotage n&rsquo;est pas un facteur de risque pour le d\u00e9veloppement du long Covid, une grande nouvelle \u00e9tude a r\u00e9v\u00e9l\u00e9.<\/strong><\/p>\n\n\n\n<p>La pand\u00e9mie de Covid-19 a provoqu\u00e9 chez de nombreux patients des sympt\u00f4mes durables, notamment de la fatigue, un essoufflement et des probl\u00e8mes cognitifs.<\/p>\n\n\n\n<p>Le tabagisme et le vapotage ont tous deux \u00e9t\u00e9 pr\u00e9c\u00e9demment associ\u00e9s \u00e0 un risque accru de syndrome post-aigu de Covid-19 (SPAC) \u2013 plus commun\u00e9ment appel\u00e9 \u00ab long Covid \u00bb.<\/p>\n\n\n\n<p>Cependant, un nouveau rapport scientifique publi\u00e9 dans la revue <em>Nature<\/em> a d\u00e9montr\u00e9 que le vapotage n&rsquo;est en fait pas un facteur de risque pour le SPAC (d\u00e9fini comme la pr\u00e9sence de sympt\u00f4mes de Covid-19 pendant plus de trois mois).<\/p>\n\n\n\n<blockquote class=\"wp-block-quote is-layout-flow wp-block-quote-is-layout-flow\">\n<p>L&rsquo;\u00e9tude indique :<br>\u00ab Cette \u00e9tude transversale, r\u00e9alis\u00e9e sur une population repr\u00e9sentative d&rsquo;adultes am\u00e9ricains, n&rsquo;a trouv\u00e9 aucune association ind\u00e9pendante entre l&rsquo;utilisation actuelle ou ancienne de cigarettes \u00e9lectroniques et le SPAC. \u00bb<\/p>\n<\/blockquote>\n\n\n\n<h3 class=\"wp-block-heading\">Les fumeurs plus susceptibles de pr\u00e9senter un long Covid<\/h3>\n\n\n\n<p>Parall\u00e8lement, l&rsquo;\u00e9tude a r\u00e9v\u00e9l\u00e9 que les fumeurs \u00e9taient 21 % plus susceptibles de pr\u00e9senter des sympt\u00f4mes du SPAC que ceux qui n&rsquo;avaient jamais fum\u00e9.<\/p>\n\n\n\n<p>D&rsquo;autres facteurs augmentant le risque de SPAC chez les participants comprenaient le fait d&rsquo;\u00eatre une femme, d&rsquo;\u00eatre blanc, d&rsquo;\u00eatre en surpoids, de souffrir de d\u00e9pression ou d&rsquo;anxi\u00e9t\u00e9, et d&rsquo;avoir re\u00e7u un diagnostic de BPCO (bronchopneumopathie chronique obstructive \u2013 g\u00e9n\u00e9ralement caus\u00e9e par le tabagisme).<\/p>\n\n\n\n<p>L&rsquo;\u00e9tude a analys\u00e9 les donn\u00e9es de 107\u202f249 adultes am\u00e9ricains ayant test\u00e9 positif \u00e0 la Covid-19 en 2022, dont 23\u202f335 (21,72 %) ont d\u00e9clar\u00e9 avoir souffert du SPAC.<\/p>\n\n\n\n<blockquote class=\"wp-block-quote is-layout-flow wp-block-quote-is-layout-flow\">\n<p>Elle a conclu :<br>\u00ab Les r\u00e9sultats ont montr\u00e9 que le genre f\u00e9minin, l&rsquo;ob\u00e9sit\u00e9, le tabagisme actuel ainsi qu&rsquo;un ant\u00e9c\u00e9dent de d\u00e9pression, d&rsquo;asthme et de BPCO \u00e9taient significativement associ\u00e9s \u00e0 une probabilit\u00e9 plus \u00e9lev\u00e9e de SPAC.<br>N\u00e9anmoins, l&rsquo;utilisation de cigarettes \u00e9lectroniques n&rsquo;\u00e9tait pas significativement li\u00e9e \u00e0 une augmentation des probabilit\u00e9s de SPAC&#8230; En conclusion, nos r\u00e9sultats n&rsquo;ont r\u00e9v\u00e9l\u00e9 aucune association, ni ind\u00e9pendante ni indirecte, entre le SPAC et l&rsquo;utilisation de cigarettes \u00e9lectroniques. \u00bb<\/p>\n<\/blockquote>\n\n\n\n<p>Les chercheurs ont affirm\u00e9 que les \u00e9tudes ant\u00e9rieures qui avaient li\u00e9 le vapotage au SPAC n&rsquo;avaient peut-\u00eatre pas correctement pris en compte d&rsquo;autres variables.<\/p>\n\n\n\n<p>Ils ont pr\u00e9cis\u00e9 :<br>\u00ab Notre \u00e9tude est la premi\u00e8re \u00e0 r\u00e9futer toute association ind\u00e9pendante entre l&rsquo;utilisation de cigarettes \u00e9lectroniques et le SPAC dans une grande population de 107\u202f249 participants.<br>Il est int\u00e9ressant de noter que l&rsquo;utilisation de cigarettes \u00e9lectroniques \u00e9tait significativement associ\u00e9e au SPAC avant ajustement, mais que cette association a disparu apr\u00e8s ajustement. Cela peut s&rsquo;expliquer par le fait que les utilisateurs de cigarettes \u00e9lectroniques \u00e9taient soit d&rsquo;anciens fumeurs, soit des utilisateurs duals, avaient des ant\u00e9c\u00e9dents de BPCO ou d&rsquo;asthme. \u00bb<\/p>\n\n\n\n<h3 class=\"wp-block-heading\">Passer du tabagisme au vapotage pourrait r\u00e9duire le risque<\/h3>\n\n\n\n<p>L&rsquo;\u00e9tude a conclu que ses r\u00e9sultats sugg\u00e8rent que passer du tabagisme au vapotage pourrait r\u00e9duire le risque de sympt\u00f4mes persistants de la Covid-19. Toutefois, les anciens fumeurs \u00e9taient plus \u00e0 risque que ceux qui n&rsquo;avaient jamais fum\u00e9.<\/p>\n\n\n\n<p>Elle a ajout\u00e9 que ces conclusions \u00ab mettent en lumi\u00e8re les effets plus n\u00e9fastes du tabagisme et d&rsquo;autres facteurs de risque par rapport aux cigarettes \u00e9lectroniques. \u00bb<\/p>\n\n\n\n<p>\u00ab \u00c9tant donn\u00e9 que les cigarettes sont un facteur de risque \u00e9tabli pour le SPAC, passer aux cigarettes \u00e9lectroniques pourrait \u00eatre une option viable pour r\u00e9duire la susceptibilit\u00e9 au SPAC, bien que le fait d&rsquo;avoir fum\u00e9 auparavant soit toujours associ\u00e9 au SPAC dans notre \u00e9tude, \u00bb a-t-elle pr\u00e9cis\u00e9.<\/p>\n\n\n\n<blockquote class=\"wp-block-quote is-layout-flow wp-block-quote-is-layout-flow\">\n<p>\u00ab La r\u00e9ponse inflammatoire r\u00e9duite provoqu\u00e9e par la fum\u00e9e des cigarettes \u00e9lectroniques, par rapport \u00e0 celle des cigarettes traditionnelles, observ\u00e9e dans des \u00e9tudes pr\u00e9cliniques, soutient l&rsquo;effet moins n\u00e9faste des cigarettes \u00e9lectroniques par rapport au tabagisme. \u00bb<\/p>\n<\/blockquote>\n\n\n\n<p><\/p>\n<div class=\"clear-after-content-2\" style=\"margin-top: 20px;margin-bottom: 20px;margin-left: auto;margin-right: auto;text-align: center;\" id=\"clear-1427552450\"><img src=\"https:\/\/clearingtheair.eu\/wp-content\/uploads\/2026\/04\/caafc5c68900198b80aee12c11b50184.avif\" alt=\"\"   style=\"display: inline-block;\" \/><\/div>","protected":false},"excerpt":{"rendered":"<p>Le vapotage n&rsquo;est pas un facteur de risque pour le d\u00e9veloppement du long Covid, une grande nouvelle \u00e9tude a r\u00e9v\u00e9l\u00e9. La pand\u00e9mie de Covid-19 a provoqu\u00e9 chez de nombreux patients des sympt\u00f4mes durables, notamment de la fatigue, un essoufflement et des probl\u00e8mes&hellip;<\/p>\n","protected":false},"author":990002,"featured_media":20424,"comment_status":"open","ping_status":"open","sticky":false,"template":"","format":"standard","meta":{"footnotes":""},"categories":[267,270],"tags":[],"slider":[],"class_list":["post-20487","post","type-post","status-publish","format-standard","has-post-thumbnail","hentry","category-news","category-science"],"_links":{"self":[{"href":"https:\/\/clearingtheair.eu\/fr\/wp-json\/wp\/v2\/posts\/20487","targetHints":{"allow":["GET"]}}],"collection":[{"href":"https:\/\/clearingtheair.eu\/fr\/wp-json\/wp\/v2\/posts"}],"about":[{"href":"https:\/\/clearingtheair.eu\/fr\/wp-json\/wp\/v2\/types\/post"}],"author":[{"embeddable":true,"href":"https:\/\/clearingtheair.eu\/fr\/wp-json\/wp\/v2\/users\/990002"}],"replies":[{"embeddable":true,"href":"https:\/\/clearingtheair.eu\/fr\/wp-json\/wp\/v2\/comments?post=20487"}],"version-history":[{"count":2,"href":"https:\/\/clearingtheair.eu\/fr\/wp-json\/wp\/v2\/posts\/20487\/revisions"}],"predecessor-version":[{"id":20500,"href":"https:\/\/clearingtheair.eu\/fr\/wp-json\/wp\/v2\/posts\/20487\/revisions\/20500"}],"wp:featuredmedia":[{"embeddable":true,"href":"https:\/\/clearingtheair.eu\/fr\/wp-json\/wp\/v2\/media\/20424"}],"wp:attachment":[{"href":"https:\/\/clearingtheair.eu\/fr\/wp-json\/wp\/v2\/media?parent=20487"}],"wp:term":[{"taxonomy":"category","embeddable":true,"href":"https:\/\/clearingtheair.eu\/fr\/wp-json\/wp\/v2\/categories?post=20487"},{"taxonomy":"post_tag","embeddable":true,"href":"https:\/\/clearingtheair.eu\/fr\/wp-json\/wp\/v2\/tags?post=20487"},{"taxonomy":"slider","embeddable":true,"href":"https:\/\/clearingtheair.eu\/fr\/wp-json\/wp\/v2\/slider?post=20487"}],"curies":[{"name":"wp","href":"https:\/\/api.w.org\/{rel}","templated":true}]}}