{"id":23199,"date":"2025-03-07T10:19:51","date_gmt":"2025-03-07T10:19:51","guid":{"rendered":"https:\/\/clearingtheair.eu\/post\/le-vapotage-nest-pas-scientifiquement-lie-a-des-problemes-respiratoires-graves-selon-une-etude-de-luniversite-de-catane\/"},"modified":"2025-03-07T11:31:48","modified_gmt":"2025-03-07T11:31:48","slug":"le-vapotage-nest-pas-scientifiquement-lie-a-des-problemes-respiratoires-graves-selon-une-etude-de-luniversite-de-catane","status":"publish","type":"post","link":"https:\/\/clearingtheair.eu\/fr\/post\/le-vapotage-nest-pas-scientifiquement-lie-a-des-problemes-respiratoires-graves-selon-une-etude-de-luniversite-de-catane\/","title":{"rendered":"Le vapotage n&rsquo;est pas scientifiquement li\u00e9 \u00e0 des probl\u00e8mes respiratoires graves, selon une \u00e9tude de l&rsquo;Universit\u00e9 de Catane"},"content":{"rendered":"<div class=\"clear-before-content-2\" style=\"margin-top: 20px;margin-bottom: 20px;margin-left: auto;margin-right: auto;text-align: center;\" id=\"clear-3469828813\"><img src=\"https:\/\/clearingtheair.eu\/wp-content\/uploads\/2026\/04\/caafc5c68900198b80aee12c11b50184.avif\" alt=\"\"   style=\"display: inline-block;\" \/><\/div>\n<ul class=\"wp-block-list\">\n<li><strong>Aucun lien significatif n&rsquo;a \u00e9t\u00e9 trouv\u00e9 entre l&rsquo;utilisation exclusive de la vape et les probl\u00e8mes respiratoires graves chez les personnes n&rsquo;ayant jamais fum\u00e9.  <\/strong><\/li>\n\n\n\n<li><strong>Associations avec des sympt\u00f4mes respiratoires l\u00e9gers \u00ab\u00a0t\u00e9nues et variables\u00a0\u00bb.<\/strong><\/li>\n\n\n\n<li><strong>Absence d&rsquo;\u00e9tudes portant uniquement sur les fumeurs n&rsquo;ayant jamais fum\u00e9  <\/strong><\/li>\n\n\n\n<li><strong>Les chercheurs invitent les prestataires de soins de sant\u00e9 \u00e0 encourager les fumeurs \u00e0 passer \u00e0 un mode de vapotage moins nocif<\/strong><\/li>\n<\/ul>\n\n<p>Selon une nouvelle \u00e9tude, le vapotage n&rsquo;est pas scientifiquement li\u00e9 \u00e0 des probl\u00e8mes respiratoires graves chez les personnes qui n&rsquo;ont jamais fum\u00e9.<\/p>\n\n<p>L&rsquo;examen de 12 \u00e9tudes men\u00e9es aux \u00c9tats-Unis, sous la direction de professeurs de l&rsquo;universit\u00e9 de Catane en Italie, a r\u00e9v\u00e9l\u00e9 que huit d&rsquo;entre elles ne faisaient \u00e9tat d&rsquo;aucune association significative entre le vapotage et des sympt\u00f4mes tels que la BPCO, la bronchite chronique, l&#8217;emphys\u00e8me ou l&rsquo;asthme.  <\/p>\n\n<p>Les cinq autres \u00e9tudes ont fait \u00e9tat d&rsquo;au moins un lien significatif, mais les chercheurs ont conclu que les m\u00e9thodologies utilis\u00e9es dans quatre d&rsquo;entre elles n&rsquo;\u00e9taient pas \u00ab\u00a0solides\u00a0\u00bb.<\/p>\n\n<p><a href=\"https:\/\/link.springer.com\/article\/10.1007\/s11739-025-03894-7\" rel=\"nofollow noopener\" target=\"_blank\">Le rapport<\/a>, publi\u00e9 dans la revue Internal and Emergency Medicine, indique ce qui suit : \u00ab\u00a0Nous avons inclus 12 \u00e9tudes de conception prospective qui examinent une s\u00e9rie de r\u00e9sultats respiratoires cons\u00e9cutifs \u00e0 l&rsquo;utilisation de la cigarette \u00e9lectronique chez les personnes n&rsquo;ayant jamais fum\u00e9.  <\/p>\n\n<blockquote class=\"wp-block-quote is-layout-flow wp-block-quote-is-layout-flow\">\n<p>\u00ab\u00a0Huit \u00e9tudes n&rsquo;ont pas trouv\u00e9 de diff\u00e9rences statistiquement significatives dans le risque respiratoire associ\u00e9 \u00e0 l&rsquo;utilisation initiale de la CU. Les cinq \u00e9tudes restantes ont fait \u00e9tat d&rsquo;une association significative dans au moins une analyse, mais dans quatre d&rsquo;entre elles, les associations n&rsquo;\u00e9taient pas robustes d&rsquo;un mod\u00e8le \u00e0 l&rsquo;autre\u00a0\u00bb.<\/p>\n<\/blockquote>\n\n<p><strong>Les liens avec les sympt\u00f4mes l\u00e9gers sont t\u00e9nus<\/strong><\/p>\n\n<p>Les chercheurs ont \u00e9galement indiqu\u00e9 qu&rsquo;il y avait peu de preuves d&rsquo;un lien entre le vapotage et les sympt\u00f4mes respiratoires mod\u00e9r\u00e9s \u00e0 s\u00e9v\u00e8res, et que m\u00eame les associations avec les sympt\u00f4mes l\u00e9gers \u00e9taient \u00ab\u00a0t\u00e9nues\u00a0\u00bb.<\/p>\n\n<p>La revue a d\u00e9clar\u00e9 : \u00ab\u00a0Dans l&rsquo;ensemble, il n&rsquo;y a pas de preuves de risques respiratoires mod\u00e9r\u00e9s \u00e0 s\u00e9v\u00e8res associ\u00e9s \u00e0 l&rsquo;utilisation de la CE, mais il y avait une association t\u00e9nue avec des sympt\u00f4mes l\u00e9gers qui n&rsquo;\u00e9tait pas robuste dans tous les mod\u00e8les et qui pourrait \u00eatre due, en partie, \u00e0 des facteurs de confusion non pris en compte (autres variables)\u00a0\u00bb.<\/p>\n\n<p>Le rapport indique que ses conclusions montrent que l&rsquo;abandon du tabagisme conventionnel &#8211; principale cause de d\u00e9c\u00e8s pr\u00e9matur\u00e9 dans le monde &#8211; au profit du vapotage aurait un impact positif sur la sant\u00e9 respiratoire.  <\/p>\n\n<p>Le rapport indique que \u00ab\u00a0les CE ne sont pas totalement sans risque : \u00ab\u00a0Bien que les CE ne soient pas totalement exempts de risques, les donn\u00e9es disponibles \u00e0 ce jour sugg\u00e8rent que l&rsquo;abandon du tabac combustible au profit des CE pourrait avoir un impact positif global sur la sant\u00e9 respiratoire de la population.\u00a0\u00bb<\/p>\n\n<p>Le rapport indique que ses conclusions devraient \u00e9galement apaiser les craintes selon lesquelles le vapotage lui-m\u00eame provoque des probl\u00e8mes respiratoires mod\u00e9r\u00e9s \u00e0 graves chez les personnes qui ont compl\u00e8tement arr\u00eat\u00e9 de fumer.  <\/p>\n\n<blockquote class=\"wp-block-quote is-layout-flow wp-block-quote-is-layout-flow\">\n<p>Le rapport pr\u00e9cise que \u00ab\u00a0ces donn\u00e9es att\u00e9nuent \u00e9galement les inqui\u00e9tudes concernant les risques respiratoires absolus mod\u00e9r\u00e9s \u00e0 s\u00e9v\u00e8res (ind\u00e9pendamment d&rsquo;autres facteurs) associ\u00e9s \u00e0 l&rsquo;utilisation \u00e0 long terme de la CE par les personnes qui ont compl\u00e8tement cess\u00e9 de fumer\u00a0\u00bb : \u00ab\u00a0Ces donn\u00e9es att\u00e9nuent \u00e9galement les inqui\u00e9tudes concernant les risques respiratoires <em>absolus<\/em> mod\u00e9r\u00e9s \u00e0 s\u00e9v\u00e8res (ind\u00e9pendamment d&rsquo;autres facteurs) associ\u00e9s \u00e0 l&rsquo;utilisation \u00e0 long terme de la CE par des personnes qui ont compl\u00e8tement arr\u00eat\u00e9 de fumer.\u00a0\u00bb  <\/p>\n<\/blockquote>\n\n<p><strong>Absence d&rsquo;\u00e9tudes portant uniquement sur les fumeurs n&rsquo;ayant jamais fum\u00e9<\/strong><\/p>\n\n<p>Les chercheurs ont pass\u00e9 en revue 12 \u00e9tudes r\u00e9alis\u00e9es aux \u00c9tats-Unis et portant sp\u00e9cifiquement sur les effets du vapotage sur la sant\u00e9 respiratoire des personnes n&rsquo;ayant jamais fum\u00e9.<\/p>\n\n<p>Cela permet d&rsquo;\u00e9liminer la variable du tabagisme ant\u00e9rieur, ce que la plupart des autres \u00e9tudes n&rsquo;ont pas r\u00e9ussi \u00e0 faire de mani\u00e8re ad\u00e9quate.  <\/p>\n\n<p>En raison du petit nombre d&rsquo;\u00e9tudes \u00e9ligibles pour l&rsquo;examen, l&rsquo;\u00e9quipe a accept\u00e9 une d\u00e9finition plus large de l&rsquo;expression \u00ab\u00a0n&rsquo;avoir jamais fum\u00e9\u00a0\u00bb. Elle a inclus des \u00e9tudes dans lesquelles les participants n&rsquo;avaient jamais tir\u00e9 une seule bouff\u00e9e de cigarette et ceux qui avaient fum\u00e9 moins de 100 cigarettes au cours de leur vie.   <\/p>\n\n<p>La d\u00e9finition des r\u00e9sultats respiratoires varie \u00e9galement d&rsquo;une \u00e9tude \u00e0 l&rsquo;autre pour la m\u00eame raison. Par exemple, trois \u00e9tudes ont analys\u00e9 l&rsquo;asthme auto-d\u00e9clar\u00e9, deux ont examin\u00e9 les sympt\u00f4mes de respiration sifflante, quatre ont analys\u00e9 un indice de sympt\u00f4mes respiratoires auto-d\u00e9clar\u00e9s et une a analys\u00e9 tous les diagnostics respiratoires auto-d\u00e9clar\u00e9s (BPCO, bronchite chronique, emphys\u00e8me ou asthme). Certaines \u00e9tudes portaient sur les adultes et d&rsquo;autres sur les jeunes.    <\/p>\n\n<p><strong>La r\u00e9glementation doit \u00eatre proportionnelle aux risques<\/strong><\/p>\n\n<p>Le rapport indique que les \u00e9tudes sont \u00ab\u00a0rassurantes, car elles n&rsquo;apportent pas de preuves statistiquement significatives des effets respiratoires de l&rsquo;utilisation de la cigarette \u00e9lectronique par les jeunes et les adultes qui n&rsquo;ont jamais fum\u00e9\u00a0\u00bb.<\/p>\n\n<p>Toutefois, en raison du petit nombre d&rsquo;\u00e9tudes disponibles pour l&rsquo;examen, ils ont sugg\u00e9r\u00e9 que des recherches suppl\u00e9mentaires soient men\u00e9es.  <\/p>\n\n<p>\u00ab\u00a0Les prestataires de soins de sant\u00e9 devraient encourager les personnes qui fument et qui ont peu de chances d&rsquo;arr\u00eater de fumer en utilisant d&rsquo;autres m\u00e9thodes \u00e0 passer compl\u00e8tement \u00e0 la CU, et la r\u00e9glementation devrait \u00eatre proportionnelle au risque afin d&rsquo;inciter les personnes \u00e0 se d\u00e9placer dans le continuum des dommages\u00a0\u00bb, ont-ils d\u00e9clar\u00e9.<\/p>\n\n<p>\u00ab\u00a0Cependant, ces preuves sont limit\u00e9es et impr\u00e9cises et reposent trop sur des \u00e9chantillons am\u00e9ricains. Des recherches suppl\u00e9mentaires sur les \u00e9ventuels effets n\u00e9fastes sur la sant\u00e9 associ\u00e9s \u00e0 l&rsquo;utilisation de la CU par les femmes enceintes, en particulier avec des \u00e9chantillons plus importants, des suivis plus longs et un contr\u00f4le plus approfondi des facteurs de confusion, sont essentielles pour comprendre l&rsquo;impact de la CU sur la sant\u00e9 de la population\u00a0\u00bb.<\/p>\n\n<p><\/p>\n<div class=\"clear-after-content-2\" style=\"margin-top: 20px;margin-bottom: 20px;margin-left: auto;margin-right: auto;text-align: center;\" id=\"clear-2905405500\"><img src=\"https:\/\/clearingtheair.eu\/wp-content\/uploads\/2026\/04\/caafc5c68900198b80aee12c11b50184.avif\" alt=\"\"   style=\"display: inline-block;\" \/><\/div>","protected":false},"excerpt":{"rendered":"<p>Selon une nouvelle \u00e9tude, le vapotage n&rsquo;est pas scientifiquement li\u00e9 \u00e0 des probl\u00e8mes respiratoires graves chez les personnes qui n&rsquo;ont jamais fum\u00e9. L&rsquo;examen de 12 \u00e9tudes men\u00e9es aux \u00c9tats-Unis, sous la direction de professeurs de l&rsquo;universit\u00e9 de Catane en Italie, a r\u00e9v\u00e9l\u00e9&hellip;<\/p>\n","protected":false},"author":990002,"featured_media":23182,"comment_status":"open","ping_status":"open","sticky":false,"template":"","format":"standard","meta":{"footnotes":""},"categories":[267,270],"tags":[334],"slider":[],"class_list":["post-23199","post","type-post","status-publish","format-standard","has-post-thumbnail","hentry","category-news","category-science","tag-global"],"_links":{"self":[{"href":"https:\/\/clearingtheair.eu\/fr\/wp-json\/wp\/v2\/posts\/23199","targetHints":{"allow":["GET"]}}],"collection":[{"href":"https:\/\/clearingtheair.eu\/fr\/wp-json\/wp\/v2\/posts"}],"about":[{"href":"https:\/\/clearingtheair.eu\/fr\/wp-json\/wp\/v2\/types\/post"}],"author":[{"embeddable":true,"href":"https:\/\/clearingtheair.eu\/fr\/wp-json\/wp\/v2\/users\/990002"}],"replies":[{"embeddable":true,"href":"https:\/\/clearingtheair.eu\/fr\/wp-json\/wp\/v2\/comments?post=23199"}],"version-history":[{"count":1,"href":"https:\/\/clearingtheair.eu\/fr\/wp-json\/wp\/v2\/posts\/23199\/revisions"}],"predecessor-version":[{"id":23200,"href":"https:\/\/clearingtheair.eu\/fr\/wp-json\/wp\/v2\/posts\/23199\/revisions\/23200"}],"wp:featuredmedia":[{"embeddable":true,"href":"https:\/\/clearingtheair.eu\/fr\/wp-json\/wp\/v2\/media\/23182"}],"wp:attachment":[{"href":"https:\/\/clearingtheair.eu\/fr\/wp-json\/wp\/v2\/media?parent=23199"}],"wp:term":[{"taxonomy":"category","embeddable":true,"href":"https:\/\/clearingtheair.eu\/fr\/wp-json\/wp\/v2\/categories?post=23199"},{"taxonomy":"post_tag","embeddable":true,"href":"https:\/\/clearingtheair.eu\/fr\/wp-json\/wp\/v2\/tags?post=23199"},{"taxonomy":"slider","embeddable":true,"href":"https:\/\/clearingtheair.eu\/fr\/wp-json\/wp\/v2\/slider?post=23199"}],"curies":[{"name":"wp","href":"https:\/\/api.w.org\/{rel}","templated":true}]}}