{"id":24527,"date":"2025-05-20T09:18:12","date_gmt":"2025-05-20T09:18:12","guid":{"rendered":"https:\/\/clearingtheair.eu\/post\/le-danemark-sapprete-a-limiter-le-nombre-de-detaillants-de-produits-de-vapotage-et-leurs-heures-douverture\/"},"modified":"2025-05-20T09:18:28","modified_gmt":"2025-05-20T09:18:28","slug":"le-danemark-sapprete-a-limiter-le-nombre-de-detaillants-de-produits-de-vapotage-et-leurs-heures-douverture","status":"publish","type":"post","link":"https:\/\/clearingtheair.eu\/fr\/post\/le-danemark-sapprete-a-limiter-le-nombre-de-detaillants-de-produits-de-vapotage-et-leurs-heures-douverture\/","title":{"rendered":"Le Danemark s&rsquo;appr\u00eate \u00e0 limiter le nombre de d\u00e9taillants de produits de vapotage et leurs heures d&rsquo;ouverture"},"content":{"rendered":"<div class=\"clear-before-content-2\" style=\"margin-top: 20px;margin-bottom: 20px;margin-left: auto;margin-right: auto;text-align: center;\" id=\"clear-1877707672\"><img src=\"https:\/\/clearingtheair.eu\/wp-content\/uploads\/2026\/04\/caafc5c68900198b80aee12c11b50184.avif\" alt=\"\"   style=\"display: inline-block;\" \/><\/div>\n<p><strong>Le Danemark a annonc\u00e9 son intention de limiter le nombre de d\u00e9taillants de produits de vapotage et leurs heures d&rsquo;ouverture.  <\/strong><\/p>\n\n<p>La l\u00e9gislation propos\u00e9e s&rsquo;appliquerait \u00e9galement aux magasins vendant du tabac et d&rsquo;autres produits \u00e0 base de nicotine. Cette mesure vise \u00e0 r\u00e9duire l&rsquo;acc\u00e8s des enfants et des jeunes aux cigarettes, aux vapes et aux sachets de nicotine.   <\/p>\n\n<p>\u00ab\u00a0Il est important pour nous de r\u00e9duire le nombre de points de vente de tabac et de nicotine\u00a0\u00bb, a d\u00e9clar\u00e9 Sophie L\u00f8hde, ministre de la sant\u00e9 du Danemark. \u00ab\u00a0Il est en soi un peu fou qu&rsquo;il n&rsquo;y ait pratiquement aucune r\u00e9glementation concernant qui, comment et o\u00f9 vous pouvez vendre du tabac et de la nicotine. <\/p>\n\n<p>Le gouvernement a command\u00e9 une analyse sur la mani\u00e8re de r\u00e9duire les points de vente \u00ab\u00a0de mani\u00e8re raisonnable\u00a0\u00bb.  <\/p>\n\n<h3 class=\"wp-block-heading\"><strong>Une s\u00e9rie d&rsquo;options \u00e0 l&rsquo;\u00e9tude<\/strong><\/h3>\n\n<p>Mme L\u00f8hde a d\u00e9clar\u00e9 que son service envisageait une s\u00e9rie d&rsquo;options, notamment la limitation des lieux et des heures de vente, l&rsquo;obligation pour les magasins de payer des licences de tabac on\u00e9reuses et la restriction de la vente de produits de vapotage aux seuls magasins sp\u00e9cialis\u00e9s.  <\/p>\n\n<p>Elle fait suite \u00e0 l&rsquo;annonce r\u00e9cente par le Danemark <a href=\"https:\/\/clearingtheair.eu\/en\/post\/denmarks-new-limit-on-nicotine-pouch-strength-to-start-in-july\/\">d&rsquo;une nouvelle limite stricte<\/a> pour la teneur maximale des sachets de nicotine, qui entrera en vigueur \u00e0 partir de juillet. La nouvelle loi sera pleinement mise en \u0153uvre d&rsquo;ici avril 2026.   <\/p>\n\n<p>Jesper Lundberg, pr\u00e9sident de l&rsquo;Association danoise des magasins de proximit\u00e9, a d\u00e9clar\u00e9 que les derni\u00e8res mesures ne feraient que pousser le march\u00e9 des cigarettes et des produits de vapotage dans la clandestinit\u00e9. Il a qualifi\u00e9 ces plans de \u00ab\u00a0nouvelle proposition qui r\u00e9compense ceux qui ne respectent pas les r\u00e8gles\u00a0\u00bb. <\/p>\n\n<blockquote class=\"wp-block-quote is-layout-flow wp-block-quote-is-layout-flow\">\n<p>Il a ajout\u00e9 : \u00ab\u00a0Les gens n&rsquo;arr\u00eatent pas de fumer parce que le gouvernement leur dit qu&rsquo;ils doivent le faire. La question est de savoir si la fourniture des produits doit aller aux motards ou aux magasins qui respectent la loi\u00a0\u00bb.<\/p>\n<\/blockquote>\n\n<h3 class=\"wp-block-heading\"><strong>Le gouvernement devrait se concentrer sur le march\u00e9 ill\u00e9gal<\/strong><\/h3>\n\n<p>M. Lundberg a d\u00e9clar\u00e9 qu&rsquo;au lieu d&rsquo;\u00e9laborer de nouvelles mesures contre les ventes l\u00e9gitimes, le gouvernement devrait se concentrer sur la lutte contre le march\u00e9 ill\u00e9gal.  <\/p>\n\n<p>Selon l&rsquo;autorit\u00e9 sanitaire danoise, 800 000 personnes au Danemark fument quotidiennement ou occasionnellement, soit environ 17 % de la population. Chaque ann\u00e9e, 16 000 Danois meurent du tabagisme. <\/p>\n\n<p>Le taux de tabagisme a l\u00e9g\u00e8rement diminu\u00e9 au cours des derni\u00e8res ann\u00e9es, mais 23 % de la population consomme encore au moins un produit du tabac ou de la nicotine (cigarettes, vapes ou sachets de nicotine). Chez les 15-29 ans, la proportion est de 32 %. <\/p>\n\n<p>Dans <a href=\"https:\/\/www.tryghed.dk\/viden\/nyheder\/2024\/ny-undersoegelse---flere-vil-forbyde-al-salg-af-tobak-fra-2030\" rel=\"nofollow noopener\" target=\"_blank\">une \u00e9tude<\/a> men\u00e9e par Trygfonden en 2023, 36 % des Danois d\u00e9clarent que c&rsquo;est \u00ab\u00a0une bonne proposition d&rsquo;interdire la vente de tabac \u00e0 partir de 2030\u00a0\u00bb. Il s&rsquo;agit d&rsquo;une augmentation de 10 % depuis 2016.   <\/p>\n\n<h3 class=\"wp-block-heading\"><strong>Cons\u00e9quences de la restriction des alternatives plus s\u00fbres au tabagisme<\/strong><\/h3>\n\n<p>Toutefois, les d\u00e9fenseurs de la vape pr\u00e9viennent que la suppression d&rsquo;alternatives plus s\u00fbres au tabagisme limitera les chances d&rsquo;atteindre cet objectif.  <\/p>\n\n<p>Jannick Nytoft, directeur de l&rsquo;association des d\u00e9taillants De Samvirkende, a \u00e9galement mis en garde contre le fait que la restriction de la vente l\u00e9gale de tabac et de nicotine augmenterait le commerce transfrontalier. Il a d\u00e9clar\u00e9 qu&rsquo;il craignait que la proposition ne cr\u00e9e des \u00ab\u00a0conditions in\u00e9gales\u00a0\u00bb dans le secteur de l&rsquo;\u00e9picerie. <\/p>\n\n<p>Charlotta Pisinger, professeur de pr\u00e9vention du tabagisme et de la nicotine \u00e0 l&rsquo;universit\u00e9 du Danemark m\u00e9ridional, a d\u00e9clar\u00e9 que les recherches montrent que des prix \u00e9lev\u00e9s et une faible disponibilit\u00e9 sont essentiels pour que les jeunes se d\u00e9barrassent de ces produits nocifs.<\/p>\n\n<p>Le Danemark compte actuellement quelque 7 000 magasins physiques qui vendent du tabac et de la nicotine, et M. L\u00f8hde refuse de chiffrer le nombre de points de vente que le gouvernement souhaiterait supprimer.<\/p>\n\n<p>Elle a d\u00e9clar\u00e9 : \u00ab\u00a0D&rsquo;une part, nous ne devrions pas emp\u00eacher tante Oda, \u00e2g\u00e9e de 80 ans, qui a fum\u00e9 des cigares toute sa vie, qui en a le d\u00e9sir et qui a fait un choix \u00e9clair\u00e9, de continuer \u00e0 le faire\u00a0\u00bb, a-t-elle d\u00e9clar\u00e9. \u00ab\u00a0D&rsquo;autre part, nous devons nous montrer plus stricts en ce qui concerne les enfants et les jeunes.   <\/p>\n\n<h3 class=\"wp-block-heading\"><strong>Augmentation potentielle des imp\u00f4ts<\/strong><\/h3>\n\n<p>Bien que cette question ne soit pas au centre des nouvelles initiatives du gouvernement, Mme L\u00f8hde a d\u00e9clar\u00e9 qu&rsquo;elle ne fermerait pas la porte \u00e0 une augmentation du prix des produits du tabac et de la nicotine.  <\/p>\n\n<blockquote class=\"wp-block-quote is-layout-flow wp-block-quote-is-layout-flow\">\n<p>\u00ab\u00a0Je ne nie pas qu&rsquo;il sera n\u00e9cessaire d&rsquo;envisager une augmentation des taxes sur la nicotine et le tabac\u00a0\u00bb, a-t-elle d\u00e9clar\u00e9. \u00ab\u00a0Nous avons d\u00e9j\u00e0 augment\u00e9 les taxes sur le tabac \u00e0 plusieurs reprises, mais nous devons utiliser toute la panoplie d&rsquo;outils, y compris le contr\u00f4le des ventes ill\u00e9gales.   <\/p>\n<\/blockquote>\n\n<p>Toutefois, elle a pr\u00e9cis\u00e9 que l&rsquo;analyse actuelle se concentrera uniquement sur la question de l&rsquo;accessibilit\u00e9 pour aider \u00e0 \u00e9liminer la consommation de tabac chez les enfants et les jeunes.  <\/p>\n\n<p>Elle a d\u00e9clar\u00e9 : \u00ab\u00a0Nous devons envisager un large \u00e9ventail d&rsquo;initiatives au niveau national en mati\u00e8re de taxes, d&rsquo;accessibilit\u00e9 et de contr\u00f4le efficace des ventes ill\u00e9gales aux enfants et aux jeunes. Et bien s\u00fbr, nous devons \u00e9galement travailler au niveau europ\u00e9en\u00a0\u00bb.<\/p>\n\n<p>L\u00f8hde a ajout\u00e9 que cela s&rsquo;applique \u00e0 la r\u00e9vision prochaine de la directive sur les produits du tabac et \u00e0 la garantie d&rsquo;une r\u00e9glementation plus efficace au niveau europ\u00e9en.<\/p>\n\n<p>La proposition visant \u00e0 limiter le nombre de points de vente de cigarettes et de produits \u00e0 base de nicotine fait partie du cinqui\u00e8me plan de lutte contre le cancer, que le gouvernement devrait pr\u00e9senter prochainement.<\/p>\n<div class=\"clear-after-content-2\" style=\"margin-top: 20px;margin-bottom: 20px;margin-left: auto;margin-right: auto;text-align: center;\" id=\"clear-71134204\"><img src=\"https:\/\/clearingtheair.eu\/wp-content\/uploads\/2026\/04\/caafc5c68900198b80aee12c11b50184.avif\" alt=\"\"   style=\"display: inline-block;\" \/><\/div>","protected":false},"excerpt":{"rendered":"<p>Le Danemark a annonc\u00e9 son intention de limiter le nombre de d\u00e9taillants de produits de vapotage et leurs heures d&rsquo;ouverture. La l\u00e9gislation propos\u00e9e s&rsquo;appliquerait \u00e9galement aux magasins vendant du tabac et d&rsquo;autres produits \u00e0 base de nicotine. Cette mesure vise \u00e0 r\u00e9duire&hellip;<\/p>\n","protected":false},"author":990002,"featured_media":24521,"comment_status":"open","ping_status":"open","sticky":false,"template":"","format":"standard","meta":{"footnotes":""},"categories":[267],"tags":[381,186],"slider":[],"class_list":["post-24527","post","type-post","status-publish","format-standard","has-post-thumbnail","hentry","category-news","tag-nicotine-fr","tag-nicotine"],"_links":{"self":[{"href":"https:\/\/clearingtheair.eu\/fr\/wp-json\/wp\/v2\/posts\/24527","targetHints":{"allow":["GET"]}}],"collection":[{"href":"https:\/\/clearingtheair.eu\/fr\/wp-json\/wp\/v2\/posts"}],"about":[{"href":"https:\/\/clearingtheair.eu\/fr\/wp-json\/wp\/v2\/types\/post"}],"author":[{"embeddable":true,"href":"https:\/\/clearingtheair.eu\/fr\/wp-json\/wp\/v2\/users\/990002"}],"replies":[{"embeddable":true,"href":"https:\/\/clearingtheair.eu\/fr\/wp-json\/wp\/v2\/comments?post=24527"}],"version-history":[{"count":1,"href":"https:\/\/clearingtheair.eu\/fr\/wp-json\/wp\/v2\/posts\/24527\/revisions"}],"predecessor-version":[{"id":24531,"href":"https:\/\/clearingtheair.eu\/fr\/wp-json\/wp\/v2\/posts\/24527\/revisions\/24531"}],"wp:featuredmedia":[{"embeddable":true,"href":"https:\/\/clearingtheair.eu\/fr\/wp-json\/wp\/v2\/media\/24521"}],"wp:attachment":[{"href":"https:\/\/clearingtheair.eu\/fr\/wp-json\/wp\/v2\/media?parent=24527"}],"wp:term":[{"taxonomy":"category","embeddable":true,"href":"https:\/\/clearingtheair.eu\/fr\/wp-json\/wp\/v2\/categories?post=24527"},{"taxonomy":"post_tag","embeddable":true,"href":"https:\/\/clearingtheair.eu\/fr\/wp-json\/wp\/v2\/tags?post=24527"},{"taxonomy":"slider","embeddable":true,"href":"https:\/\/clearingtheair.eu\/fr\/wp-json\/wp\/v2\/slider?post=24527"}],"curies":[{"name":"wp","href":"https:\/\/api.w.org\/{rel}","templated":true}]}}