{"id":25051,"date":"2025-06-24T08:49:02","date_gmt":"2025-06-24T08:49:02","guid":{"rendered":"https:\/\/clearingtheair.eu\/post\/de-nouvelles-donnees-montrent-que-la-plupart-des-jeunes-qui-sessaient-au-vapotage-ne-sy-tiennent-pas\/"},"modified":"2025-06-24T08:49:16","modified_gmt":"2025-06-24T08:49:16","slug":"de-nouvelles-donnees-montrent-que-la-plupart-des-jeunes-qui-sessaient-au-vapotage-ne-sy-tiennent-pas","status":"publish","type":"post","link":"https:\/\/clearingtheair.eu\/fr\/post\/de-nouvelles-donnees-montrent-que-la-plupart-des-jeunes-qui-sessaient-au-vapotage-ne-sy-tiennent-pas\/","title":{"rendered":"De nouvelles donn\u00e9es montrent que la plupart des jeunes qui s&rsquo;essaient au vapotage ne s&rsquo;y tiennent pas"},"content":{"rendered":"\n<p><strong>Selon une nouvelle \u00e9tude, un grand nombre d&rsquo;enfants font l&rsquo;exp\u00e9rience de la vapoteuse, mais tr\u00e8s peu d&rsquo;entre eux l&rsquo;utilisent r\u00e9guli\u00e8rement.  <\/strong><\/p>\n\n<p>Une enqu\u00eate men\u00e9e aupr\u00e8s de 4 000 \u00e9l\u00e8ves \u00e2g\u00e9s de 12 \u00e0 15 ans a r\u00e9v\u00e9l\u00e9 qu&rsquo;environ un tiers d&rsquo;entre eux avaient essay\u00e9 de fumer au moins une fois. Toutefois, les autorit\u00e9s sanitaires affirment que seule une petite partie d&rsquo;entre eux a continu\u00e9.   <\/p>\n\n<p>\u00ab\u00a0Quatre-vingt-douze pour cent des enfants qui ont essay\u00e9 n&rsquo;ont pas continu\u00e9\u00a0\u00bb, a d\u00e9clar\u00e9 Dave Schwartz, sp\u00e9cialiste de la sant\u00e9 publique pour les enfants et les jeunes. \u00ab\u00a0En regardant la ville, nous pensons probablement que tout le monde fume, mais nos chiffres donnent une image plus fid\u00e8le de la r\u00e9alit\u00e9. <\/p>\n\n<p>Ces r\u00e9sultats interviennent dans un contexte d&rsquo;inqui\u00e9tude croissante concernant le vapotage chez les jeunes et les risques pour la sant\u00e9 qui y sont associ\u00e9s.  <\/p>\n\n<h3 class=\"wp-block-heading\"><strong>Les pr\u00e9occupations des jeunes poussent \u00e0 une r\u00e9glementation plus stricte<\/strong><\/h3>\n\n<p>Les vapes r\u00e9glement\u00e9es sont largement accept\u00e9es comme une alternative beaucoup moins dangereuse pour les adultes qui essaient d&rsquo;arr\u00eater de fumer &#8211; le NHS estime qu&rsquo;elles sont <a href=\"https:\/\/ukvia.co.uk\/its-official-vaping-confirmed-as-at-least-95-less-harmful-than-smoking-according-to-new-evidence-review\/\" rel=\"nofollow noopener\" target=\"_blank\">95 % moins nocives<\/a> que le tabac. Mais les inqui\u00e9tudes suscit\u00e9es par l&rsquo;engouement des jeunes pour le vapotage ont incit\u00e9 \u00e0 renforcer la l\u00e9gislation relative \u00e0 son utilisation.   <\/p>\n\n<p>L&rsquo;enqu\u00eate, men\u00e9e \u00e0 Plymouth, au Royaume-Uni, a recueilli les r\u00e9ponses des trois quarts des \u00e9l\u00e8ves de huiti\u00e8me et de dixi\u00e8me ann\u00e9e de toutes les \u00e9coles secondaires de la ville.  <\/p>\n\n<p>Les autorit\u00e9s locales affirment qu&rsquo;elles travaillent sur une double strat\u00e9gie \u00e0 l&rsquo;\u00e9gard du vapotage : d\u00e9courager le vapotage chez les enfants tout en continuant \u00e0 soutenir les fumeurs adultes d\u00e9sireux d&rsquo;arr\u00eater de fumer.<\/p>\n\n<p>Le gouvernement britannique a introduit une interdiction des vapes \u00e0 usage unique le 1er juin et pr\u00e9voit de nouvelles restrictions sur la vente et la commercialisation des vapes et des produits connexes dans le cadre du prochain <a href=\"https:\/\/clearingtheair.eu\/en\/post\/tobacco-and-vapes-bill-moves-closer-to-becoming-law\/\">projet de loi sur le tabac et les vapes (Tobacco and Vapes Bill)<\/a>.  <\/p>\n\n<p>Il s&rsquo;agit notamment de limiter les ar\u00f4mes, les emballages et les \u00e9talages dans les magasins qui attirent les enfants. Les ministres ont \u00e9galement fait part de leur intention d \u00ab \u00e9tendre les zones non-fumeurs \u00e0 des endroits tels que les cours d \u00bb \u00e9cole, les sites hospitaliers et les parcs de jeux pour enfants. <\/p>\n\n<p>Entre-temps, une l\u00e9gislation anti-tabac plus large se profile \u00e0 l&rsquo;horizon. \u00c0 partir de 2027, les cigarettes seront interdites aux personnes n\u00e9es \u00e0 partir du 1er janvier 2009, une mesure qui vise \u00e0 \u00e9liminer compl\u00e8tement le tabagisme pour la prochaine g\u00e9n\u00e9ration. <\/p>\n\n<h3 class=\"wp-block-heading\"><strong>La th\u00e9orie de la passerelle remise en question<\/strong><\/h3>\n\n<p>Cette enqu\u00eate intervient alors qu&rsquo;une nouvelle <a href=\"https:\/\/clearingtheair.eu\/en\/post\/teen-smoking-leads-to-vaping-more-than-vaping-leads-to-smoking-major-u-s-study-finds\/\">\u00e9tude am\u00e9ricaine<\/a> publi\u00e9e la semaine derni\u00e8re remet en cause la \u00ab th\u00e9orie de la porte d&rsquo;entr\u00e9e \u00bb selon laquelle le vapotage m\u00e8ne au tabagisme chez les adolescents. Cette vaste \u00e9tude nationale men\u00e9e aupr\u00e8s d&rsquo;adolescents am\u00e9ricains a r\u00e9v\u00e9l\u00e9 que le tabagisme \u00e9tait plus susceptible de mener au vapotage que l&rsquo;inverse.   <\/p>\n\n<p>La <a href=\"https:\/\/www.sciencedirect.com\/science\/article\/abs\/pii\/S0376871625001693\" rel=\"nofollow noopener\" target=\"_blank\">recherche<\/a>, publi\u00e9e dans la revue Preventive Medicine Reports, s&rsquo;est appuy\u00e9e sur les donn\u00e9es d&rsquo;environ 7 700 lyc\u00e9ens am\u00e9ricains et a compar\u00e9 l&rsquo;usage de la vape et de la cigarette \u00e0 un large \u00e9ventail d&rsquo;autres risques li\u00e9s au comportement et \u00e0 la sant\u00e9 mentale.  <\/p>\n\n<p>Bien que le vapotage et le tabagisme soient corr\u00e9l\u00e9s, les chercheurs ont constat\u00e9 que chacun \u00e9tait plus fortement associ\u00e9 \u00e0 des comportements diff\u00e9rents &#8211; le vapotage avec la consommation d&rsquo;alcool et de cannabis, et le tabagisme avec d&rsquo;autres produits du tabac et des drogues illicites.<\/p>\n\n<p>Cela sugg\u00e8re que les deux comportements peuvent d\u00e9couler de facteurs de risque communs, et non d&rsquo;une cause directe de l&rsquo;autre.Parall\u00e8lement, des donn\u00e9es distinctes montrent que le nombre d&rsquo;adolescents utilisant des vapes aux \u00c9tats-Unis est \u00e0 son <a href=\"https:\/\/clearingtheair.eu\/en\/post\/teen-vaping-in-u-s-hits-10-year-low\/\">plus bas niveau depuis dix ans<\/a>. Selon l&rsquo;enqu\u00eate nationale 2024 sur le tabac chez les jeunes, un demi-million d&rsquo;enfants d&rsquo;\u00e2ge scolaire en moins ont vapot\u00e9 l&rsquo;ann\u00e9e derni\u00e8re par rapport \u00e0 l&rsquo;ann\u00e9e pr\u00e9c\u00e9dente. <\/p>\n","protected":false},"excerpt":{"rendered":"<p>Selon une nouvelle \u00e9tude, un grand nombre d&rsquo;enfants font l&rsquo;exp\u00e9rience de la vapoteuse, mais tr\u00e8s peu d&rsquo;entre eux l&rsquo;utilisent r\u00e9guli\u00e8rement. Une enqu\u00eate men\u00e9e aupr\u00e8s de 4 000 \u00e9l\u00e8ves \u00e2g\u00e9s de 12 \u00e0 15 ans a r\u00e9v\u00e9l\u00e9 qu&rsquo;environ un tiers d&rsquo;entre eux avaient&hellip;<\/p>\n","protected":false},"author":990002,"featured_media":25044,"comment_status":"open","ping_status":"open","sticky":false,"template":"","format":"standard","meta":{"footnotes":""},"categories":[267],"tags":[],"slider":[],"class_list":["post-25051","post","type-post","status-publish","format-standard","has-post-thumbnail","hentry","category-news"],"_links":{"self":[{"href":"https:\/\/clearingtheair.eu\/fr\/wp-json\/wp\/v2\/posts\/25051","targetHints":{"allow":["GET"]}}],"collection":[{"href":"https:\/\/clearingtheair.eu\/fr\/wp-json\/wp\/v2\/posts"}],"about":[{"href":"https:\/\/clearingtheair.eu\/fr\/wp-json\/wp\/v2\/types\/post"}],"author":[{"embeddable":true,"href":"https:\/\/clearingtheair.eu\/fr\/wp-json\/wp\/v2\/users\/990002"}],"replies":[{"embeddable":true,"href":"https:\/\/clearingtheair.eu\/fr\/wp-json\/wp\/v2\/comments?post=25051"}],"version-history":[{"count":1,"href":"https:\/\/clearingtheair.eu\/fr\/wp-json\/wp\/v2\/posts\/25051\/revisions"}],"predecessor-version":[{"id":25054,"href":"https:\/\/clearingtheair.eu\/fr\/wp-json\/wp\/v2\/posts\/25051\/revisions\/25054"}],"wp:featuredmedia":[{"embeddable":true,"href":"https:\/\/clearingtheair.eu\/fr\/wp-json\/wp\/v2\/media\/25044"}],"wp:attachment":[{"href":"https:\/\/clearingtheair.eu\/fr\/wp-json\/wp\/v2\/media?parent=25051"}],"wp:term":[{"taxonomy":"category","embeddable":true,"href":"https:\/\/clearingtheair.eu\/fr\/wp-json\/wp\/v2\/categories?post=25051"},{"taxonomy":"post_tag","embeddable":true,"href":"https:\/\/clearingtheair.eu\/fr\/wp-json\/wp\/v2\/tags?post=25051"},{"taxonomy":"slider","embeddable":true,"href":"https:\/\/clearingtheair.eu\/fr\/wp-json\/wp\/v2\/slider?post=25051"}],"curies":[{"name":"wp","href":"https:\/\/api.w.org\/{rel}","templated":true}]}}