{"id":25097,"date":"2025-06-24T18:57:31","date_gmt":"2025-06-24T18:57:31","guid":{"rendered":"https:\/\/clearingtheair.eu\/post\/le-premier-ministre-irlandais-qualifie-le-vapotage-de-mal-lors-dun-sommet-mondial-sur-la-sante\/"},"modified":"2025-06-24T18:57:46","modified_gmt":"2025-06-24T18:57:46","slug":"le-premier-ministre-irlandais-qualifie-le-vapotage-de-mal-lors-dun-sommet-mondial-sur-la-sante","status":"publish","type":"post","link":"https:\/\/clearingtheair.eu\/fr\/post\/le-premier-ministre-irlandais-qualifie-le-vapotage-de-mal-lors-dun-sommet-mondial-sur-la-sante\/","title":{"rendered":"Le premier ministre irlandais qualifie le vapotage de \u00ab mal \u00bb lors d&rsquo;un sommet mondial sur la sant\u00e9"},"content":{"rendered":"<div class=\"clear-before-content-2\" style=\"margin-top: 20px;margin-bottom: 20px;margin-left: auto;margin-right: auto;text-align: center;\" id=\"clear-1067979330\"><img src=\"https:\/\/clearingtheair.eu\/wp-content\/uploads\/2026\/04\/caafc5c68900198b80aee12c11b50184.avif\" alt=\"\"   style=\"display: inline-block;\" \/><\/div>\n<p><strong>Le Taoiseach (premier ministre) irlandais Miche\u00e1l Martin a qualifi\u00e9 le vapotage de \u00ab mal \u00bb et de \u00ab vengeance de Big Tobacco \u00bb, tout en appelant \u00e0 prendre \u00ab les mesures les plus strictes possibles \u00bb pour en restreindre l&rsquo;usage.<\/strong><\/p>\n\n<p>S&rsquo;exprimant lors de la conf\u00e9rence mondiale sur la lutte antitabac qui s&rsquo;est tenue lundi \u00e0 Dublin, M. Martin a affirm\u00e9 que l&rsquo;essor du vapotage \u00e9tait une strat\u00e9gie d\u00e9lib\u00e9r\u00e9e de l&rsquo;industrie du tabac visant \u00e0 \u00ab remettre la nicotine \u00e0 l&rsquo;ordre du jour \u00bb.  <\/p>\n\n<p>Il a qualifi\u00e9 les tactiques de l&rsquo;industrie de \u00ab honteuses \u00bb, en particulier lorsqu&rsquo;il s&rsquo;agit de cibler les jeunes par le biais d&rsquo;ar\u00f4mes et de placements de produits.<\/p>\n\n<blockquote class=\"wp-block-quote is-layout-flow wp-block-quote-is-layout-flow\">\n<p>\u00ab\u00a0Les m\u00eames probl\u00e8mes que nous avons d\u00fb affronter avec les cigarettes, nous devons les affronter avec le vapotage\u00a0\u00bb, a-t-il d\u00e9clar\u00e9. \u00ab\u00a0Les m\u00eames tactiques con\u00e7ues par l&rsquo;industrie du tabac sont absolument \u00e9videntes en ce qui concerne le vapotage, \u00e0 un degr\u00e9 honteux. <\/p>\n<\/blockquote>\n\n<p>Ses commentaires ont suscit\u00e9 des critiques de la part d&rsquo;experts en sant\u00e9 publique, qui avertissent que le fait d&rsquo;assimiler le vapotage au tabagisme risque de saper les efforts de r\u00e9duction des risques et pourrait inciter les fumeurs adultes \u00e0 revenir au tabac combustible.<\/p>\n\n<p>Le tabagisme reste la premi\u00e8re cause de mortalit\u00e9 \u00e9vitable dans le monde, alors que les produits de vapotage r\u00e9glement\u00e9s n&rsquo;ont pas \u00e9t\u00e9 directement li\u00e9s \u00e0 des d\u00e9c\u00e8s. Il a \u00e9galement \u00e9t\u00e9 prouv\u00e9 que le vapotage ne provoque aucune maladie li\u00e9e au tabac.   <\/p>\n\n<h3 class=\"wp-block-heading\"><strong>D&rsquo;importantes restrictions \u00e0 venir<\/strong><\/h3>\n\n<p>M. Martin a d\u00e9clar\u00e9 que le vapotage nous avait \u00ab pris au d\u00e9pourvu \u00bb, mais il a fait remarquer que l&rsquo;Irlande avait pris des mesures pour introduire d&rsquo;importantes restrictions, qui devraient entrer en vigueur en f\u00e9vrier prochain. \u00ab D&rsquo;importantes restrictions entreront en vigueur en f\u00e9vrier prochain \u00e0 la suite de la l\u00e9gislation adopt\u00e9e par le dernier gouvernement \u00bb, a-t-il d\u00e9clar\u00e9. Les mesures comprendront des limites sur les ventes, des r\u00e9glementations sur l&#8217;emballage et des interdictions sur les boutiques de vape pop-up.  <\/p>\n\n<p>\u00ab\u00a0Les recherches internationales sont maintenant termin\u00e9es et notre propre sant\u00e9 publique en est au m\u00eame point en ce qui concerne les m\u00e9faits du vapotage et les dommages qu&rsquo;il cause aux gens, aux jeunes comme aux adultes\u00a0\u00bb, a-t-il ajout\u00e9. \u00ab\u00a0Toute mesure visant \u00e0 r\u00e9duire ou \u00e0 \u00e9liminer le vapotage serait positive du point de vue de la sant\u00e9 publique. <\/p>\n\n<p>Lors du m\u00eame \u00e9v\u00e9nement, le directeur g\u00e9n\u00e9ral de l&rsquo;Organisation mondiale de la sant\u00e9 (OMS), le Dr Tedros Adhanom Ghebreyesus, a d\u00e9clar\u00e9 que l&rsquo;Irlande \u00e9tait depuis longtemps \u00e0 l&rsquo;avant-garde de la lutte antitabac et qu&rsquo;elle avait notamment \u00e9t\u00e9 \u00ab le premier pays \u00e0 interdire de fumer dans tous les lieux publics int\u00e9rieurs en 2004 \u00bb.<\/p>\n\n<h3 class=\"wp-block-heading\"><strong>Les vapes font partie d&rsquo;une \u00ab strat\u00e9gie plus large \u00bb du tabac<\/strong><\/h3>\n\n<p>\u00ab\u00a0Quelle que soit la mani\u00e8re dont il est conditionn\u00e9, le tabac tue\u00a0\u00bb, a-t-il d\u00e9clar\u00e9, citant le chiffre de \u00ab\u00a0plus de sept millions de personnes par an\u00a0\u00bb qui meurent des suites du tabagisme. Il a ajout\u00e9 que les vapes faisaient \u00ab\u00a0partie d&rsquo;une strat\u00e9gie plus large de l&rsquo;industrie du tabac visant \u00e0 tirer profit de la d\u00e9pendance, de la maladie et de la mort\u00a0\u00bb. Le marketing est agressif, l&rsquo;attrait de leurs produits est fort et la r\u00e9glementation est souvent faible\u00a0\u00bb. <\/p>\n\n<p>En f\u00e9vrier, les d\u00e9taillants irlandais ont d\u00fb s&rsquo;acquitter d&rsquo;une <a href=\"https:\/\/clearingtheair.eu\/en\/post\/vape-shops-in-ireland-hit-with-new-licence-fee\/\">nouvelle redevance pour<\/a> la vente de produits de vapotage. Les magasins qui souhaitent vendre des vapes doivent d\u00e9sormais s&rsquo;acquitter d&rsquo;une redevance annuelle de 800 euros et d&rsquo;une redevance suppl\u00e9mentaire de 1 000 euros s&rsquo;ils vendent du tabac. Les sachets de nicotine sont actuellement exclus de la l\u00e9gislation.    <\/p>\n\n<p>En octobre, le gouvernement irlandais a annonc\u00e9 <a href=\"https:\/\/www.clearingtheair.eu\/en\/post\/ireland-vapes-hit-with-major-new-tax-in-budget?_gl=1*1tqeu5k*_ga*NDUwNDM1NzEzLjE3Mzc2NDM4NjQ.*_ga_FXJ63G86N2*czE3NTA3NjMwOTEkbzE1MyRnMSR0MTc1MDc2MzIwMSRqNDYkbDAkaDA.\">une nouvelle taxe importante de 50 cents par<\/a> millilitre (ml) d&rsquo;e-liquide dans le cadre de son budget annuel. Cette taxe est bien sup\u00e9rieure \u00e0 la moyenne europ\u00e9enne, qui se situe entre 0,10 et 0,30 euro, et ajoute 1,23 euro au co\u00fbt d&rsquo;une vape typique en Irlande.   <\/p>\n\n<h3 class=\"wp-block-heading\"><strong>L&rsquo;Alliance mondiale des vapoteurs proteste contre l&rsquo;exclusion des consommateurs<\/strong><\/h3>\n\n<p>Apr\u00e8s le spectacle de lumi\u00e8res de dimanche soir qui a symbolis\u00e9 le silence des consommateurs de nicotine dans les d\u00e9bats politiques, l&rsquo;Alliance mondiale des fumeurs (WVA) a poursuivi sa campagne \u00ab Voices Unheard &#8211; Consumers Matter ! \u00bb par une manifestation silencieuse \u00e0 l&rsquo;ext\u00e9rieur du centre de conf\u00e9rence.  <\/p>\n\n<p>Les manifestants, la bouche scotch\u00e9e, se sont tenus debout en signe de solidarit\u00e9 pour repr\u00e9senter l&rsquo;exclusion permanente des consommateurs de nicotine des principales discussions sur la politique de lutte contre le tabagisme.<\/p>\n\n<p>Michael Landl, directeur de la WVA, a d\u00e9clar\u00e9 : \u00ab\u00a0C&rsquo;est un symbole de la fa\u00e7on dont les consommateurs sont r\u00e9duits au silence dans ces discussions. Nous sommes l\u00e0, nos histoires comptent, et il est temps que les d\u00e9cideurs politiques commencent \u00e0 nous \u00e9couter. Au lieu d&rsquo;interdire les ar\u00f4mes et les alternatives plus s\u00fbres, nous avons besoin de politiques qui prot\u00e8gent \u00e0 la fois les jeunes et les adultes qui veulent arr\u00eater de fumer. R\u00e9duire les consommateurs au silence n&rsquo;est pas la solution.<\/p>\n\n<h3 class=\"wp-block-heading\"><strong>Inqui\u00e9tudes quant \u00e0 la position de l&rsquo;OMS<\/strong><\/h3>\n\n<p>Cette manifestation met en lumi\u00e8re les inqui\u00e9tudes suscit\u00e9es par la position agressive de l&rsquo;OMS \u00e0 l&rsquo;encontre de la r\u00e9duction des risques, notamment les r\u00e9cents appels \u00e0 l&rsquo;interdiction des produits du tabac aromatis\u00e9s et des produits \u00e0 base de nicotine.  <\/p>\n\n<p>Alberto G\u00f3mez Hern\u00e1ndez, responsable de la politique et du plaidoyer pour la WVA, a ajout\u00e9 : \u00ab\u00a0Des alternatives plus s\u00fbres \u00e0 la nicotine sauvent des vies, mais seulement avec une r\u00e9glementation raisonnable et fond\u00e9e sur des preuves. Les consommateurs doivent \u00eatre inclus dans la conversation.   <\/p>\n\n<p>\u00ab\u00a0Des politiques de lutte antitabac d\u00e9pass\u00e9es et dogmatiques, qui s&rsquo;obstinent \u00e0 ignorer le potentiel de la r\u00e9duction des risques, freinent les progr\u00e8s de la sant\u00e9 publique.<\/p>\n\n<p>La WVA demande instamment que les consommateurs soient v\u00e9ritablement inclus dans les discussions politiques et appelle \u00e0 la fin de la marginalisation de ceux qui b\u00e9n\u00e9ficieraient le plus de mesures progressives de r\u00e9duction des risques avant la COP11 \u00e0 Gen\u00e8ve.<\/p>\n\n<p><\/p>\n<div class=\"clear-after-content-2\" style=\"margin-top: 20px;margin-bottom: 20px;margin-left: auto;margin-right: auto;text-align: center;\" id=\"clear-3007961241\"><img src=\"https:\/\/clearingtheair.eu\/wp-content\/uploads\/2026\/04\/caafc5c68900198b80aee12c11b50184.avif\" alt=\"\"   style=\"display: inline-block;\" \/><\/div>","protected":false},"excerpt":{"rendered":"<p>Le Taoiseach (premier ministre) irlandais Miche\u00e1l Martin a qualifi\u00e9 le vapotage de \u00ab mal \u00bb et de \u00ab vengeance de Big Tobacco \u00bb, tout en appelant \u00e0 prendre \u00ab les mesures les plus strictes possibles \u00bb pour en restreindre l&rsquo;usage. S&rsquo;exprimant lors&hellip;<\/p>\n","protected":false},"author":990005,"featured_media":25089,"comment_status":"open","ping_status":"open","sticky":false,"template":"","format":"standard","meta":{"footnotes":""},"categories":[267],"tags":[382,186,381],"slider":[],"class_list":["post-25097","post","type-post","status-publish","format-standard","has-post-thumbnail","hentry","category-news","tag-mondial","tag-nicotine","tag-nicotine-fr"],"_links":{"self":[{"href":"https:\/\/clearingtheair.eu\/fr\/wp-json\/wp\/v2\/posts\/25097","targetHints":{"allow":["GET"]}}],"collection":[{"href":"https:\/\/clearingtheair.eu\/fr\/wp-json\/wp\/v2\/posts"}],"about":[{"href":"https:\/\/clearingtheair.eu\/fr\/wp-json\/wp\/v2\/types\/post"}],"author":[{"embeddable":true,"href":"https:\/\/clearingtheair.eu\/fr\/wp-json\/wp\/v2\/users\/990005"}],"replies":[{"embeddable":true,"href":"https:\/\/clearingtheair.eu\/fr\/wp-json\/wp\/v2\/comments?post=25097"}],"version-history":[{"count":1,"href":"https:\/\/clearingtheair.eu\/fr\/wp-json\/wp\/v2\/posts\/25097\/revisions"}],"predecessor-version":[{"id":25101,"href":"https:\/\/clearingtheair.eu\/fr\/wp-json\/wp\/v2\/posts\/25097\/revisions\/25101"}],"wp:featuredmedia":[{"embeddable":true,"href":"https:\/\/clearingtheair.eu\/fr\/wp-json\/wp\/v2\/media\/25089"}],"wp:attachment":[{"href":"https:\/\/clearingtheair.eu\/fr\/wp-json\/wp\/v2\/media?parent=25097"}],"wp:term":[{"taxonomy":"category","embeddable":true,"href":"https:\/\/clearingtheair.eu\/fr\/wp-json\/wp\/v2\/categories?post=25097"},{"taxonomy":"post_tag","embeddable":true,"href":"https:\/\/clearingtheair.eu\/fr\/wp-json\/wp\/v2\/tags?post=25097"},{"taxonomy":"slider","embeddable":true,"href":"https:\/\/clearingtheair.eu\/fr\/wp-json\/wp\/v2\/slider?post=25097"}],"curies":[{"name":"wp","href":"https:\/\/api.w.org\/{rel}","templated":true}]}}