{"id":26512,"date":"2025-09-15T08:50:54","date_gmt":"2025-09-15T08:50:54","guid":{"rendered":"https:\/\/clearingtheair.eu\/post\/opinion-bruxelles-doit-apprendre-la-desinformation-reste-de-la-desinformation-quand-elle-est-politiquement-opportune\/"},"modified":"2025-09-15T08:51:26","modified_gmt":"2025-09-15T08:51:26","slug":"opinion-bruxelles-doit-apprendre-la-desinformation-reste-de-la-desinformation-quand-elle-est-politiquement-opportune","status":"publish","type":"post","link":"https:\/\/clearingtheair.eu\/fr\/post\/opinion-bruxelles-doit-apprendre-la-desinformation-reste-de-la-desinformation-quand-elle-est-politiquement-opportune\/","title":{"rendered":"OPINION : Bruxelles doit apprendre, la d\u00e9sinformation reste de la d\u00e9sinformation quand elle est politiquement opportune"},"content":{"rendered":"<div class=\"clear-before-content-2\" style=\"margin-top: 20px;margin-bottom: 20px;margin-left: auto;margin-right: auto;text-align: center;\" id=\"clear-3289081037\"><img src=\"https:\/\/clearingtheair.eu\/wp-content\/uploads\/2026\/04\/caafc5c68900198b80aee12c11b50184.avif\" alt=\"\"   style=\"display: inline-block;\" \/><\/div>\n<p><strong>Mercredi, la pr\u00e9sidente de la Commission europ\u00e9enne, Ursula von der Leyen, a d\u00e9clar\u00e9 aux membres du Parlement europ\u00e9en \u00e0 quel point elle \u00e9tait \u00ab\u00a0constern\u00e9e\u00a0\u00bb par la \u00ab\u00a0d\u00e9sinformation qui menace les progr\u00e8s mondiaux dans tous les domaines, de la rougeole \u00e0 la polio\u00a0\u00bb.<\/strong><\/p>\n\n<p>\u00ab\u00a0Nous avons besoin de plus de moyens pour surveiller et d\u00e9tecter les manipulations de l&rsquo;information et la d\u00e9sinformation\u00a0\u00bb, a-t-elle d\u00e9clar\u00e9. Elle devrait peut-\u00eatre commencer par son propre commissaire \u00e0 la sant\u00e9, Oliver Varhelyi. <\/p>\n\n<p>En mai dernier, <a href=\"https:\/\/clearingtheair.eu\/en\/post\/opinion-if-vaping-kills-what-else-are-they-lying-about\/\">nous avions rapport\u00e9 la d\u00e9claration de M. Varhelyi selon laquelle les \u00ab\u00a0nouveaux produits \u00e0 base de nicotine\u00a0\u00bb pr\u00e9sentent des risques pour la sant\u00e9 \u00ab\u00a0comparables \u00e0 ceux du tabagisme\u00a0\u00bb.<\/a> Cette d\u00e9claration a suscit\u00e9 l&rsquo;indignation de la communaut\u00e9 scientifique, dont <a href=\"https:\/\/www.eureporter.co\/economy\/taxation\/2025\/09\/01\/global-public-health-experts-urge-european-commission-to-reject-tax-raid-on-harm-reduction-nicotine-products\/\" rel=\"nofollow noopener\" target=\"_blank\">83 membres ont \u00e9crit au commissaire pour protester<\/a>. <\/p>\n\n<p>\u00ab\u00a0Cette position constitue non seulement un \u00e9cart important par rapport au principe fondamental de la sant\u00e9 publique fond\u00e9e sur des donn\u00e9es probantes, mais elle sape \u00e9galement les engagements vitaux de la Commission europ\u00e9enne en faveur d&rsquo;une l\u00e9gislation fond\u00e9e sur des donn\u00e9es et de la lutte contre la d\u00e9sinformation\u00a0\u00bb, ont \u00e9crit les experts, en faisant preuve d&rsquo;une retenue diplomatique dans leur langage dont ce site web n&rsquo;est pas capable.<\/p>\n\n<p>Beaucoup d&rsquo;entre nous se sont demand\u00e9s si cette d\u00e9claration n&rsquo;\u00e9tait pas tout simplement une erreur de script de la part de M. Varhelyi. C&rsquo;est ce m\u00eame homme qui, \u00e0 la suite des attaques du 7 octobre contre Isra\u00ebl par le Hamas, a <a href=\"https:\/\/www.euronews.com\/my-europe\/2023\/10\/10\/commissioner-varhelyi-went-solo-with-suspension-of-eu-funds-for-palestinians-prompting-u-t\" rel=\"nofollow noopener\" target=\"_blank\">faussement annonc\u00e9 que l&rsquo;UE suspendait imm\u00e9diatement toute aide humanitaire \u00e0 la Palestine<\/a>. La Commission a pass\u00e9 la semaine suivante \u00e0 revenir sur ses propos, son porte-parole en chef devant pr\u00e9ciser devant les cam\u00e9ras que \u00ab\u00a0l&rsquo;annonce [&#8230;] n&rsquo;a \u00e9t\u00e9 pr\u00e9c\u00e9d\u00e9e d&rsquo;aucune consultation avec un membre du Coll\u00e8ge, d&rsquo;accord ? Cela doit \u00eatre absolument clair\u00a0\u00bb.  <\/p>\n\n<p>Trois membres du Parlement europ\u00e9en ont donc d\u00e9cid\u00e9 de v\u00e9rifier et ont pos\u00e9 la question officiellement au commissaire. Mercredi, nous avons re\u00e7u la r\u00e9ponse.   <\/p>\n\n<p>Dans une d\u00e9claration inhabituellement directe, M. Varheyli a r\u00e9pondu que la d\u00e9claration <strong>\u00ab\u00a0est la position officielle de la Commission\u00a0\u00bb.<\/strong> Les r\u00e9ponses aux questions \u00e9crites des d\u00e9put\u00e9s europ\u00e9ens sont soumises \u00e0 un processus d&rsquo;approbation \u00e0 plusieurs niveaux.   <\/p>\n\n<p>Plus \u00e9trange encore, le lendemain, un fonctionnaire de la Commission a communiqu\u00e9 \u00e0 EurActiv que l <a href=\"https:\/\/www.euractiv.com\/news\/commission-review-to-focus-on-health-risks-youth-access-to-alternative-tobacco-products\/?utm_source=euractiv&amp;utm_medium=newsletter&amp;utm_content=Zone+2&amp;utm_term=0-0&amp;utm_campaign=PRO_Health\" rel=\"nofollow noopener\" target=\"_blank\">&lsquo;ex\u00e9cutif de l&rsquo;UE pr\u00e9voyait une \u00e9tude sur les effets du vapotage sur la sant\u00e9<\/a>. Une chose \u00e9trange \u00e0 examiner alors que vous avez apparemment d\u00e9j\u00e0 une position officielle sur le sujet. On peut s&rsquo;interroger sur l&rsquo;ind\u00e9pendance d&rsquo;une telle \u00e9tude dans de telles circonstances.  <\/p>\n\n<p>C&rsquo;est alors que l&rsquo;on a compris pourquoi la Commission veut taxer les produits plus s\u00fbrs. Dans une autre d\u00e9claration choquante adress\u00e9e aux m\u00eames d\u00e9put\u00e9s europ\u00e9ens, l&rsquo;ex\u00e9cutif de l&rsquo;UE d\u00e9clare que l&rsquo;augmentation des taxes <strong>\u00ab\u00a0contribuera \u00e0 r\u00e9duire l&rsquo;attrait de ces produits en tant que substituts du tabac\u00a0\u00bb. <\/strong>  <\/p>\n\n<p>Oui. La Commission vient de d\u00e9clarer en substance qu&rsquo;elle ne veut pas que les fumeurs se tournent vers des alternatives plus s\u00fbres. Et le mouvement prohibitionniste l&rsquo;applaudit. Tabaknee, l&rsquo;un des groupes de pression n\u00e9erlandais les plus militants contre la nicotine, est explicite dans sa demande : \u00ab\u00a0les gouvernements devraient d&rsquo;abord \u00e9galiser la charge fiscale effective sur les diff\u00e9rents produits du tabac dans la mesure du possible&#8230; une charge fiscale comparable devrait emp\u00eacher les utilisateurs de passer d&rsquo;un produit \u00e0 l&rsquo;autre\u00a0\u00bb.   <\/p>\n\n<p><strong>Varhelyi sera confront\u00e9 aux membres du Parlement europ\u00e9en de la commission de la sant\u00e9 le 25 septembre.  <\/strong><\/p>\n\n<p>Les experts en sant\u00e9 publique &#8211; ceux qui se soucient r\u00e9ellement du sort des fumeurs &#8211; sont constern\u00e9s. \u00ab\u00a0Fermer l&rsquo;issue de secours salvatrice que les fumeurs peuvent trouver dans les sachets de nicotine et les e-cigarettes, c&rsquo;est un peu comme fermer la porte de l&rsquo;escalier de secours parce que les marches risquent d&rsquo;\u00eatre glissantes\u00a0\u00bb, a d\u00e9clar\u00e9 le Dr Karl Erik Lund, chercheur principal \u00e0 l&rsquo;Institut norv\u00e9gien de sant\u00e9 publique. <\/p>\n\n<p>Je suppose que nous devons le r\u00e9p\u00e9ter : personne ne croit s\u00e9rieusement que le vapotage, le tabac chauff\u00e9 et les sachets de nicotine sont aussi risqu\u00e9s que le tabagisme. Les vapes existent depuis 20 ans maintenant, et personne ne peut citer un cas confirm\u00e9 de d\u00e9c\u00e8s d\u00fb \u00e0 l&rsquo;utilisation d&rsquo;un produit l\u00e9gal et r\u00e9glement\u00e9. Je n&rsquo;ai pas le temps de chercher combien de personnes sont mortes en fumant au cours de la m\u00eame p\u00e9riode, mais on peut affirmer sans risque que ce nombre est sup\u00e9rieur \u00e0 z\u00e9ro.  <\/p>\n\n<p>Il n&rsquo;y a jamais eu non plus de cas de poumon de pop-corn caus\u00e9 par le vapotage, comme le commissaire l&rsquo;a \u00e9galement affirm\u00e9 devant le Parlement.  <\/p>\n\n<p>Le gouvernement britannique, la FDA am\u00e9ricaine, le gouvernement fran\u00e7ais, le gouvernement allemand et pratiquement tous les documents scientifiques comparatifs jamais \u00e9crits sur le sujet arrivent tous \u00e0 la m\u00eame conclusion : c&rsquo;est la fum\u00e9e qui est nocive, et ni les vapes ni les sachets ne produisent de fum\u00e9e.  <\/p>\n\n<p>Ce n&rsquo;est pas une question d&rsquo;opinion. Nous pouvons d\u00e9battre de la question de savoir si la r\u00e9duction des dommages est une bonne politique, mais les risques relatifs du tabagisme, du vapotage et des sachets sont des donn\u00e9es scientifiques \u00e9tablies. Tout comme l&rsquo;efficacit\u00e9 des vaccins dans la lutte contre la rougeole et la polio.  <\/p>\n\n<blockquote class=\"wp-block-quote is-layout-flow wp-block-quote-is-layout-flow\">\n<p>\u00ab\u00a0Dire des choses outrageusement erron\u00e9es sur des questions importantes de sant\u00e9 publique ne change rien \u00e0 la science\u00a0\u00bb, a d\u00e9clar\u00e9 David Sweanor, du Centre pour la sant\u00e9, le droit, la politique et l&rsquo;\u00e9thique de l&rsquo;universit\u00e9 d&rsquo;Ottowa. \u00ab\u00a0Mais cela modifie la perception qu&rsquo;a le public de la fiabilit\u00e9 des autorit\u00e9s de l&rsquo;UE\u00a0\u00bb.   <\/p>\n<\/blockquote>\n\n<p>\u00ab\u00a0Voir comment la m\u00e9fiance \u00e0 l&rsquo;\u00e9gard des autorit\u00e9s sanitaires a conduit des id\u00e9ologues anti-vaccins \u00e0 occuper des postes importants aux \u00c9tats-Unis aurait d\u00fb \u00eatre consid\u00e9r\u00e9 comme une mise en garde plut\u00f4t que comme un manuel d&rsquo;instruction\u00a0\u00bb.<\/p>\n\n<p>Derek Yach, ancien membre du personnel de l&rsquo;OMS sp\u00e9cialis\u00e9 dans les maladies non transmissibles, n&rsquo;a pas m\u00e2ch\u00e9 ses mots, qualifiant la d\u00e9claration de la Commission d'\u00a0\u00bb\u00e9quivalente aux d\u00e9clarations du [secr\u00e9taire am\u00e9ricain du minist\u00e8re de la sant\u00e9 et des services sociaux] RFK Jr sur les dangers des vaccins\u00a0\u00bb.<\/p>\n\n<blockquote class=\"wp-block-quote is-layout-flow wp-block-quote-is-layout-flow\">\n<p>\u00ab\u00a0Les deux ignorent la science \u00e9tablie\u00a0\u00bb, a-t-il poursuivi. \u00ab\u00a0Les deux vont nuire \u00e0 la sant\u00e9 de millions de personnes qui cherchent \u00e0 r\u00e9duire les risques pour leur sant\u00e9. Il est tr\u00e8s inqui\u00e9tant de voir les principales autorit\u00e9s sanitaires des deux c\u00f4t\u00e9s de l&rsquo;Atlantique mettre en p\u00e9ril la sant\u00e9 publique pour soutenir les revendications populaires\u00a0\u00bb. <\/p>\n<\/blockquote>\n\n<p>Mais ceux qui pr\u00e9tendent faire campagne en faveur de la sant\u00e9 publique, et qui sont souvent pr\u00e9occup\u00e9s par ce type de d\u00e9sinformation lorsqu&rsquo;il s&rsquo;agit de vaccins, n&rsquo;ont rien dit. <strong>L&rsquo;Alliance europ\u00e9enne pour la sant\u00e9 publique a salu\u00e9 la d\u00e9claration de Mme von der Leyen sur la lutte contre la d\u00e9sinformation en mati\u00e8re de vaccins, mais n&rsquo;a rien dit sur la d\u00e9sinformation active sur la nicotine \u00e9manant du bureau d&rsquo;Oliver Varhelyi<\/strong>. Elle est trop occup\u00e9e \u00e0 se battre pour r\u00e9cup\u00e9rer les subventions que le d\u00e9partement de Varhelyi vient de lui retirer. <\/p>\n\n<p>\u00ab\u00a0La d\u00e9mocratie ne devient une r\u00e9alit\u00e9 que lorsque les voix des citoyens sont entendues\u00a0\u00bb, ont-ils d\u00e9clar\u00e9 dans un communiqu\u00e9 apr\u00e8s l&rsquo;intervention de Mme von der Leyen mercredi, \u00ab\u00a0&#8230;et lorsque l&rsquo;\u00e9laboration des politiques est fond\u00e9e sur la participation et la responsabilit\u00e9\u00a0\u00bb.<\/p>\n\n<p>Si le r\u00f4le de l&rsquo;EPHA en tant qu&rsquo;acteur de la soci\u00e9t\u00e9 civile est de rendre des comptes, o\u00f9 est sa d\u00e9claration sur les mensonges flagrants de la Commission sur les produits \u00e0 base de nicotine plus s\u00fbrs ? Et si l&rsquo;EPHA n&rsquo;a pas l&rsquo;intention de rendre des comptes lorsqu&rsquo;un commissaire ment au sujet de la science au sein d&rsquo;une commission parlementaire, alors pourquoi devrait-on la financer pour qu&rsquo;elle le fasse ? <\/p>\n\n<p>La science ne se pr\u00e9occupe pas de savoir si votre opinion est la coqueluche de la communaut\u00e9 de la sant\u00e9 publique &#8211; comme l&rsquo;efficacit\u00e9 de la vaccination contre la polio &#8211; ou le sujet de son ire, comme le fait que le vapotage et les sachets de nicotine sont bien plus s\u00fbrs que le tabagisme. Si vous dites que vous suivez la science, mais que vous la contredisez cat\u00e9goriquement depuis une position d&rsquo;autorit\u00e9 lorsque cela correspond \u00e0 votre agenda politique, alors vous diffusez de la d\u00e9sinformation. Si vous le faites une fois, pourquoi devrait-on vous faire confiance pour le reste ?  <\/p>\n<div class=\"clear-after-content-2\" style=\"margin-top: 20px;margin-bottom: 20px;margin-left: auto;margin-right: auto;text-align: center;\" id=\"clear-1943646120\"><img src=\"https:\/\/clearingtheair.eu\/wp-content\/uploads\/2026\/04\/caafc5c68900198b80aee12c11b50184.avif\" alt=\"\"   style=\"display: inline-block;\" \/><\/div>","protected":false},"excerpt":{"rendered":"<p>Mercredi, la pr\u00e9sidente de la Commission europ\u00e9enne, Ursula von der Leyen, a d\u00e9clar\u00e9 aux membres du Parlement europ\u00e9en \u00e0 quel point elle \u00e9tait \u00ab\u00a0constern\u00e9e\u00a0\u00bb par la \u00ab\u00a0d\u00e9sinformation qui menace les progr\u00e8s mondiaux dans tous les domaines, de la rougeole \u00e0 la polio\u00a0\u00bb.&hellip;<\/p>\n","protected":false},"author":1,"featured_media":26496,"comment_status":"open","ping_status":"open","sticky":false,"template":"","format":"standard","meta":{"footnotes":""},"categories":[267],"tags":[186],"slider":[],"class_list":["post-26512","post","type-post","status-publish","format-standard","has-post-thumbnail","hentry","category-news","tag-nicotine"],"_links":{"self":[{"href":"https:\/\/clearingtheair.eu\/fr\/wp-json\/wp\/v2\/posts\/26512","targetHints":{"allow":["GET"]}}],"collection":[{"href":"https:\/\/clearingtheair.eu\/fr\/wp-json\/wp\/v2\/posts"}],"about":[{"href":"https:\/\/clearingtheair.eu\/fr\/wp-json\/wp\/v2\/types\/post"}],"author":[{"embeddable":true,"href":"https:\/\/clearingtheair.eu\/fr\/wp-json\/wp\/v2\/users\/1"}],"replies":[{"embeddable":true,"href":"https:\/\/clearingtheair.eu\/fr\/wp-json\/wp\/v2\/comments?post=26512"}],"version-history":[{"count":1,"href":"https:\/\/clearingtheair.eu\/fr\/wp-json\/wp\/v2\/posts\/26512\/revisions"}],"predecessor-version":[{"id":26513,"href":"https:\/\/clearingtheair.eu\/fr\/wp-json\/wp\/v2\/posts\/26512\/revisions\/26513"}],"wp:featuredmedia":[{"embeddable":true,"href":"https:\/\/clearingtheair.eu\/fr\/wp-json\/wp\/v2\/media\/26496"}],"wp:attachment":[{"href":"https:\/\/clearingtheair.eu\/fr\/wp-json\/wp\/v2\/media?parent=26512"}],"wp:term":[{"taxonomy":"category","embeddable":true,"href":"https:\/\/clearingtheair.eu\/fr\/wp-json\/wp\/v2\/categories?post=26512"},{"taxonomy":"post_tag","embeddable":true,"href":"https:\/\/clearingtheair.eu\/fr\/wp-json\/wp\/v2\/tags?post=26512"},{"taxonomy":"slider","embeddable":true,"href":"https:\/\/clearingtheair.eu\/fr\/wp-json\/wp\/v2\/slider?post=26512"}],"curies":[{"name":"wp","href":"https:\/\/api.w.org\/{rel}","templated":true}]}}