{"id":26990,"date":"2025-10-03T09:51:12","date_gmt":"2025-10-03T09:51:12","guid":{"rendered":"https:\/\/clearingtheair.eu\/post\/exclusif-varheyli-tweete-puis-supprime-une-fausse-affirmation-selon-laquelle-la-nicotine-provoque-le-cancer\/"},"modified":"2025-10-03T09:51:50","modified_gmt":"2025-10-03T09:51:50","slug":"exclusif-varheyli-tweete-puis-supprime-une-fausse-affirmation-selon-laquelle-la-nicotine-provoque-le-cancer","status":"publish","type":"post","link":"https:\/\/clearingtheair.eu\/fr\/post\/exclusif-varheyli-tweete-puis-supprime-une-fausse-affirmation-selon-laquelle-la-nicotine-provoque-le-cancer\/","title":{"rendered":"EXCLUSIF : Varheyli tweete, puis supprime, une fausse affirmation selon laquelle la nicotine provoque le cancer"},"content":{"rendered":"<div class=\"clear-before-content-2\" style=\"margin-top: 20px;margin-bottom: 20px;margin-left: auto;margin-right: auto;text-align: center;\" id=\"clear-4182945796\"><img src=\"https:\/\/clearingtheair.eu\/wp-content\/uploads\/2026\/04\/caafc5c68900198b80aee12c11b50184.avif\" alt=\"\"   style=\"display: inline-block;\" \/><\/div>\n<p><strong>Un commissaire europ\u00e9en s&rsquo;est retrouv\u00e9 sous le feu des critiques pour avoir diffus\u00e9 des informations erron\u00e9es sur la nicotine, quelques mois seulement apr\u00e8s qu&rsquo;un autre haut fonctionnaire de l&rsquo;UE a fait des d\u00e9clarations tout aussi inexactes sur le vapotage.<\/strong><\/p>\n\n<p>Le 30 septembre, Oliv\u00e9r V\u00e1rhelyi, commissaire hongrois charg\u00e9 de la sant\u00e9 et du bien-\u00eatre des animaux, a \u00e9crit sur X (anciennement Twitter) que \u00ab\u00a0la nicotine&#8230; provoque le cancer\u00a0\u00bb.  <\/p>\n\n<p><a href=\"https:\/\/www.cancerresearchuk.org\/about-cancer\/causes-of-cancer\/smoking-and-cancer\/is-vaping-harmful\" rel=\"nofollow noopener\" target=\"_blank\"> Selon Cancer Research UK<\/a>, il est scientifiquement admis que la nicotine ne provoque pas de cancer. M\u00eame la Commission europ\u00e9enne, dans<a href=\"https:\/\/health.ec.europa.eu\/document\/download\/50b3adac-5451-47c1-8427-ea67e874c970_en\" rel=\"nofollow noopener\" target=\"_blank\"> son dernier rapport scientifique sur les cigarettes \u00e9lectroniques<\/a>, conclut que \u00ab\u00a0la nicotine n&rsquo;est pas consid\u00e9r\u00e9e comme un agent canc\u00e9rig\u00e8ne pour l&rsquo;homme\u00a0\u00bb <\/p>\n\n<figure class=\"wp-block-image size-full\"><img fetchpriority=\"high\" decoding=\"async\" width=\"599\" height=\"182\" src=\"https:\/\/clearingtheair.eu\/wp-content\/uploads\/2025\/10\/image.png\" alt=\"\" class=\"wp-image-26969\" srcset=\"https:\/\/clearingtheair.eu\/wp-content\/uploads\/2025\/10\/image.png 599w, https:\/\/clearingtheair.eu\/wp-content\/uploads\/2025\/10\/image-300x91.png 300w, https:\/\/clearingtheair.eu\/wp-content\/uploads\/2025\/10\/image-370x112.png 370w\" sizes=\"(max-width: 599px) 100vw, 599px\" \/><\/figure>\n\n<h3 class=\"wp-block-heading\"><strong>V\u00e1rhelyi a par la suite modifi\u00e9 sa d\u00e9claration<\/strong><\/h3>\n\n<p>Le tweet a ensuite \u00e9t\u00e9 \u00e9dit\u00e9 pour adoucir le langage, en rempla\u00e7ant l&rsquo;expression \u00ab\u00a0provoque le cancer\u00a0\u00bb par \u00ab\u00a0contribue au d\u00e9veloppement du cancer\u00a0\u00bb. Mais les experts et les militants affirment que la correction ne refl\u00e8te toujours pas la r\u00e9alit\u00e9 scientifique. <\/p>\n\n<p>La nicotine cr\u00e9e une d\u00e9pendance, mais des recherches approfondies montrent qu&rsquo;elle n&rsquo;est pas canc\u00e9rig\u00e8ne. Selon le professeur Reuven Zimlichman, directeur de l&rsquo;Institut pour la qualit\u00e9 en m\u00e9decine de l&rsquo;Association m\u00e9dicale isra\u00e9lienne, la nicotine \u00ab\u00a0ne provoque ni cancer ni maladie cardiaque\u00a0\u00bb.   <\/p>\n\n<p>Ce sont plut\u00f4t les milliers de produits chimiques toxiques lib\u00e9r\u00e9s par la combustion du tabac qui sont responsables des huit millions de d\u00e9c\u00e8s caus\u00e9s par le tabagisme chaque ann\u00e9e dans le monde.<\/p>\n\n<p>\u00ab\u00a0La nicotine cr\u00e9e une d\u00e9pendance, mais elle n&rsquo;est pas nocive pour l&rsquo;organisme\u00a0\u00bb, a d\u00e9clar\u00e9 M. Zimlichman lors d&rsquo;une r\u00e9cente convention m\u00e9dicale. \u00ab\u00a0Elle n&rsquo;est pas canc\u00e9rig\u00e8ne et ne provoque pas de maladies cardiaques. S&rsquo;il existe un autre moyen de satisfaire le besoin de nicotine des fumeurs sans br\u00fbler de tabac, il s&rsquo;agit clairement d&rsquo;une option qui m\u00e9rite d&rsquo;\u00eatre envisag\u00e9e. <\/p>\n\n<h3 class=\"wp-block-heading\"><strong>Les d\u00e9fenseurs de la r\u00e9duction des risques s&rsquo;insurgent<\/strong><\/h3>\n\n<p>Le message de M. V\u00e1rhelyi a suscit\u00e9 des critiques sur les r\u00e9seaux sociaux. L&rsquo;association n\u00e9erlandaise de r\u00e9duction des risques ACVODA a accus\u00e9 le commissaire d&rsquo;induire le public en erreur pour justifier ses projets de taxation. \u00ab\u00a0Nous y revoil\u00e0, un tweet d\u00e9pourvu de tout fondement scientifique. Il a juste besoin de convaincre le public que ces choses sont vraies pour justifier sa proposition\u00a0\u00bb, a \u00e9crit @plopnl.  <\/p>\n\n<p>Pouchforum.eu a \u00e9galement contest\u00e9 l&rsquo;affirmation de la commissaire. Il a \u00e9crit : \u00ab\u00a0La remarque d&rsquo;aujourd&rsquo;hui selon laquelle la nicotine contribue au cancer contredit le consensus scientifique. Selon @US_FDA, @WHO, @RCPhysicians &amp; @PHE_uk, la nicotine n&rsquo;est pas canc\u00e9rig\u00e8ne. La sant\u00e9 publique d\u00e9pend de l&rsquo;exactitude, pas de l&rsquo;alarmisme\u00a0\u00bb. <\/p>\n\n<p>Jukka Kelovuori, un ancien fumeur finlandais, estime que ces d\u00e9clarations sont imprudentes. \u00ab\u00a0Ce qu&rsquo;il veut dire, c&rsquo;est qu&rsquo;ils vont paralyser les alternatives plus s\u00fbres \u00e0 la nicotine et maintenir le taux de tabagisme dans l&rsquo;UE \u00e0 un niveau moyen stup\u00e9fiant de 24 %. Je ne dirais pas que c&rsquo;est ambitieux. Je dirais plut\u00f4t que c&rsquo;est imprudent et que c&rsquo;est une menace pour la sant\u00e9 publique\u00a0\u00bb. <\/p>\n\n<h3 class=\"wp-block-heading\"><strong>Mod\u00e8le de d\u00e9sinformation<\/strong><\/h3>\n\n<p>Ce n&rsquo;est pas la premi\u00e8re fois que M. V\u00e1rhelyi est accus\u00e9 de d\u00e9former les donn\u00e9es scientifiques relatives \u00e0 la r\u00e9duction des risques li\u00e9s au tabac. Dans un billet pr\u00e9c\u00e9dent, il affirmait que les nouveaux produits \u00e0 base de nicotine et de tabac pr\u00e9sentaient des risques pour la sant\u00e9 \u00ab\u00a0comparables \u00e0 ceux des produits traditionnels\u00a0\u00bb. Cette d\u00e9claration a \u00e9t\u00e9 rapidement suivie d&rsquo;une note de la communaut\u00e9 sur X, pr\u00e9cisant que les preuves scientifiques d\u00e9montrent le contraire.    <\/p>\n\n<p>\u00ab\u00a0Les nouveaux produits du tabac et de la nicotine sont comparables aux th\u00e9rapies de remplacement de la nicotine, et non au tabagisme\u00a0\u00bb, peut-on lire dans la note, qui renvoie \u00e0 de nombreuses \u00e9tudes \u00e9valu\u00e9es par des pairs et \u00e0 des rapports gouvernementaux officiels montrant que les vapoteurs sont nettement moins expos\u00e9s aux substances chimiques nocives, souvent \u00e0 des niveaux comparables \u00e0 ceux des non-consommateurs.<\/p>\n\n<p>Elle fait suite \u00e0 un \u00e9pisode similaire survenu en d\u00e9but d&rsquo;ann\u00e9e, lorsque Wopke Hoekstra, commissaire n\u00e9erlandais charg\u00e9 de l&rsquo;action pour le climat, a d\u00e9clar\u00e9 au parlement en f\u00e9vrier que <a href=\"https:\/\/clearingtheair.eu\/en\/post\/european-commissioner-wrongly-states-vaping-kills\/\">\u00ab\u00a0le vapotage tue\u00a0\u00bb.<\/a> <\/p>\n\n<p>Alors que le tabagisme tue 700 000 Europ\u00e9ens par an, aucune preuve ne vient \u00e9tayer l&rsquo;affirmation de M. Hoekstra selon laquelle le vapotage a caus\u00e9 des dommages comparables.<\/p>\n\n<p>L&rsquo;affirmation de M. Hoekstra a \u00e9galement \u00e9t\u00e9 contredite par les propres donn\u00e9es de l&rsquo;UE. Le rapport du Parlement europ\u00e9en sur les nouveaux produits \u00e0 base de nicotine confirme que les vapes sont beaucoup moins nocives que le tabagisme, les \u00e9missions toxiques \u00e9tant r\u00e9duites de 90 \u00e0 95 %. <\/p>\n\n<h3 class=\"wp-block-heading\"><strong>La Su\u00e8de montre une voie alternative<\/strong><\/h3>\n\n<p><a href=\"https:\/\/clearingtheair.eu\/en\/post\/smokeless-nicotine-is-at-the-heart-of-swedens-smoking-decline-says-leading-expert\/\">Les donn\u00e9es recueillies en Su\u00e8de<\/a> montrent qu&rsquo;il est important de faire la distinction entre la nicotine et le tabagisme. Malgr\u00e9 des taux de consommation de nicotine similaires \u00e0 ceux d&rsquo;autres pays europ\u00e9ens, la Su\u00e8de affiche une incidence de cancer du poumon inf\u00e9rieure de 41 % et le taux de mortalit\u00e9 li\u00e9 au tabac le plus bas de l&rsquo;UE. Ces r\u00e9sultats sont attribu\u00e9s \u00e0 l&rsquo;utilisation g\u00e9n\u00e9ralis\u00e9e de produits sans fum\u00e9e tels que le snus, les sachets de nicotine et les vapes.  <\/p>\n\n<p>Les d\u00e9fenseurs de cette cause estiment que l&rsquo;UE devrait s&rsquo;inspirer de la r\u00e9ussite de la Su\u00e8de et adopter des strat\u00e9gies de r\u00e9duction des effets nocifs du tabac au lieu de diffuser des informations erron\u00e9es. \u00ab\u00a0Les gouvernements, les organismes de r\u00e9glementation et la communaut\u00e9 m\u00e9dicale doivent \u00eatre ouverts \u00e0 de nouvelles id\u00e9es telles que la r\u00e9duction des risques li\u00e9s au tabac\u00a0\u00bb, a d\u00e9clar\u00e9 M. Zimlichman. <\/p>\n<div class=\"clear-after-content-2\" style=\"margin-top: 20px;margin-bottom: 20px;margin-left: auto;margin-right: auto;text-align: center;\" id=\"clear-318072723\"><img src=\"https:\/\/clearingtheair.eu\/wp-content\/uploads\/2026\/04\/caafc5c68900198b80aee12c11b50184.avif\" alt=\"\"   style=\"display: inline-block;\" \/><\/div>","protected":false},"excerpt":{"rendered":"<p>Un commissaire europ\u00e9en s&rsquo;est retrouv\u00e9 sous le feu des critiques pour avoir diffus\u00e9 des informations erron\u00e9es sur la nicotine, quelques mois seulement apr\u00e8s qu&rsquo;un autre haut fonctionnaire de l&rsquo;UE a fait des d\u00e9clarations tout aussi inexactes sur le vapotage. Le 30 septembre,&hellip;<\/p>\n","protected":false},"author":990002,"featured_media":27000,"comment_status":"open","ping_status":"open","sticky":false,"template":"","format":"standard","meta":{"footnotes":""},"categories":[267],"tags":[186],"slider":[],"class_list":["post-26990","post","type-post","status-publish","format-standard","has-post-thumbnail","hentry","category-news","tag-nicotine"],"_links":{"self":[{"href":"https:\/\/clearingtheair.eu\/fr\/wp-json\/wp\/v2\/posts\/26990","targetHints":{"allow":["GET"]}}],"collection":[{"href":"https:\/\/clearingtheair.eu\/fr\/wp-json\/wp\/v2\/posts"}],"about":[{"href":"https:\/\/clearingtheair.eu\/fr\/wp-json\/wp\/v2\/types\/post"}],"author":[{"embeddable":true,"href":"https:\/\/clearingtheair.eu\/fr\/wp-json\/wp\/v2\/users\/990002"}],"replies":[{"embeddable":true,"href":"https:\/\/clearingtheair.eu\/fr\/wp-json\/wp\/v2\/comments?post=26990"}],"version-history":[{"count":1,"href":"https:\/\/clearingtheair.eu\/fr\/wp-json\/wp\/v2\/posts\/26990\/revisions"}],"predecessor-version":[{"id":26991,"href":"https:\/\/clearingtheair.eu\/fr\/wp-json\/wp\/v2\/posts\/26990\/revisions\/26991"}],"wp:featuredmedia":[{"embeddable":true,"href":"https:\/\/clearingtheair.eu\/fr\/wp-json\/wp\/v2\/media\/27000"}],"wp:attachment":[{"href":"https:\/\/clearingtheair.eu\/fr\/wp-json\/wp\/v2\/media?parent=26990"}],"wp:term":[{"taxonomy":"category","embeddable":true,"href":"https:\/\/clearingtheair.eu\/fr\/wp-json\/wp\/v2\/categories?post=26990"},{"taxonomy":"post_tag","embeddable":true,"href":"https:\/\/clearingtheair.eu\/fr\/wp-json\/wp\/v2\/tags?post=26990"},{"taxonomy":"slider","embeddable":true,"href":"https:\/\/clearingtheair.eu\/fr\/wp-json\/wp\/v2\/slider?post=26990"}],"curies":[{"name":"wp","href":"https:\/\/api.w.org\/{rel}","templated":true}]}}