{"id":27148,"date":"2025-10-09T09:18:02","date_gmt":"2025-10-09T09:18:02","guid":{"rendered":"https:\/\/clearingtheair.eu\/post\/le-ni-soutient-le-vapotage-pour-reduire-le-tabagisme-dans-les-prisons-alors-que-la-republique-fait-grimper-les-couts-de-la-vape\/"},"modified":"2025-10-09T09:18:47","modified_gmt":"2025-10-09T09:18:47","slug":"le-ni-soutient-le-vapotage-pour-reduire-le-tabagisme-dans-les-prisons-alors-que-la-republique-fait-grimper-les-couts-de-la-vape","status":"publish","type":"post","link":"https:\/\/clearingtheair.eu\/fr\/post\/le-ni-soutient-le-vapotage-pour-reduire-le-tabagisme-dans-les-prisons-alors-que-la-republique-fait-grimper-les-couts-de-la-vape\/","title":{"rendered":"Le NI soutient le vapotage pour r\u00e9duire le tabagisme dans les prisons, alors que la R\u00e9publique fait grimper les co\u00fbts de la vape"},"content":{"rendered":"<div class=\"clear-before-content-2\" style=\"margin-top: 20px;margin-bottom: 20px;margin-left: auto;margin-right: auto;text-align: center;\" id=\"clear-2959103713\"><img src=\"https:\/\/clearingtheair.eu\/wp-content\/uploads\/2026\/04\/caafc5c68900198b80aee12c11b50184.avif\" alt=\"\"   style=\"display: inline-block;\" \/><\/div>\n<p><strong>Le ministre de la justice d&rsquo;Irlande du Nord a lanc\u00e9 un projet pilote de vapotage pour les prisonniers, alors que la R\u00e9publique d&rsquo;Irlande double le prix de la vape avec une nouvelle taxe \u00e0 partir de novembre.<\/strong><\/p>\n\n<h3 class=\"wp-block-heading\"><strong>L&rsquo;exemption de fumer dans les prisons fait l&rsquo;objet d&rsquo;un examen minutieux<\/strong><\/h3>\n\n<p>Pr\u00e8s de 20 ans apr\u00e8s l&rsquo;entr\u00e9e en vigueur de l&rsquo;interdiction de fumer sur le lieu de travail en Irlande du Nord, les agents p\u00e9nitentiaires sont toujours expos\u00e9s \u00e0 la fum\u00e9e secondaire, car les d\u00e9tenus sont autoris\u00e9s \u00e0 fumer dans leurs cellules. L&rsquo;exemption, pr\u00e9vue par l&rsquo;ordonnance de 2006 sur le tabagisme (Irlande du Nord), consid\u00e8re les cellules de prison comme \u00ab\u00a0le domicile d&rsquo;un d\u00e9tenu\u00a0\u00bb. <\/p>\n\n<p>Jon Burrows, d\u00e9put\u00e9 de l&rsquo;Ulster Unionist, a demand\u00e9 au minist\u00e8re de la justice de mettre fin \u00e0 cette exemption, estimant qu&rsquo;il \u00e9tait \u00ab\u00a0injustifiable que les agents p\u00e9nitentiaires d&rsquo;Irlande du Nord, qui effectuent d\u00e9j\u00e0 un travail difficile et stressant, doivent en plus supporter le tabagisme passif sur leur lieu de travail\u00a0\u00bb.<\/p>\n\n<p>\u00ab\u00a0Le parti unioniste d&rsquo;Ulster a \u00e9cout\u00e9 attentivement les pr\u00e9occupations de nos agents p\u00e9nitentiaires\u00a0\u00bb, a-t-il d\u00e9clar\u00e9, \u00ab\u00a0et nous exigeons maintenant que le minist\u00e8re de la justice et l&rsquo;administration p\u00e9nitentiaire d&rsquo;Irlande du Nord prennent des mesures politiques et op\u00e9rationnelles imm\u00e9diates pour prot\u00e9ger la sant\u00e9 de ceux qui servent en premi\u00e8re ligne\u00a0\u00bb.<\/p>\n\n<p>M. Burrows a d\u00e9clar\u00e9 qu&rsquo;il n&rsquo;y avait \u00ab\u00a0aucune raison pour que l&rsquo;Irlande du Nord soit \u00e0 la tra\u00eene en mati\u00e8re de protection de nos agents contre le tabagisme passif\u00a0\u00bb, soulignant le succ\u00e8s des prisons sans fum\u00e9e dans tout le Royaume-Uni.<\/p>\n\n<h3 class=\"wp-block-heading\"><strong>Projet pilote de vapotage<\/strong><\/h3>\n\n<p>La ministre de la justice, Naomi Long, d\u00e9clare toutefois que l&rsquo;exemption reconna\u00eet \u00ab\u00a0l&rsquo;environnement op\u00e9rationnel unique\u00a0\u00bb des prisons, o\u00f9 la gestion \u00ab\u00a0d&rsquo;un grand nombre de personnes d\u00e9pendantes de la nicotine dans un environnement s\u00e9curis\u00e9\u00a0\u00bb comporte \u00ab\u00a0des risques associ\u00e9s pour l&rsquo;ordre et le contr\u00f4le\u00a0\u00bb.<\/p>\n\n<p>Elle a toutefois confirm\u00e9 que des plans \u00e9taient en cours pour une \u00ab\u00a0d\u00e9monstration de faisabilit\u00e9 de l&rsquo;utilisation d&rsquo;e-cigarettes dans une zone de la prison de Magilligan\u00a0\u00bb, pr\u00e9vue pour d\u00e9cembre 2025. En cas de succ\u00e8s, l&rsquo;exp\u00e9rience pourrait \u00eatre \u00e9tendue \u00e0 l&rsquo;ensemble du parc p\u00e9nitentiaire dans le cadre d&rsquo;une strat\u00e9gie plus large de sevrage tabagique. <\/p>\n\n<h3 class=\"wp-block-heading\"><strong>La R\u00e9publique d&rsquo;Irlande redouble d&rsquo;efforts pour lutter contre le vapotage<\/strong><\/h3>\n\n<p>Cette d\u00e9cision contraste fortement avec celle de la R\u00e9publique d&rsquo;Irlande, o\u00f9 le gouvernement adopte une ligne dure \u00e0 l&rsquo;\u00e9gard du vapotage. \u00c0 partir du 1er novembre, tous les <a href=\"https:\/\/clearingtheair.eu\/en\/post\/irelands-delayed-vape-tax-set-to-take-effect-by-end-of-year\/\">e-liquides seront tax\u00e9s<\/a> \u00e0 hauteur de 50 centimes par millilitre, une mesure qui devrait faire doubler les prix de vente au d\u00e9tail dans tout le pays. <\/p>\n\n<p>Un flacon de 10 ml de e-liquide qui co\u00fbtait autrefois entre 3 et 5 euros passera bient\u00f4t \u00e0 environ 8 ou 10 euros, ce qui augmentera les d\u00e9penses des utilisateurs r\u00e9guliers de plus de 500 euros par an.<\/p>\n\n<p>Le ministre des finances de la R\u00e9publique d&rsquo;Irlande, Paschal Donohoe, a d\u00e9clar\u00e9 que la nouvelle \u00ab\u00a0taxe sur les produits \u00e0 base de liquide \u00e9lectronique\u00a0\u00bb contribuerait \u00e0 r\u00e9pondre aux pr\u00e9occupations de sant\u00e9 publique suscit\u00e9es par la pr\u00e9valence croissante des vapes et des produits connexes sur le march\u00e9 irlandais et par leur utilisation de plus en plus fr\u00e9quente chez les jeunes.<\/p>\n\n<p>Il a ajout\u00e9 que l&rsquo;approche de l&rsquo;Irlande \u00ab\u00a0soutient le bon fonctionnement du march\u00e9 int\u00e9rieur\u00a0\u00bb en harmonisant le traitement fiscal des \u00ab\u00a0nouveaux produits\u00a0\u00bb tels que les e-liquides.<\/p>\n\n<p>La ministre de la sant\u00e9, Jennifer Carroll MacNeill, a \u00e9galement soutenu la mesure en d\u00e9clarant : \u00ab\u00a0Nous ne connaissons pas les effets n\u00e9fastes \u00e0 long terme des produits de vapotage : \u00ab\u00a0Nous ne connaissons pas les effets n\u00e9fastes \u00e0 long terme des produits de vapotage et la plupart d&rsquo;entre eux contiennent de la nicotine, qui cr\u00e9e une forte d\u00e9pendance. Prot\u00e9ger les enfants et les jeunes de ces produits est une priorit\u00e9 pour ce gouvernement\u00a0\u00bb.<\/p>\n\n<p>Outre la taxe, elle a confirm\u00e9 son intention de \u00ab\u00a0restreindre l&#8217;emballage et l&rsquo;apparence, les ar\u00f4mes, la publicit\u00e9 et l&rsquo;affichage au d\u00e9tail des produits d&rsquo;inhalation de nicotine et d&rsquo;interdire tous les vaporisateurs \u00e0 usage unique\u00a0\u00bb.<\/p>\n<div class=\"clear-after-content-2\" style=\"margin-top: 20px;margin-bottom: 20px;margin-left: auto;margin-right: auto;text-align: center;\" id=\"clear-4242892082\"><img src=\"https:\/\/clearingtheair.eu\/wp-content\/uploads\/2026\/04\/caafc5c68900198b80aee12c11b50184.avif\" alt=\"\"   style=\"display: inline-block;\" \/><\/div>","protected":false},"excerpt":{"rendered":"<p>Le ministre de la justice d&rsquo;Irlande du Nord a lanc\u00e9 un projet pilote de vapotage pour les prisonniers, alors que la R\u00e9publique d&rsquo;Irlande double le prix de la vape avec une nouvelle taxe \u00e0 partir de novembre. L&rsquo;exemption de fumer dans les&hellip;<\/p>\n","protected":false},"author":990005,"featured_media":27141,"comment_status":"open","ping_status":"open","sticky":false,"template":"","format":"standard","meta":{"footnotes":""},"categories":[267],"tags":[186],"slider":[],"class_list":["post-27148","post","type-post","status-publish","format-standard","has-post-thumbnail","hentry","category-news","tag-nicotine"],"_links":{"self":[{"href":"https:\/\/clearingtheair.eu\/fr\/wp-json\/wp\/v2\/posts\/27148","targetHints":{"allow":["GET"]}}],"collection":[{"href":"https:\/\/clearingtheair.eu\/fr\/wp-json\/wp\/v2\/posts"}],"about":[{"href":"https:\/\/clearingtheair.eu\/fr\/wp-json\/wp\/v2\/types\/post"}],"author":[{"embeddable":true,"href":"https:\/\/clearingtheair.eu\/fr\/wp-json\/wp\/v2\/users\/990005"}],"replies":[{"embeddable":true,"href":"https:\/\/clearingtheair.eu\/fr\/wp-json\/wp\/v2\/comments?post=27148"}],"version-history":[{"count":1,"href":"https:\/\/clearingtheair.eu\/fr\/wp-json\/wp\/v2\/posts\/27148\/revisions"}],"predecessor-version":[{"id":27149,"href":"https:\/\/clearingtheair.eu\/fr\/wp-json\/wp\/v2\/posts\/27148\/revisions\/27149"}],"wp:featuredmedia":[{"embeddable":true,"href":"https:\/\/clearingtheair.eu\/fr\/wp-json\/wp\/v2\/media\/27141"}],"wp:attachment":[{"href":"https:\/\/clearingtheair.eu\/fr\/wp-json\/wp\/v2\/media?parent=27148"}],"wp:term":[{"taxonomy":"category","embeddable":true,"href":"https:\/\/clearingtheair.eu\/fr\/wp-json\/wp\/v2\/categories?post=27148"},{"taxonomy":"post_tag","embeddable":true,"href":"https:\/\/clearingtheair.eu\/fr\/wp-json\/wp\/v2\/tags?post=27148"},{"taxonomy":"slider","embeddable":true,"href":"https:\/\/clearingtheair.eu\/fr\/wp-json\/wp\/v2\/slider?post=27148"}],"curies":[{"name":"wp","href":"https:\/\/api.w.org\/{rel}","templated":true}]}}