{"id":27299,"date":"2025-10-15T14:54:49","date_gmt":"2025-10-15T14:54:49","guid":{"rendered":"https:\/\/clearingtheair.eu\/post\/exclusif-lue-lancera-lannee-prochaine-une-revision-de-la-legislation-communautaire-relative-a-la-lutte-contre-le-tabagisme\/"},"modified":"2025-10-15T14:55:08","modified_gmt":"2025-10-15T14:55:08","slug":"exclusif-lue-lancera-lannee-prochaine-une-revision-de-la-legislation-communautaire-relative-a-la-lutte-contre-le-tabagisme","status":"publish","type":"post","link":"https:\/\/clearingtheair.eu\/fr\/post\/exclusif-lue-lancera-lannee-prochaine-une-revision-de-la-legislation-communautaire-relative-a-la-lutte-contre-le-tabagisme\/","title":{"rendered":"EXCLUSIF : L&rsquo;UE lancera l&rsquo;ann\u00e9e prochaine une r\u00e9vision de la l\u00e9gislation communautaire relative \u00e0 la lutte contre le tabagisme"},"content":{"rendered":"<div class=\"clear-before-content-2\" style=\"margin-top: 20px;margin-bottom: 20px;margin-left: auto;margin-right: auto;text-align: center;\" id=\"clear-1793635199\"><img src=\"https:\/\/clearingtheair.eu\/wp-content\/uploads\/2026\/04\/caafc5c68900198b80aee12c11b50184.avif\" alt=\"\"   style=\"display: inline-block;\" \/><\/div>\n<p><strong>La Commission europ\u00e9enne s&rsquo;appr\u00eate \u00e0 d\u00e9voiler son \u00ab\u00a0rapport d&rsquo;\u00e9valuation\u00a0\u00bb sur le cadre politique de l&rsquo;UE en mati\u00e8re de lutte contre le tabagisme, selon un projet de plan de travail de la Commission consult\u00e9 par Clearing the Air.<\/strong><\/p>\n\n<p>Le paquet se concentrera sur la tr\u00e8s controvers\u00e9e directive sur les produits du tabac, qui est en vigueur dans l&rsquo;Union europ\u00e9enne depuis 2016 et qui r\u00e9glemente les produits \u00e0 base de nicotine plus s\u00fbrs tels que le vapotage et le tabac chauff\u00e9, mais pas les sachets de nicotine.<\/p>\n\n<p>La directive sur la publicit\u00e9 pour le tabac, qui ne couvre pas les produits \u00e0 base de nicotine moins nocive, fera \u00e9galement l&rsquo;objet d&rsquo;une r\u00e9vision.<\/p>\n\n<h3 class=\"wp-block-heading\"><strong>Un nuage de d\u00e9sinformation<\/strong><\/h3>\n\n<p>L&rsquo;\u00e9valuation est r\u00e9alis\u00e9e par le commissaire Oliver Varheyli, qui a \u00e9t\u00e9 critiqu\u00e9 pour avoir <a href=\"https:\/\/clearingtheair.eu\/en\/post\/opinion-if-vaping-kills-what-else-are-they-lying-about\/\">diffus\u00e9 des informations erron\u00e9es sur les produits \u00e0 base de nicotine plus s\u00fbrs<\/a>.<\/p>\n\n<p>Varheyli l&rsquo;a fait au moins deux fois cette ann\u00e9e, notamment :<\/p>\n\n<p>Il <strong>affirme que<\/strong> \u00ab\u00a0le vapotage [&#8230;] a cr\u00e9\u00e9 des risques sanitaires totalement nouveaux [qui sont] comparables, voire plus importants, que le tabagisme lui-m\u00eame. Il suffit de lire quelques articles sur le \u00ab\u00a0popcorn lungs\u00a0\u00bb qui est un ph\u00e9nom\u00e8ne compl\u00e8tement nouveau et qui est en train d&rsquo;envahir la jeune g\u00e9n\u00e9ration de mani\u00e8re stup\u00e9fiante\u00a0\u00bb. Le vapotage est beaucoup plus s\u00fbr et aucun cas de poumon de pop-corn n&rsquo;a \u00e9t\u00e9 enregistr\u00e9 chez les vapoteurs. <\/p>\n\n<p><strong>Poster que <\/strong>\u00ab\u00a0la nicotine provoque le cancer\u00a0\u00bb sur X, l&rsquo;effacer quelques minutes plus tard et le remplacer par le tout aussi ridicule \u00ab\u00a0la nicotine contribue au d\u00e9veloppement du cancer\u00a0\u00bb.<\/p>\n\n<p>Le d\u00e9partement de M. Varheyli dirigera la publication du rapport d&rsquo;\u00e9valuation, \u00e0 moins qu&rsquo;il ne soit \u00e9vinc\u00e9 en raison des r\u00e9centes accusations selon lesquelles <a href=\"https:\/\/www.theguardian.com\/world\/2025\/oct\/13\/hungary-eu-commissioner-oliver-varhelyi-not-aware-country-allegedly-tried-to-recruit-spies-in-brussels\" rel=\"nofollow noopener\" target=\"_blank\">la repr\u00e9sentation hongroise aupr\u00e8s de l&rsquo;UE aurait h\u00e9berg\u00e9 des espions alors qu&rsquo;il en \u00e9tait responsable<\/a>. M. Varheyli affirme qu&rsquo;il n&rsquo;\u00e9tait pas au courant. <\/p>\n\n<h3 class=\"wp-block-heading\"><strong>Une nouvelle proposition d&rsquo;ici 2027<\/strong><\/h3>\n\n<p>Le rapport d&rsquo;\u00e9valuation marque le d\u00e9but de la fin du processus de modification des r\u00e8gles de l&rsquo;UE en mati\u00e8re de lutte antitabac. Des sources proches du dossier ont indiqu\u00e9 au CTA que le calendrier du rapport d&rsquo;\u00e9valuation signifie qu&rsquo;il y aura une consultation sur les nouvelles r\u00e8gles avant la fin de l&rsquo;ann\u00e9e 2026 et une proposition de modification de la loi existante au cours du premier semestre 2027. <\/p>\n\n<p>Elle devra alors \u00eatre approuv\u00e9e par les \u00c9tats membres de l&rsquo;UE et par un Parlement europ\u00e9en de plus en plus divis\u00e9, qui a <a href=\"https:\/\/clearingtheair.eu\/en\/post\/parliament-wont-support-the-european-commissions-plan-to-ban-vaping-everywhere-what-happened\/\">rejet\u00e9 l&rsquo;an dernier un document de l&rsquo;UE interdisant le vapotage en public<\/a>.<\/p>\n<div class=\"clear-after-content-2\" style=\"margin-top: 20px;margin-bottom: 20px;margin-left: auto;margin-right: auto;text-align: center;\" id=\"clear-3189937710\"><img src=\"https:\/\/clearingtheair.eu\/wp-content\/uploads\/2026\/04\/caafc5c68900198b80aee12c11b50184.avif\" alt=\"\"   style=\"display: inline-block;\" \/><\/div>","protected":false},"excerpt":{"rendered":"<p>La Commission europ\u00e9enne s&rsquo;appr\u00eate \u00e0 d\u00e9voiler son \u00ab\u00a0rapport d&rsquo;\u00e9valuation\u00a0\u00bb sur le cadre politique de l&rsquo;UE en mati\u00e8re de lutte contre le tabagisme, selon un projet de plan de travail de la Commission consult\u00e9 par Clearing the Air. Le paquet se concentrera sur&hellip;<\/p>\n","protected":false},"author":990004,"featured_media":27292,"comment_status":"open","ping_status":"open","sticky":false,"template":"","format":"standard","meta":{"footnotes":""},"categories":[267,264],"tags":[186],"slider":[],"class_list":["post-27299","post","type-post","status-publish","format-standard","has-post-thumbnail","hentry","category-news","category-legislation","tag-nicotine"],"_links":{"self":[{"href":"https:\/\/clearingtheair.eu\/fr\/wp-json\/wp\/v2\/posts\/27299","targetHints":{"allow":["GET"]}}],"collection":[{"href":"https:\/\/clearingtheair.eu\/fr\/wp-json\/wp\/v2\/posts"}],"about":[{"href":"https:\/\/clearingtheair.eu\/fr\/wp-json\/wp\/v2\/types\/post"}],"author":[{"embeddable":true,"href":"https:\/\/clearingtheair.eu\/fr\/wp-json\/wp\/v2\/users\/990004"}],"replies":[{"embeddable":true,"href":"https:\/\/clearingtheair.eu\/fr\/wp-json\/wp\/v2\/comments?post=27299"}],"version-history":[{"count":1,"href":"https:\/\/clearingtheair.eu\/fr\/wp-json\/wp\/v2\/posts\/27299\/revisions"}],"predecessor-version":[{"id":27300,"href":"https:\/\/clearingtheair.eu\/fr\/wp-json\/wp\/v2\/posts\/27299\/revisions\/27300"}],"wp:featuredmedia":[{"embeddable":true,"href":"https:\/\/clearingtheair.eu\/fr\/wp-json\/wp\/v2\/media\/27292"}],"wp:attachment":[{"href":"https:\/\/clearingtheair.eu\/fr\/wp-json\/wp\/v2\/media?parent=27299"}],"wp:term":[{"taxonomy":"category","embeddable":true,"href":"https:\/\/clearingtheair.eu\/fr\/wp-json\/wp\/v2\/categories?post=27299"},{"taxonomy":"post_tag","embeddable":true,"href":"https:\/\/clearingtheair.eu\/fr\/wp-json\/wp\/v2\/tags?post=27299"},{"taxonomy":"slider","embeddable":true,"href":"https:\/\/clearingtheair.eu\/fr\/wp-json\/wp\/v2\/slider?post=27299"}],"curies":[{"name":"wp","href":"https:\/\/api.w.org\/{rel}","templated":true}]}}