{"id":31743,"date":"2025-12-01T15:49:08","date_gmt":"2025-12-01T15:49:08","guid":{"rendered":"https:\/\/clearingtheair.eu\/post\/document-les-ministres-de-la-sante-de-lue-discutent-de-nouvelles-restrictions-sur-les-produits-a-base-de-nicotine-plus-surs\/"},"modified":"2025-12-01T15:54:38","modified_gmt":"2025-12-01T15:54:38","slug":"document-les-ministres-de-la-sante-de-lue-discutent-de-nouvelles-restrictions-sur-les-produits-a-base-de-nicotine-plus-surs","status":"publish","type":"post","link":"https:\/\/clearingtheair.eu\/fr\/post\/document-les-ministres-de-la-sante-de-lue-discutent-de-nouvelles-restrictions-sur-les-produits-a-base-de-nicotine-plus-surs\/","title":{"rendered":"DOCUMENT : Les ministres de la sant\u00e9 de l&rsquo;UE discutent de nouvelles restrictions sur les produits \u00e0 base de nicotine plus s\u00fbrs"},"content":{"rendered":"<div class=\"clear-before-content-2\" style=\"margin-top: 20px;margin-bottom: 20px;margin-left: auto;margin-right: auto;text-align: center;\" id=\"clear-2812031940\"><img src=\"https:\/\/clearingtheair.eu\/wp-content\/uploads\/2026\/04\/caafc5c68900198b80aee12c11b50184.avif\" alt=\"\"   style=\"display: inline-block;\" \/><\/div>\n<p><strong>Les ministres de la sant\u00e9 de l&rsquo;UE discuteront demain de nouvelles restrictions sur les \u00ab\u00a0nouveaux produits du tabac et de la nicotine\u00a0\u00bb lors d&rsquo;un d\u00e9jeuner \u00e0 huis clos, selon un document d&rsquo;information consult\u00e9 par Clearing the Air et publi\u00e9 <a href=\"https:\/\/clearingtheair.eu\/en\/download\/31760\/?tmstv=1764604417\">ici<\/a> (inscription obligatoire par courriel).<\/strong><\/p>\n\n<p>Le d\u00e9jeuner de travail \u00ab\u00a0permettra aux \u00c9tats membres d&rsquo;identifier les domaines prioritaires pour cette \u00e9valuation\u00a0\u00bb.<\/p>\n\n<p>en particulier, des mesures visant \u00e0 prot\u00e9ger les enfants et les adolescents contre les nouveaux produits du tabac et de la nicotine et l&rsquo;examen de la mani\u00e8re dont une r\u00e9vision de la directive sur les produits du tabac pourrait \u00eatre envisag\u00e9e<\/p>\n\n<p>(2014\/40\/EU) pourrait renforcer la capacit\u00e9 de l&rsquo;Europe \u00e0 pr\u00e9venir la d\u00e9pendance \u00e0 la nicotine chez les enfants et les adolescents\u00a0\u00bb, selon la note d&rsquo;information.<\/p>\n\n<p>Ce d\u00e9jeuner est consid\u00e9r\u00e9 par les initi\u00e9s comme une tentative de la Commission et des \u00c9tats membres favorables \u00e0 la prohibition de reprendre l&rsquo;initiative apr\u00e8s avoir \u00e9chou\u00e9 \u00e0 inclure dans les conclusions de la conf\u00e9rence des parties de l&rsquo;OMS \u00e0 la convention-cadre pour la lutte antitabac une formulation encourageant l&rsquo;interdiction des produits \u00e0 base de nicotine moins nocive.  <\/p>\n\n<p>Un groupe d&rsquo;\u00c9tats membres, dont ceux qui ont constat\u00e9 les avantages de la r\u00e9duction des risques pour la sant\u00e9 publique (comme la Su\u00e8de, la Gr\u00e8ce et la R\u00e9publique tch\u00e8que) ou dans lesquels les fabricants de tabac ont r\u00e9alis\u00e9 d&rsquo;importants investissements dans la production, a bloqu\u00e9 cette initiative \u00e0 Gen\u00e8ve la semaine derni\u00e8re, malgr\u00e9 la <a href=\"https:\/\/clearingtheair.eu\/en\/post\/europe-agreed-not-to-ban-safer-nicotine-products-now-denmark-wants-to-ban-them-anyway\/\">pression intense exerc\u00e9e par la Commission et le gouvernement danois<\/a>, qui assure la pr\u00e9sidence tournante de l&rsquo;Union europ\u00e9enne.<\/p>\n\n<h3 class=\"wp-block-heading\"><strong>Les ventes en ligne transfrontali\u00e8res \u00e0 l&rsquo;honneur<\/strong><\/h3>\n\n<p>Les \u00c9tats membres qui souhaitent des interdictions veulent que l&rsquo;UE s&rsquo;inspire de politiques telles que l&rsquo;interdiction belge des produits jetables ou l&rsquo;<a href=\"https:\/\/clearingtheair.eu\/en\/post\/belgium-plans-sweeping-vape-flavour-ban-amid-policy-gridlock\/\">interdiction prochaine des ar\u00f4mes<\/a>. C&rsquo;est pourquoi, selon eux, les produits aromatis\u00e9s restent disponibles sur leurs march\u00e9s. La Commission europ\u00e9enne aimerait bien apporter son aide, mais elle a de plus en plus de mal \u00e0 trouver une majorit\u00e9 en faveur de l&rsquo;interdiction.<\/p>\n\n<p>Par cons\u00e9quent, les ventes en ligne feront l&rsquo;objet d&rsquo;une attention particuli\u00e8re lors du d\u00e9bat minist\u00e9riel. Plusieurs \u00c9tats membres ont d\u00e9j\u00e0 mis en \u0153uvre des mesures nationales pour lutter contre l&rsquo;augmentation de la d\u00e9pendance \u00e0 la nicotine chez les jeunes\u00a0\u00bb, peut-on lire dans le document, \u00ab\u00a0en introduisant des r\u00e8gles visant \u00e0 rendre les produits \u00e0 base de nicotine moins attrayants et moins accessibles pour les jeunes\u00a0\u00bb. Cependant, les initiatives nationales sont moins efficaces car la vente de tabac et de nicotine n&rsquo;est pas limit\u00e9e par les fronti\u00e8res. Ces produits sont facilement disponibles en ligne, ce qui sape les efforts nationaux visant \u00e0 limiter l&rsquo;exposition des enfants \u00e0 la nicotine\u00a0\u00bb. <\/p>\n\n<p>Les \u00c9tats membres ont d\u00e9j\u00e0 le pouvoir d&rsquo;interdire la vente en ligne de produits de vapotage sur leur territoire, et nombre d&rsquo;entre eux l&rsquo;ont fait.<\/p>\n\n<h3 class=\"wp-block-heading\"><strong>R\u00e9vision de la l\u00e9gislation europ\u00e9enne<\/strong><\/h3>\n\n<p>Ce d\u00e9jeuner marque un nouveau point d&rsquo;inflexion dans le long processus de r\u00e9vision de la l\u00e9gislation communautaire en mati\u00e8re de lutte antitabac.<\/p>\n\n<p>\u00ab\u00a0La Commission a r\u00e9cemment annonc\u00e9 qu&rsquo;une \u00e9valuation de la l\u00e9gislation relative \u00e0 la lutte antitabac sera publi\u00e9e au deuxi\u00e8me trimestre 2026\u00a0\u00bb, note le document. \u00ab\u00a0Le d\u00e9jeuner de travail permettra aux \u00c9tats membres d&rsquo;identifier les domaines prioritaires pour cette \u00e9valuation &#8211; en particulier, les mesures visant \u00e0 prot\u00e9ger les enfants et les adolescents des produits du tabac et de la nicotine nouveaux et \u00e9mergents et l&rsquo;examen de la mani\u00e8re dont une r\u00e9vision de la directive sur les produits du tabac (2014\/40\/UE) pourrait renforcer la capacit\u00e9 de l&rsquo;Europe \u00e0 pr\u00e9venir la d\u00e9pendance \u00e0 la nicotine chez les enfants et les adolescents\u00a0\u00bb. <\/p>\n\n<p><\/p>\n<div class=\"clear-after-content-2\" style=\"margin-top: 20px;margin-bottom: 20px;margin-left: auto;margin-right: auto;text-align: center;\" id=\"clear-1131387557\"><img src=\"https:\/\/clearingtheair.eu\/wp-content\/uploads\/2026\/04\/caafc5c68900198b80aee12c11b50184.avif\" alt=\"\"   style=\"display: inline-block;\" \/><\/div>","protected":false},"excerpt":{"rendered":"<p>Les ministres de la sant\u00e9 de l&rsquo;UE discuteront demain de nouvelles restrictions sur les \u00ab\u00a0nouveaux produits du tabac et de la nicotine\u00a0\u00bb lors d&rsquo;un d\u00e9jeuner \u00e0 huis clos, selon un document d&rsquo;information consult\u00e9 par Clearing the Air et publi\u00e9 ici (inscription obligatoire&hellip;<\/p>\n","protected":false},"author":990003,"featured_media":31731,"comment_status":"open","ping_status":"open","sticky":false,"template":"","format":"standard","meta":{"footnotes":""},"categories":[267,264],"tags":[381,409,505],"slider":[],"class_list":["post-31743","post","type-post","status-publish","format-standard","has-post-thumbnail","hentry","category-news","category-legislation","tag-nicotine-fr","tag-suede","tag-tchecoslovaquie"],"_links":{"self":[{"href":"https:\/\/clearingtheair.eu\/fr\/wp-json\/wp\/v2\/posts\/31743","targetHints":{"allow":["GET"]}}],"collection":[{"href":"https:\/\/clearingtheair.eu\/fr\/wp-json\/wp\/v2\/posts"}],"about":[{"href":"https:\/\/clearingtheair.eu\/fr\/wp-json\/wp\/v2\/types\/post"}],"author":[{"embeddable":true,"href":"https:\/\/clearingtheair.eu\/fr\/wp-json\/wp\/v2\/users\/990003"}],"replies":[{"embeddable":true,"href":"https:\/\/clearingtheair.eu\/fr\/wp-json\/wp\/v2\/comments?post=31743"}],"version-history":[{"count":4,"href":"https:\/\/clearingtheair.eu\/fr\/wp-json\/wp\/v2\/posts\/31743\/revisions"}],"predecessor-version":[{"id":31790,"href":"https:\/\/clearingtheair.eu\/fr\/wp-json\/wp\/v2\/posts\/31743\/revisions\/31790"}],"wp:featuredmedia":[{"embeddable":true,"href":"https:\/\/clearingtheair.eu\/fr\/wp-json\/wp\/v2\/media\/31731"}],"wp:attachment":[{"href":"https:\/\/clearingtheair.eu\/fr\/wp-json\/wp\/v2\/media?parent=31743"}],"wp:term":[{"taxonomy":"category","embeddable":true,"href":"https:\/\/clearingtheair.eu\/fr\/wp-json\/wp\/v2\/categories?post=31743"},{"taxonomy":"post_tag","embeddable":true,"href":"https:\/\/clearingtheair.eu\/fr\/wp-json\/wp\/v2\/tags?post=31743"},{"taxonomy":"slider","embeddable":true,"href":"https:\/\/clearingtheair.eu\/fr\/wp-json\/wp\/v2\/slider?post=31743"}],"curies":[{"name":"wp","href":"https:\/\/api.w.org\/{rel}","templated":true}]}}