{"id":32098,"date":"2025-12-11T11:04:25","date_gmt":"2025-12-11T11:04:25","guid":{"rendered":"https:\/\/clearingtheair.eu\/post\/shakira-de-love-island-revele-la-boite-a-vapeur-secrete-de-la-villa\/"},"modified":"2025-12-11T11:04:46","modified_gmt":"2025-12-11T11:04:46","slug":"shakira-de-love-island-revele-la-boite-a-vapeur-secrete-de-la-villa","status":"publish","type":"post","link":"https:\/\/clearingtheair.eu\/fr\/post\/shakira-de-love-island-revele-la-boite-a-vapeur-secrete-de-la-villa\/","title":{"rendered":"Shakira de Love Island r\u00e9v\u00e8le la \u00ab\u00a0bo\u00eete \u00e0 vapeur\u00a0\u00bb secr\u00e8te de la villa"},"content":{"rendered":"<div class=\"clear-before-content-2\" style=\"margin-top: 20px;margin-bottom: 20px;margin-left: auto;margin-right: auto;text-align: center;\" id=\"clear-723547137\"><img src=\"https:\/\/clearingtheair.eu\/wp-content\/uploads\/2026\/04\/caafc5c68900198b80aee12c11b50184.avif\" alt=\"\"   style=\"display: inline-block;\" \/><\/div>\n<p><strong>Shakira Khan, la star de Love Island, a r\u00e9v\u00e9l\u00e9 un d\u00e9tail de production longtemps gard\u00e9 secret \u00e0 l&rsquo;int\u00e9rieur de la villa : une \u00ab\u00a0bo\u00eete \u00e0 vape\u00a0\u00bb d\u00e9sign\u00e9e o\u00f9 les appareils des insulaires sont stock\u00e9s \u00e0 l&rsquo;abri des cam\u00e9ras.<\/strong><\/p>\n\n<p>La finaliste de 22 ans a partag\u00e9 l&rsquo;information lors d&rsquo;une s\u00e9ance de questions-r\u00e9ponses sur Instagram, lorsqu&rsquo;un fan lui a demand\u00e9 quel \u00e9tait son moment pr\u00e9f\u00e9r\u00e9 de l&rsquo;\u00e9mission. Shakira s&rsquo;est lanc\u00e9e dans une anecdote sur le fait d&rsquo;avoir cass\u00e9 la bo\u00eete \u00e0 vape originale de la villa avec son camarade Toni Laites. <\/p>\n\n<p>C&rsquo;est vraiment stupide\u00a0\u00bb, a-t-elle d\u00e9clar\u00e9, expliquant que l&rsquo;incident s&rsquo;\u00e9tait produit apr\u00e8s le d\u00e9sormais c\u00e9l\u00e8bre d\u00e9fi \u00ab\u00a0Superman\u00a0\u00bb. \u00ab\u00a0Tout le monde \u00e9tait en col\u00e8re, nous \u00e9tions tous furieux apr\u00e8s ce d\u00e9fi. Les gar\u00e7ons et les filles sont s\u00e9par\u00e9s, nous sommes dehors et il y a une bo\u00eete \u00e0 vape. Une bo\u00eete en polystyr\u00e8ne dans laquelle tout le monde met sa vape\u00a0\u00bb. <\/p>\n\n<p>Selon Shakira, Toni s&rsquo;est assis sur la bo\u00eete en faisant la grimace, ce qui a incit\u00e9 Shakira \u00e0 essayer de lui remonter le moral. Ce qui s&rsquo;ensuivit fut un accident de voiture. <\/p>\n\n<p>\u00ab\u00a0J&rsquo;ai fait semblant de grimper sur le dos de Toni avant qu&rsquo;elle ne m&rsquo;attire sur ses genoux. Personne d&rsquo;autre ne riait&#8230; L&rsquo;\u00e9quipe prenait des photos de la bo\u00eete bris\u00e9e et a d\u00fb en acheter une plus s\u00fbre.\u00a0\u00bb<\/p>\n\n<p>Shakira et son partenaire Harry Cooksley ont termin\u00e9 \u00e0 la deuxi\u00e8me place de la s\u00e9rie 2025, devan\u00e7ant de peu Toni et son partenaire Cach Mercer. Le couple est rest\u00e9 ensemble depuis qu&rsquo;il a quitt\u00e9 l&rsquo;\u00e9mission et a r\u00e9cemment confirm\u00e9 qu&rsquo;il emm\u00e9nageait ensemble. Interrog\u00e9e sur Instagram pour savoir si une cohabitation \u00e9tait envisag\u00e9e, Shakira a simplement partag\u00e9 une photo souriante et le mot \u00ab\u00a0yez\u00a0\u00bb.  <\/p>\n\n<h3 class=\"wp-block-heading\"><strong>Un rare aper\u00e7u des r\u00e8gles de vapotage de Love Island<\/strong><\/h3>\n\n<p>La r\u00e9v\u00e9lation de la \u00ab\u00a0vape box\u00a0\u00bb de Shakira met en lumi\u00e8re un syst\u00e8me que les t\u00e9l\u00e9spectateurs ne voient jamais. Depuis 2018, il est interdit de fumer et de vaper \u00e0 l&rsquo;\u00e9cran apr\u00e8s des ann\u00e9es de plaintes concernant l&rsquo;imagerie du tabac et de craintes que l&rsquo;\u00e9mission ne glorifie le tabagisme.   <\/p>\n\n<p>Les habitants de l&rsquo;\u00eele doivent d\u00e9sormais quitter la villa individuellement s&rsquo;ils veulent fumer, et la production veille \u00e0 ce que ces moments ne soient pas film\u00e9s.<\/p>\n\n<p>Au d\u00e9but de l&rsquo;ann\u00e9e, Olivia Hawkins et Marcel Sommerville, deux anciens candidats du concours All Stars, ont d\u00e9crit l&rsquo;<a href=\"https:\/\/clearingtheair.eu\/en\/post\/revealed-the-love-island-all-stars-2025-contestants-who-vape-in-the-villa\/\">ampleur du vapotage parmi les habitants de l&rsquo;\u00eele<\/a>, tout en soulignant qu&rsquo;il existe des contr\u00f4les stricts.<\/p>\n\n<p>Lors d&rsquo;une interview avec Kiss Fresh, Olivia a d\u00e9clar\u00e9 : \u00ab\u00a0Je pense que tout le monde vapote, \u00e0 peu pr\u00e8s tout le monde : \u00ab\u00a0Je pense que tout le monde vapote, \u00e0 peu pr\u00e8s tout le monde. \u00c0 part Ekin-Su\u00a0\u00bb. Marcel a ajout\u00e9 : \u00ab\u00a0\u00c0 part Olivia, tout le monde avait une vapoteuse\u00a0\u00bb. <\/p>\n\n<p>Tous deux ont d\u00e9clar\u00e9 que les r\u00e8gles interdisent aux candidats de commencer \u00e0 fumer ou \u00e0 vaper dans la villa. Si cela n&rsquo;est pas d\u00e9clar\u00e9 avant le tournage, la production ne fournira pas d&rsquo;appareil, m\u00eame dans les moments de stress. <\/p>\n\n<p>Olivia a expliqu\u00e9 : \u00ab\u00a0Si vous ne le d\u00e9clarez pas \u00e0 l&rsquo;avance, vous n&rsquo;aurez pas le droit de vaper&#8230; parce que cela donnera l&rsquo;impression que vous avez commenc\u00e9 \u00e0 vaper pendant l&rsquo;\u00e9mission\u00a0\u00bb. Marcel a sugg\u00e9r\u00e9 que de nombreux candidats se d\u00e9clarent \u00e0 l&rsquo;avance simplement pour s&rsquo;assurer de brefs moments de tranquillit\u00e9 en dehors de la villa : \u00ab\u00a0J&rsquo;ai l&rsquo;impression que tout le monde a dit qu&rsquo;il vapotait juste pour avoir cinq minutes de r\u00e9pit&#8230; pour se d\u00e9sintoxiquer et retourner dans la folie.\u00a0\u00bb <\/p>\n\n<h3 class=\"wp-block-heading\"><strong>Loin de l&rsquo;\u00e9poque o\u00f9 l&rsquo;on fumait dans Love Island<\/strong><\/h3>\n\n<p>Cette approche stricte contraste fortement avec les premi\u00e8res ann\u00e9es qui ont suivi la relance de la s\u00e9rie en 2015, lorsque les cigarettes apparaissaient fr\u00e9quemment \u00e0 l&rsquo;\u00e9cran et que des intrigues majeures se d\u00e9roulaient dans la zone fumeurs.  <\/p>\n\n<p>Des chercheurs ont par la suite constat\u00e9 que des images de tabac apparaissaient dans 20 % des minutes diffus\u00e9es au cours d&rsquo;une saison, ce qui a fait craindre que le programme n&rsquo;ait encourag\u00e9 les jeunes t\u00e9l\u00e9spectateurs \u00e0 commencer \u00e0 fumer.<\/p>\n\n<p>Plus de la moiti\u00e9 des plaintes de l&rsquo;Ofcom concernant Love Island cet \u00e9t\u00e9-l\u00e0 portaient sur le tabagisme. Le commissaire adjoint Paul Mortimer a d\u00e9clar\u00e9 par la suite que les sc\u00e8nes de tabagisme donnaient l&rsquo;impression que les cigarettes \u00e9taient glamour dans un \u00ab\u00a0environnement tr\u00e8s sexy\u00a0\u00bb, et les producteurs ont ensuite pris des mesures pour limiter l&rsquo;exposition au tabac \u00e0 l&rsquo;\u00e9cran. <\/p>\n\n<p>En 2018, le tabac et le vapotage ont \u00e9t\u00e9 totalement interdits dans les \u00e9missions, et les candidats ne pouvaient quitter la villa qu&rsquo;un par un afin d&rsquo;\u00e9viter que les fumeurs ne fument en soci\u00e9t\u00e9 ou que des conversations importantes ne se d\u00e9roulent en dehors des cam\u00e9ras.<\/p>\n\n<h3 class=\"wp-block-heading\"><strong>Une villa moderne avec des r\u00e8gles modernes<\/strong><\/h3>\n\n<p>L&rsquo;histoire de Shakira offre un rare aper\u00e7u de la mani\u00e8re dont ces politiques fonctionnent aujourd&rsquo;hui dans la pratique. Si les t\u00e9l\u00e9spectateurs ne voient plus de vapoteurs \u00e0 l&rsquo;\u00e9cran, les appareils font toujours partie de la vie de la villa, mais ils sont stock\u00e9s, contr\u00f4l\u00e9s et g\u00e9r\u00e9s par la production afin de respecter les directives de diffusion. <\/p>\n\n<p><\/p>\n<div class=\"clear-after-content-2\" style=\"margin-top: 20px;margin-bottom: 20px;margin-left: auto;margin-right: auto;text-align: center;\" id=\"clear-709546189\"><img src=\"https:\/\/clearingtheair.eu\/wp-content\/uploads\/2026\/04\/caafc5c68900198b80aee12c11b50184.avif\" alt=\"\"   style=\"display: inline-block;\" \/><\/div>","protected":false},"excerpt":{"rendered":"<p>Shakira Khan, la star de Love Island, a r\u00e9v\u00e9l\u00e9 un d\u00e9tail de production longtemps gard\u00e9 secret \u00e0 l&rsquo;int\u00e9rieur de la villa : une \u00ab\u00a0bo\u00eete \u00e0 vape\u00a0\u00bb d\u00e9sign\u00e9e o\u00f9 les appareils des insulaires sont stock\u00e9s \u00e0 l&rsquo;abri des cam\u00e9ras. La finaliste de 22&hellip;<\/p>\n","protected":false},"author":990005,"featured_media":32089,"comment_status":"open","ping_status":"open","sticky":false,"template":"","format":"standard","meta":{"footnotes":""},"categories":[267],"tags":[],"slider":[],"class_list":["post-32098","post","type-post","status-publish","format-standard","has-post-thumbnail","hentry","category-news"],"_links":{"self":[{"href":"https:\/\/clearingtheair.eu\/fr\/wp-json\/wp\/v2\/posts\/32098","targetHints":{"allow":["GET"]}}],"collection":[{"href":"https:\/\/clearingtheair.eu\/fr\/wp-json\/wp\/v2\/posts"}],"about":[{"href":"https:\/\/clearingtheair.eu\/fr\/wp-json\/wp\/v2\/types\/post"}],"author":[{"embeddable":true,"href":"https:\/\/clearingtheair.eu\/fr\/wp-json\/wp\/v2\/users\/990005"}],"replies":[{"embeddable":true,"href":"https:\/\/clearingtheair.eu\/fr\/wp-json\/wp\/v2\/comments?post=32098"}],"version-history":[{"count":1,"href":"https:\/\/clearingtheair.eu\/fr\/wp-json\/wp\/v2\/posts\/32098\/revisions"}],"predecessor-version":[{"id":32105,"href":"https:\/\/clearingtheair.eu\/fr\/wp-json\/wp\/v2\/posts\/32098\/revisions\/32105"}],"wp:featuredmedia":[{"embeddable":true,"href":"https:\/\/clearingtheair.eu\/fr\/wp-json\/wp\/v2\/media\/32089"}],"wp:attachment":[{"href":"https:\/\/clearingtheair.eu\/fr\/wp-json\/wp\/v2\/media?parent=32098"}],"wp:term":[{"taxonomy":"category","embeddable":true,"href":"https:\/\/clearingtheair.eu\/fr\/wp-json\/wp\/v2\/categories?post=32098"},{"taxonomy":"post_tag","embeddable":true,"href":"https:\/\/clearingtheair.eu\/fr\/wp-json\/wp\/v2\/tags?post=32098"},{"taxonomy":"slider","embeddable":true,"href":"https:\/\/clearingtheair.eu\/fr\/wp-json\/wp\/v2\/slider?post=32098"}],"curies":[{"name":"wp","href":"https:\/\/api.w.org\/{rel}","templated":true}]}}