{"id":34039,"date":"2026-02-10T09:28:21","date_gmt":"2026-02-10T09:28:21","guid":{"rendered":"https:\/\/clearingtheair.eu\/post\/la-reaction-de-lue-samplifie-face-aux-restrictions-imposees-par-lespagne-sur-les-sachets-de-nicotine\/"},"modified":"2026-02-10T09:28:40","modified_gmt":"2026-02-10T09:28:40","slug":"la-reaction-de-lue-samplifie-face-aux-restrictions-imposees-par-lespagne-sur-les-sachets-de-nicotine","status":"publish","type":"post","link":"https:\/\/clearingtheair.eu\/fr\/post\/la-reaction-de-lue-samplifie-face-aux-restrictions-imposees-par-lespagne-sur-les-sachets-de-nicotine\/","title":{"rendered":"La r\u00e9action de l&rsquo;UE s&rsquo;amplifie face aux restrictions impos\u00e9es par l&rsquo;Espagne sur les sachets de nicotine"},"content":{"rendered":"<div class=\"clear-before-content-2\" style=\"margin-top: 20px;margin-bottom: 20px;margin-left: auto;margin-right: auto;text-align: center;\" id=\"clear-2029061661\"><img src=\"https:\/\/clearingtheair.eu\/wp-content\/uploads\/2026\/04\/caafc5c68900198b80aee12c11b50184.avif\" alt=\"\"   style=\"display: inline-block;\" \/><\/div>\n<p><strong>Une coalition de plus en plus large d&rsquo;\u00c9tats membres de l&rsquo;UE s&rsquo;oppose au projet de l&rsquo;Espagne d&rsquo;imposer des restrictions radicales sur les sachets de nicotine et d&rsquo;autres produits antitabac, et met en garde Bruxelles contre l&rsquo;adoption de mesures similaires dans l&rsquo;ensemble de l&rsquo;Union.<\/strong><\/p>\n\n<p>Les derni\u00e8res objections visent la proposition actualis\u00e9e de Madrid et font suite \u00e0 une premi\u00e8re vague de r\u00e9sistance de la part de six gouvernements de l&rsquo;UE repr\u00e9sentant pr\u00e8s de 115 millions de citoyens.<\/p>\n\n<p>La notification de l&rsquo;Espagne en janvier 2025 a d\u00e9j\u00e0 fait l&rsquo;objet d&rsquo;<a href=\"https:\/\/clearingtheair.eu\/en\/post\/french-nicotine-pouch-ban-on-hold-amid-eu-backlash\/\">avis circonstanci\u00e9s<\/a> de la part de la Roumanie, de la Hongrie, de la Tch\u00e9quie, de la Gr\u00e8ce, de l&rsquo;Italie et de la Su\u00e8de, ce qui t\u00e9moigne d&rsquo;une grande inqui\u00e9tude au sein de l&rsquo;Union europ\u00e9enne quant \u00e0 l&rsquo;orientation de sa politique.<\/p>\n\n<p>Pris ensemble, ces deux \u00e9pisodes t\u00e9moignent d&rsquo;un malaise croissant face \u00e0 ce que les critiques d\u00e9crivent comme une r\u00e9glementation disproportionn\u00e9e et non scientifique des substituts de la nicotine plus s\u00fbrs.<\/p>\n\n<h3 class=\"wp-block-heading\"><strong>Saper la r\u00e9duction des dommages  <\/strong><\/h3>\n\n<p>Dans les deux cas, les gouvernements oppos\u00e9s ont fait savoir que l&rsquo;approche de l&rsquo;Espagne risquait de saper les strat\u00e9gies visant \u00e0 r\u00e9duire les dommages caus\u00e9s par le tabac, de fausser le march\u00e9 int\u00e9rieur de l&rsquo;UE et d&rsquo;ancrer le tabagisme en supprimant les options \u00e0 moindre risque pour les consommateurs adultes.<\/p>\n\n<p>Dans le cadre de la proc\u00e9dure TRIS (Technical Regulation Information System) de l&rsquo;UE, la pr\u00e9sentation d&rsquo;avis circonstanci\u00e9s exige du pays notifiant une r\u00e9ponse formelle et suspend le processus l\u00e9gislatif pendant l&rsquo;\u00e9valuation des pr\u00e9occupations.  <\/p>\n\n<p>Ce m\u00e9canisme vise \u00e0 pr\u00e9venir les entraves au commerce et \u00e0 garantir la compatibilit\u00e9 des mesures nationales avec les r\u00e8gles du march\u00e9 unique avant leur adoption.<\/p>\n\n<h3 class=\"wp-block-heading\"><strong>Une frustration croissante<\/strong><\/h3>\n\n<p>Le Dr Delon Human, dirigeant de <a href=\"https:\/\/smokefreesweden.org\" rel=\"nofollow noopener\" target=\"_blank\">Smoke Free Sweden<\/a> et ancien directeur g\u00e9n\u00e9ral de l&rsquo;Association m\u00e9dicale mondiale, a d\u00e9clar\u00e9 que les objections r\u00e9p\u00e9t\u00e9es refl\u00e8tent la frustration croissante face \u00e0 une l\u00e9gislation qui ne tient pas compte des preuves et des r\u00e9sultats obtenus dans le monde r\u00e9el.<\/p>\n\n<p>\u00ab\u00a0Les \u00c9tats membres se r\u00e9voltent clairement et de plus en plus contre les politiques erron\u00e9es, la d\u00e9sinformation et la mauvaise science\u00a0\u00bb, a d\u00e9clar\u00e9 M. Human.<\/p>\n\n<p>\u00ab\u00a0Lorsque les gouvernements de toute l&rsquo;Europe s&rsquo;opposent de mani\u00e8re r\u00e9p\u00e9t\u00e9e \u00e0 la m\u00eame approche restrictive, le message adress\u00e9 \u00e0 Bruxelles devrait \u00eatre sans \u00e9quivoque : la surench\u00e8re l\u00e9gislative en mati\u00e8re de produits \u00e0 base de nicotine plus s\u00fbre n&rsquo;est ni justifi\u00e9e ni durable\u00a0\u00bb.<\/p>\n\n<h3 class=\"wp-block-heading\"><strong>La r\u00e9p\u00e9tition des \u00e9checs politiques du pass\u00e9<\/strong><\/h3>\n\n<p>Il a averti que l&rsquo;exportation du mod\u00e8le contest\u00e9 de l&rsquo;Espagne dans la l\u00e9gislation europ\u00e9enne par le biais d&rsquo;une directive r\u00e9vis\u00e9e sur les produits du tabac r\u00e9p\u00e9terait les \u00e9checs des politiques pass\u00e9es.<\/p>\n\n<blockquote class=\"wp-block-quote is-layout-flow wp-block-quote-is-layout-flow\">\n<p>\u00ab\u00a0L&rsquo;Europe ne peut pas faire baisser les taux de tabagisme en prot\u00e9geant les cigarettes de la concurrence\u00a0\u00bb, a d\u00e9clar\u00e9 M. Human. \u00ab\u00a0La Commission devrait tenir compte de ces avertissements, respecter les r\u00e9ussites nationales comme celle de la Su\u00e8de et veiller \u00e0 ce que la l\u00e9gislation future soutienne la r\u00e9duction des risques. <\/p>\n<\/blockquote>\n\n<p>\u00ab\u00a0La Su\u00e8de est en passe de devenir le premier pays sans tabac d&rsquo;Europe en encourageant les fumeurs \u00e0 opter pour des substituts nicotiniques plus s\u00fbrs, tels que les sachets de nicotine. Les politiques qui suppriment ces options \u00e9prouv\u00e9es risquent d&rsquo;inverser les progr\u00e8s en mati\u00e8re de sant\u00e9 publique\u00a0\u00bb.<\/p>\n\n<p>En vertu de la l\u00e9gislation europ\u00e9enne, le d\u00e9p\u00f4t d&rsquo;avis circonstanci\u00e9s d\u00e9clenche des p\u00e9riodes de statu quo obligatoires, obligeant l&rsquo;Espagne \u00e0 r\u00e9pondre et soulignant la gravit\u00e9 des probl\u00e8mes soulev\u00e9s.<\/p>\n<div class=\"clear-after-content-2\" style=\"margin-top: 20px;margin-bottom: 20px;margin-left: auto;margin-right: auto;text-align: center;\" id=\"clear-2911410938\"><img src=\"https:\/\/clearingtheair.eu\/wp-content\/uploads\/2026\/04\/caafc5c68900198b80aee12c11b50184.avif\" alt=\"\"   style=\"display: inline-block;\" \/><\/div>","protected":false},"excerpt":{"rendered":"<p>Une coalition de plus en plus large d&rsquo;\u00c9tats membres de l&rsquo;UE s&rsquo;oppose au projet de l&rsquo;Espagne d&rsquo;imposer des restrictions radicales sur les sachets de nicotine et d&rsquo;autres produits antitabac, et met en garde Bruxelles contre l&rsquo;adoption de mesures similaires dans l&rsquo;ensemble de&hellip;<\/p>\n","protected":false},"author":990005,"featured_media":34030,"comment_status":"open","ping_status":"open","sticky":false,"template":"","format":"standard","meta":{"footnotes":""},"categories":[267],"tags":[543,436,381,537,409],"slider":[],"class_list":["post-34039","post","type-post","status-publish","format-standard","has-post-thumbnail","hentry","category-news","tag-hongrie","tag-italy-fr","tag-nicotine-fr","tag-spain-fr","tag-suede"],"_links":{"self":[{"href":"https:\/\/clearingtheair.eu\/fr\/wp-json\/wp\/v2\/posts\/34039","targetHints":{"allow":["GET"]}}],"collection":[{"href":"https:\/\/clearingtheair.eu\/fr\/wp-json\/wp\/v2\/posts"}],"about":[{"href":"https:\/\/clearingtheair.eu\/fr\/wp-json\/wp\/v2\/types\/post"}],"author":[{"embeddable":true,"href":"https:\/\/clearingtheair.eu\/fr\/wp-json\/wp\/v2\/users\/990005"}],"replies":[{"embeddable":true,"href":"https:\/\/clearingtheair.eu\/fr\/wp-json\/wp\/v2\/comments?post=34039"}],"version-history":[{"count":1,"href":"https:\/\/clearingtheair.eu\/fr\/wp-json\/wp\/v2\/posts\/34039\/revisions"}],"predecessor-version":[{"id":34049,"href":"https:\/\/clearingtheair.eu\/fr\/wp-json\/wp\/v2\/posts\/34039\/revisions\/34049"}],"wp:featuredmedia":[{"embeddable":true,"href":"https:\/\/clearingtheair.eu\/fr\/wp-json\/wp\/v2\/media\/34030"}],"wp:attachment":[{"href":"https:\/\/clearingtheair.eu\/fr\/wp-json\/wp\/v2\/media?parent=34039"}],"wp:term":[{"taxonomy":"category","embeddable":true,"href":"https:\/\/clearingtheair.eu\/fr\/wp-json\/wp\/v2\/categories?post=34039"},{"taxonomy":"post_tag","embeddable":true,"href":"https:\/\/clearingtheair.eu\/fr\/wp-json\/wp\/v2\/tags?post=34039"},{"taxonomy":"slider","embeddable":true,"href":"https:\/\/clearingtheair.eu\/fr\/wp-json\/wp\/v2\/slider?post=34039"}],"curies":[{"name":"wp","href":"https:\/\/api.w.org\/{rel}","templated":true}]}}