{"id":34998,"date":"2026-03-06T09:59:58","date_gmt":"2026-03-06T09:59:58","guid":{"rendered":"https:\/\/clearingtheair.eu\/post\/lirlande-envisage-de-renforcer-les-regles-relatives-a-la-vape-et-de-reglementer-les-sachets-de-nicotine-dans-un-nouveau-projet-de-loi\/"},"modified":"2026-03-06T10:01:07","modified_gmt":"2026-03-06T10:01:07","slug":"lirlande-envisage-de-renforcer-les-regles-relatives-a-la-vape-et-de-reglementer-les-sachets-de-nicotine-dans-un-nouveau-projet-de-loi","status":"publish","type":"post","link":"https:\/\/clearingtheair.eu\/fr\/post\/lirlande-envisage-de-renforcer-les-regles-relatives-a-la-vape-et-de-reglementer-les-sachets-de-nicotine-dans-un-nouveau-projet-de-loi\/","title":{"rendered":"L&rsquo;Irlande envisage de renforcer les r\u00e8gles relatives \u00e0 la vape et de r\u00e9glementer les sachets de nicotine dans un nouveau projet de loi"},"content":{"rendered":"<div class=\"clear-before-content-2\" style=\"margin-top: 20px;margin-bottom: 20px;margin-left: auto;margin-right: auto;text-align: center;\" id=\"clear-3024252718\"><img src=\"https:\/\/clearingtheair.eu\/wp-content\/uploads\/2026\/04\/caafc5c68900198b80aee12c11b50184.avif\" alt=\"\"   style=\"display: inline-block;\" \/><\/div>\n<p><strong>Le gouvernement irlandais a approuv\u00e9 une nouvelle l\u00e9gislation visant \u00e0 renforcer les r\u00e8gles sur les vapes et \u00e0 r\u00e9glementer les sachets de nicotine, alors que les ministres s&rsquo;appr\u00eatent \u00e0 mettre en place un ensemble plus large de mesures de contr\u00f4le de la nicotine.<\/strong><\/p>\n\n<p>Le <a href=\"https:\/\/www.gov.ie\/en\/department-of-health\/press-releases\/ministers-announce-government-approval-of-proposals-for-further-regulation-of-nicotine-products\/\" rel=\"nofollow noopener\" target=\"_blank\">projet de loi 2026 sur la<\/a> sant\u00e9 publique (produits du tabac et produits d&rsquo;inhalation de la nicotine) (amendement) a \u00e9t\u00e9 approuv\u00e9 pour publication et va maintenant avancer dans le processus l\u00e9gislatif.<\/p>\n\n<p>Annonc\u00e9 par la ministre de la sant\u00e9, Jennifer Carroll MacNeill, et la ministre de la sant\u00e9 publique, du bien-\u00eatre et de la strat\u00e9gie nationale antidrogue, Jennifer Murnane O&rsquo;Connor, le projet de loi vise \u00e0 r\u00e9glementer davantage les produits d&rsquo;inhalation de nicotine tout en introduisant de nouvelles mesures concernant les nouveaux produits \u00e0 base de nicotine, tels que les sachets.<\/p>\n\n<p>La l\u00e9gislation introduirait plusieurs nouvelles restrictions sur le march\u00e9, notamment pour :<\/p>\n\n<ul class=\"wp-block-list\">\n<li>Interdire la vente de produits de consommation de nicotine, tels que les sachets, aux personnes de moins de 18 ans<\/li>\n\n\n\n<li>Interdire la publicit\u00e9 pour les produits d&rsquo;inhalation de nicotine et les autres produits de consommation de nicotine dans les points de vente.<\/li>\n\n\n\n<li>Interdire les \u00e9talages sur le lieu de vente dans les points de vente mixtes<\/li>\n\n\n\n<li>Limiter les couleurs et l&rsquo;imagerie sur les appareils et les emballages<\/li>\n\n\n\n<li>Interdire les dispositifs ressemblant \u00e0 des jouets ou \u00e0 des jeux ou fonctionnant comme tels<\/li>\n\n\n\n<li>Interdire les descripteurs d&rsquo;ar\u00f4mes au-del\u00e0 des noms d&rsquo;ar\u00f4mes de base<\/li>\n\n\n\n<li>Limiter les ar\u00f4mes des produits d&rsquo;inhalation de nicotine au tabac<\/li>\n<\/ul>\n\n<p>Le gouvernement affirme que la l\u00e9gislation est con\u00e7ue pour couvrir \u00e0 la fois les produits actuels et les futurs produits \u00e0 base de nicotine qui pourraient voir le jour.<\/p>\n\n<p>\u00ab\u00a0L&rsquo;inclusion d&rsquo;une l\u00e9gislation sur les nouveaux produits \u00e0 base de nicotine est con\u00e7ue pour \u00eatre \u00e0 l&rsquo;\u00e9preuve du temps ; elle s&rsquo;appliquera non seulement aux produits actuellement sur le march\u00e9, mais aussi \u00e0 tous les nouveaux produits \u00e0 base de nicotine qui appara\u00eetront, garantissant que des mesures de base pour prot\u00e9ger les enfants seront en place \u00e0 mesure que le march\u00e9 \u00e9voluera\u00a0\u00bb, a d\u00e9clar\u00e9 le minist\u00e8re de la sant\u00e9.<\/p>\n\n<h3 class=\"wp-block-heading\"><strong>Les mesures r\u00e9duiront l&rsquo;attrait et la visibilit\u00e9<\/strong><\/h3>\n\n<p>La ministre de la sant\u00e9, Jennifer Carroll MacNeill, a d\u00e9clar\u00e9 que le projet de loi \u00e9largissait le cadre irlandais de contr\u00f4le de la nicotine.<\/p>\n\n<p>\u00ab\u00a0Ce projet de loi renforcera et \u00e9tendra la l\u00e9gislation existante sur les produits d&rsquo;inhalation de nicotine en r\u00e9duisant leur attrait, leur visibilit\u00e9 et leur accessibilit\u00e9. Il interdira \u00e9galement la vente aux mineurs des produits r\u00e9cr\u00e9atifs \u00e0 base de nicotine, actuels et futurs, et r\u00e9duira leur visibilit\u00e9 dans les points de vente\u00a0\u00bb.  <\/p>\n\n<p>Elle a ajout\u00e9 que cette l\u00e9gislation s&rsquo;inscrivait dans une strat\u00e9gie plus large visant \u00e0 limiter la promotion et la disponibilit\u00e9 des produits \u00e0 base de nicotine.<\/p>\n\n<p>\u00ab\u00a0Ces lois constituent un ensemble complet de mesures visant \u00e0 limiter la promotion et la vente de ces produits qui cr\u00e9ent une d\u00e9pendance. Elles illustrent \u00e9galement le r\u00f4le de premier plan que continue de jouer l&rsquo;Irlande dans la lutte contre le tabagisme et la nicotine, dans le cadre des efforts d\u00e9ploy\u00e9s pour aider et prot\u00e9ger notre population afin qu&rsquo;elle m\u00e8ne une vie plus saine.\u00a0\u00bb<\/p>\n\n<h3 class=\"wp-block-heading\"><strong>Se concentrer sur les produits \u00e9mergents tels que les sachets<\/strong><\/h3>\n\n<p>La ministre de la sant\u00e9 publique, Jennifer Murnane O&rsquo;Connor, a d\u00e9clar\u00e9 que le projet de loi visait \u00e0 prendre en compte les nouveaux produits \u00e0 base de nicotine qui arrivent sur le march\u00e9.<\/p>\n\n<p>\u00ab\u00a0Je me r\u00e9jouis que le gouvernement ait approuv\u00e9 la mise en \u0153uvre de ces importantes mesures de sant\u00e9 publique\u00a0\u00bb, a-t-elle d\u00e9clar\u00e9. \u00ab\u00a0Je me f\u00e9licite en particulier de l&rsquo;approche adopt\u00e9e pour les nouveaux produits tels que les sachets de nicotine, qui permettra de ne pas avoir \u00e0 \u00e9laborer une nouvelle loi pour prot\u00e9ger nos enfants \u00e0 chaque fois qu&rsquo;un nouveau produit arrive sur le march\u00e9. <\/p>\n\n<p>Elle a \u00e9galement mis en garde contre ce que le gouvernement consid\u00e8re comme une pression croissante du marketing.<\/p>\n\n<p>\u00ab\u00a0Nous sommes confront\u00e9s \u00e0 une industrie de plus en plus agressive qui commercialise des produits addictifs emball\u00e9s de mani\u00e8re attrayante et qui attirent les enfants. Nous r\u00e9agissons fermement en adoptant des mesures qui prot\u00e9geront nos jeunes contre les menaces actuelles et futures\u00a0\u00bb.<\/p>\n\n<h3 class=\"wp-block-heading\"><strong>Dans le cadre d&rsquo;une vaste campagne de lutte contre la nicotine<\/strong><\/h3>\n\n<p>Le nouveau projet de loi d&rsquo;amendement vient s&rsquo;ajouter \u00e0 d&rsquo;autres mesures d\u00e9j\u00e0 en cours d&rsquo;examen par le parlement irlandais.<\/p>\n\n<p>\u00ab\u00a0Ce projet de loi compl\u00e8te la l\u00e9gislation d\u00e9j\u00e0 en cours visant \u00e0 interdire les vapes \u00e0 usage unique, et je suis tr\u00e8s heureuse de pr\u00e9senter le projet de loi sur la sant\u00e9 publique (vapes \u00e0 usage unique) \u00e0 la commission et \u00e0 toutes les \u00e9tapes restantes au D\u00e1il ce soir\u00a0\u00bb, a d\u00e9clar\u00e9 Murnane O&rsquo;Connor.<\/p>\n\n<p>Elle a ajout\u00e9 : \u00ab\u00a0Je me r\u00e9jouis de travailler avec la ministre Carroll MacNeill pour mettre en \u0153uvre ces mesures d\u00e8s que possible\u00a0\u00bb.<\/p>\n\n<p>Si elle est adopt\u00e9e, cette l\u00e9gislation constituera l&rsquo;une des mises \u00e0 jour les plus compl\u00e8tes des r\u00e8gles irlandaises en mati\u00e8re de nicotine au cours de ces derni\u00e8res ann\u00e9es, en \u00e9tendant la r\u00e9glementation au-del\u00e0 des vapes pour couvrir les nouveaux produits \u00e0 base de nicotine, tels que les sachets, et les futures alternatives qui arriveront sur le march\u00e9.<\/p>\n\n<p>La l\u00e9gislation s&rsquo;inscrit \u00e9galement dans le cadre d&rsquo;un d\u00e9bat plus large sur la r\u00e9glementation de la nicotine en Europe, apr\u00e8s que le directeur de l&rsquo;Organisation mondiale de la sant\u00e9 <a href=\"https:\/\/clearingtheair.eu\/en\/post\/who-chief-urges-ireland-to-close-eu-nicotine-loopholes-ahead-of-presidency\/\">a exhort\u00e9 l&rsquo;Irlande<\/a> \u00e0 faire pression en faveur d&rsquo;une r\u00e9glementation europ\u00e9enne plus stricte sur les vapes et les sachets de nicotine au cours de sa prochaine pr\u00e9sidence de l&rsquo;UE.<\/p>\n\n<p><\/p>\n<div class=\"clear-after-content-2\" style=\"margin-top: 20px;margin-bottom: 20px;margin-left: auto;margin-right: auto;text-align: center;\" id=\"clear-527330589\"><img src=\"https:\/\/clearingtheair.eu\/wp-content\/uploads\/2026\/04\/caafc5c68900198b80aee12c11b50184.avif\" alt=\"\"   style=\"display: inline-block;\" \/><\/div>","protected":false},"excerpt":{"rendered":"<p>Le gouvernement irlandais a approuv\u00e9 une nouvelle l\u00e9gislation visant \u00e0 renforcer les r\u00e8gles sur les vapes et \u00e0 r\u00e9glementer les sachets de nicotine, alors que les ministres s&rsquo;appr\u00eatent \u00e0 mettre en place un ensemble plus large de mesures de contr\u00f4le de la&hellip;<\/p>\n","protected":false},"author":990005,"featured_media":34968,"comment_status":"open","ping_status":"open","sticky":false,"template":"","format":"standard","meta":{"footnotes":""},"categories":[267],"tags":[403,381],"slider":[],"class_list":["post-34998","post","type-post","status-publish","format-standard","has-post-thumbnail","hentry","category-news","tag-ireland-fr","tag-nicotine-fr"],"_links":{"self":[{"href":"https:\/\/clearingtheair.eu\/fr\/wp-json\/wp\/v2\/posts\/34998","targetHints":{"allow":["GET"]}}],"collection":[{"href":"https:\/\/clearingtheair.eu\/fr\/wp-json\/wp\/v2\/posts"}],"about":[{"href":"https:\/\/clearingtheair.eu\/fr\/wp-json\/wp\/v2\/types\/post"}],"author":[{"embeddable":true,"href":"https:\/\/clearingtheair.eu\/fr\/wp-json\/wp\/v2\/users\/990005"}],"replies":[{"embeddable":true,"href":"https:\/\/clearingtheair.eu\/fr\/wp-json\/wp\/v2\/comments?post=34998"}],"version-history":[{"count":1,"href":"https:\/\/clearingtheair.eu\/fr\/wp-json\/wp\/v2\/posts\/34998\/revisions"}],"predecessor-version":[{"id":35005,"href":"https:\/\/clearingtheair.eu\/fr\/wp-json\/wp\/v2\/posts\/34998\/revisions\/35005"}],"wp:featuredmedia":[{"embeddable":true,"href":"https:\/\/clearingtheair.eu\/fr\/wp-json\/wp\/v2\/media\/34968"}],"wp:attachment":[{"href":"https:\/\/clearingtheair.eu\/fr\/wp-json\/wp\/v2\/media?parent=34998"}],"wp:term":[{"taxonomy":"category","embeddable":true,"href":"https:\/\/clearingtheair.eu\/fr\/wp-json\/wp\/v2\/categories?post=34998"},{"taxonomy":"post_tag","embeddable":true,"href":"https:\/\/clearingtheair.eu\/fr\/wp-json\/wp\/v2\/tags?post=34998"},{"taxonomy":"slider","embeddable":true,"href":"https:\/\/clearingtheair.eu\/fr\/wp-json\/wp\/v2\/slider?post=34998"}],"curies":[{"name":"wp","href":"https:\/\/api.w.org\/{rel}","templated":true}]}}