{"id":35495,"date":"2026-03-25T10:59:34","date_gmt":"2026-03-25T10:59:34","guid":{"rendered":"https:\/\/clearingtheair.eu\/post\/un-depute-suedois-met-en-garde-lue-contre-une-remise-en-cause-de-lapproche-nationale-en-matiere-de-reduction-des-risques\/"},"modified":"2026-03-25T10:59:56","modified_gmt":"2026-03-25T10:59:56","slug":"un-depute-suedois-met-en-garde-lue-contre-une-remise-en-cause-de-lapproche-nationale-en-matiere-de-reduction-des-risques","status":"publish","type":"post","link":"https:\/\/clearingtheair.eu\/fr\/post\/un-depute-suedois-met-en-garde-lue-contre-une-remise-en-cause-de-lapproche-nationale-en-matiere-de-reduction-des-risques\/","title":{"rendered":"Un d\u00e9put\u00e9 su\u00e9dois met en garde l&rsquo;UE contre une remise en cause de l&rsquo;approche nationale en mati\u00e8re de r\u00e9duction des risques"},"content":{"rendered":"<div class=\"clear-before-content-2\" style=\"margin-top: 20px;margin-bottom: 20px;margin-left: auto;margin-right: auto;text-align: center;\" id=\"clear-792256741\"><img src=\"https:\/\/clearingtheair.eu\/wp-content\/uploads\/2026\/04\/caafc5c68900198b80aee12c11b50184.avif\" alt=\"\"   style=\"display: inline-block;\" \/><\/div>\n<p><strong>Un membre su\u00e9dois du Parlement europ\u00e9en a exhort\u00e9 la Commission europ\u00e9enne \u00e0 ne pas affaiblir l&rsquo;acc\u00e8s aux alternatives plus s\u00fbres \u00e0 la nicotine, alors que le d\u00e9bat s&rsquo;intensifie sur les futures r\u00e8gles de l&rsquo;UE concernant les produits du tabac et de la nicotine.<\/strong><\/p>\n\n<p>Jessica Polfj\u00e4rd (PPE, Su\u00e8de) a soumis une <a href=\"https:\/\/www.europarl.europa.eu\/doceo\/document\/E-10-2026-000910_EN.html\" rel=\"nofollow noopener\" target=\"_blank\">question \u00e9crite formelle<\/a> \u00e0 la Commission lui demandant comment elle s&rsquo;assurera que les prochaines r\u00e9visions de la directive sur les produits du tabac ne restreignent pas l&rsquo;approche adopt\u00e9e de longue date par la Su\u00e8de pour r\u00e9duire le tabagisme.<\/p>\n\n<p>Son intervention intervient alors que l&rsquo;UE envisage des modifications qui pourraient affecter des produits tels que les sachets de nicotine et d&rsquo;autres solutions antitabac.<\/p>\n\n<h3 class=\"wp-block-heading\"><strong>L&rsquo;approche de la Su\u00e8de sous la loupe<\/strong><\/h3>\n\n<p>La Su\u00e8de jouit d&rsquo;une position unique au sein de l&rsquo;UE, avec une exemption de longue date autorisant la vente de snus. M. Polfj\u00e4rd a soulign\u00e9 que cette exemption faisait partie de l&rsquo;accord d&rsquo;adh\u00e9sion de la Su\u00e8de \u00e0 l&rsquo;Union europ\u00e9enne et qu&rsquo;elle a jou\u00e9 un r\u00f4le dans les efforts d\u00e9ploy\u00e9s par le pays pour r\u00e9duire le tabagisme. <\/p>\n\n<p>Elle a \u00e9galement soulign\u00e9 l&rsquo;\u00e9mergence des sachets de nicotine en tant qu&rsquo;\u00e9volution sans tabac du snus traditionnel, ce qui soul\u00e8ve des questions quant \u00e0 la mani\u00e8re dont la future r\u00e9glementation pourrait influer sur leur disponibilit\u00e9.<\/p>\n\n<p>Cette d\u00e9cision refl\u00e8te des pr\u00e9occupations plus g\u00e9n\u00e9rales selon lesquelles des changements au niveau de l&rsquo;UE pourraient affecter les approches nationales en mati\u00e8re de r\u00e9duction des effets nocifs du tabac.<\/p>\n\n<h3 class=\"wp-block-heading\"><strong>Baisse du taux de tabagisme<\/strong><\/h3>\n\n<p>La Su\u00e8de a ramen\u00e9 la pr\u00e9valence du tabagisme chez les adultes juste au-dessus du seuil \u00ab\u00a0sans tabac\u00a0\u00bb de 5 %, soit l&rsquo;un des taux les plus bas d&rsquo;Europe.<\/p>\n\n<p>Les d\u00e9fenseurs du mod\u00e8le su\u00e9dois affirment que ces progr\u00e8s ont \u00e9t\u00e9 r\u00e9alis\u00e9s en permettant aux fumeurs d&rsquo;avoir acc\u00e8s \u00e0 des alternatives aux cigarettes.<\/p>\n\n<p>Le Dr Delon Human, responsable de Smoke Free Sweden, a d\u00e9clar\u00e9 : \u00ab\u00a0Le mod\u00e8le su\u00e9dois de r\u00e9duction des risques a permis de ramener les taux de tabagisme au niveau le plus bas d&rsquo;Europe et de produire les taux les plus bas de maladies li\u00e9es au tabac sur le continent.<\/p>\n\n<p>Il a ajout\u00e9 : \u00ab\u00a0Depuis des d\u00e9cennies, la Su\u00e8de montre que lorsqu&rsquo;on propose aux fumeurs des alternatives pratiques telles que le snus, nombre d&rsquo;entre eux changent d&rsquo;avis\u00a0\u00bb.<\/p>\n\n<h3 class=\"wp-block-heading\"><strong>D\u00e9bat sur la r\u00e9glementation de l&rsquo;UE<\/strong><\/h3>\n\n<p>La question pos\u00e9e par M. Polfj\u00e4rd \u00e0 la Commission porte sur la mani\u00e8re dont celle-ci veillera \u00e0 ce que les nouvelles r\u00e8gles de l&rsquo;UE ne portent pas atteinte au mod\u00e8le su\u00e9dois ou \u00e0 l&rsquo;esprit de son exemption. M. Human a pr\u00e9venu que la future politique devrait tenir compte des diff\u00e9rences de risque entre les produits. <\/p>\n\n<p>\u00ab\u00a0Les politiques qui ne reconnaissent pas la grande diff\u00e9rence de risque entre les cigarettes et les alternatives sans fum\u00e9e ralentiront les progr\u00e8s dans la lutte contre le tabagisme\u00a0\u00bb, a-t-il d\u00e9clar\u00e9.<\/p>\n\n<blockquote class=\"wp-block-quote is-layout-flow wp-block-quote-is-layout-flow\">\n<p>\u00ab\u00a0Le mod\u00e8le su\u00e9dois prouve que la r\u00e9duction des risques fonctionne et doit \u00eatre prot\u00e9g\u00e9.<\/p>\n<\/blockquote>\n\n<p>Ce d\u00e9bat s&rsquo;inscrit dans un contexte d&rsquo;inqui\u00e9tude g\u00e9n\u00e9rale concernant les projets de l&rsquo;UE visant \u00e0 augmenter les taxes sur les produits \u00e0 base de nicotine moins nocifs, notamment les vapes et les sachets de nicotine.  <\/p>\n\n<p>Au d\u00e9but de l&rsquo;ann\u00e9e, <a href=\"https:\/\/clearingtheair.eu\/en\/post\/consumers-urge-sweden-to-veto-eu-tobacco-tax\/\">des groupes de consommateurs ont averti<\/a> que les modifications propos\u00e9es \u00e0 la directive sur les accises sur le tabac pourraient entra\u00eener une augmentation significative des prix de ces produits dans l&rsquo;ensemble de l&rsquo;Union europ\u00e9enne, les rapprochant ainsi des cigarettes.<\/p>\n\n<p>Dans une lettre ouverte adress\u00e9e au gouvernement su\u00e9dois, des organisations repr\u00e9sentant les utilisateurs d&rsquo;alternatives plus s\u00fbres ont affirm\u00e9 que les propositions risquaient de saper les efforts de r\u00e9duction des risques.<\/p>\n\n<p>Ils ont mis en garde contre le fait que des taxes plus \u00e9lev\u00e9es sur les produits \u00e0 faible risque pourraient r\u00e9duire les incitations des fumeurs \u00e0 passer \u00e0 d&rsquo;autres produits, et potentiellement pousser les consommateurs vers les march\u00e9s illicites plut\u00f4t que vers des alternatives r\u00e9glement\u00e9es.<\/p>\n<div class=\"clear-after-content-2\" style=\"margin-top: 20px;margin-bottom: 20px;margin-left: auto;margin-right: auto;text-align: center;\" id=\"clear-626956828\"><img src=\"https:\/\/clearingtheair.eu\/wp-content\/uploads\/2026\/04\/caafc5c68900198b80aee12c11b50184.avif\" alt=\"\"   style=\"display: inline-block;\" \/><\/div>","protected":false},"excerpt":{"rendered":"<p>Un membre su\u00e9dois du Parlement europ\u00e9en a exhort\u00e9 la Commission europ\u00e9enne \u00e0 ne pas affaiblir l&rsquo;acc\u00e8s aux alternatives plus s\u00fbres \u00e0 la nicotine, alors que le d\u00e9bat s&rsquo;intensifie sur les futures r\u00e8gles de l&rsquo;UE concernant les produits du tabac et de la&hellip;<\/p>\n","protected":false},"author":990005,"featured_media":35486,"comment_status":"open","ping_status":"open","sticky":false,"template":"","format":"standard","meta":{"footnotes":""},"categories":[267],"tags":[381,434,409],"slider":[],"class_list":["post-35495","post","type-post","status-publish","format-standard","has-post-thumbnail","hentry","category-news","tag-nicotine-fr","tag-reduction-des-dommages","tag-suede"],"_links":{"self":[{"href":"https:\/\/clearingtheair.eu\/fr\/wp-json\/wp\/v2\/posts\/35495","targetHints":{"allow":["GET"]}}],"collection":[{"href":"https:\/\/clearingtheair.eu\/fr\/wp-json\/wp\/v2\/posts"}],"about":[{"href":"https:\/\/clearingtheair.eu\/fr\/wp-json\/wp\/v2\/types\/post"}],"author":[{"embeddable":true,"href":"https:\/\/clearingtheair.eu\/fr\/wp-json\/wp\/v2\/users\/990005"}],"replies":[{"embeddable":true,"href":"https:\/\/clearingtheair.eu\/fr\/wp-json\/wp\/v2\/comments?post=35495"}],"version-history":[{"count":1,"href":"https:\/\/clearingtheair.eu\/fr\/wp-json\/wp\/v2\/posts\/35495\/revisions"}],"predecessor-version":[{"id":35507,"href":"https:\/\/clearingtheair.eu\/fr\/wp-json\/wp\/v2\/posts\/35495\/revisions\/35507"}],"wp:featuredmedia":[{"embeddable":true,"href":"https:\/\/clearingtheair.eu\/fr\/wp-json\/wp\/v2\/media\/35486"}],"wp:attachment":[{"href":"https:\/\/clearingtheair.eu\/fr\/wp-json\/wp\/v2\/media?parent=35495"}],"wp:term":[{"taxonomy":"category","embeddable":true,"href":"https:\/\/clearingtheair.eu\/fr\/wp-json\/wp\/v2\/categories?post=35495"},{"taxonomy":"post_tag","embeddable":true,"href":"https:\/\/clearingtheair.eu\/fr\/wp-json\/wp\/v2\/tags?post=35495"},{"taxonomy":"slider","embeddable":true,"href":"https:\/\/clearingtheair.eu\/fr\/wp-json\/wp\/v2\/slider?post=35495"}],"curies":[{"name":"wp","href":"https:\/\/api.w.org\/{rel}","templated":true}]}}