{"id":35607,"date":"2026-03-31T08:52:01","date_gmt":"2026-03-31T08:52:01","guid":{"rendered":"https:\/\/clearingtheair.eu\/post\/la-belgique-fait-pression-sur-lue-pour-obtenir-des-regles-plus-strictes-en-matiere-de-vape-alors-quun-ministre-met-en-garde-contre-une-epidemie\/"},"modified":"2026-03-31T08:52:55","modified_gmt":"2026-03-31T08:52:55","slug":"la-belgique-fait-pression-sur-lue-pour-obtenir-des-regles-plus-strictes-en-matiere-de-vape-alors-quun-ministre-met-en-garde-contre-une-epidemie","status":"publish","type":"post","link":"https:\/\/clearingtheair.eu\/fr\/post\/la-belgique-fait-pression-sur-lue-pour-obtenir-des-regles-plus-strictes-en-matiere-de-vape-alors-quun-ministre-met-en-garde-contre-une-epidemie\/","title":{"rendered":"La Belgique fait pression sur l&rsquo;UE pour obtenir des r\u00e8gles plus strictes en mati\u00e8re de vape, alors qu&rsquo;un ministre met en garde contre une \u00ab\u00a0\u00e9pid\u00e9mie\u00a0\u00bb."},"content":{"rendered":"<div class=\"clear-before-content-2\" style=\"margin-top: 20px;margin-bottom: 20px;margin-left: auto;margin-right: auto;text-align: center;\" id=\"clear-2878586225\"><img src=\"https:\/\/clearingtheair.eu\/wp-content\/uploads\/2026\/04\/caafc5c68900198b80aee12c11b50184.avif\" alt=\"\"   style=\"display: inline-block;\" \/><\/div>\n<p><strong>Le ministre belge de la sant\u00e9 a exhort\u00e9 l&rsquo;Union europ\u00e9enne \u00e0 renforcer les r\u00e8gles concernant les vapes, en avertissant que leur utilisation est en train de devenir une \u00ab\u00a0\u00e9pid\u00e9mie\u00a0\u00bb et en appelant \u00e0 une r\u00e9pression \u00e0 l&rsquo;\u00e9chelle de l&rsquo;Union.<\/strong><\/p>\n\n<p>Lors d&rsquo;une visite de Michael McGrath \u00e0 Sciensano, l&rsquo;institut belge de sant\u00e9 publique \u00e0 Bruxelles, Frank Vandenbroucke a d\u00e9clar\u00e9 que le vapotage se d\u00e9veloppe rapidement chez les jeunes et a accus\u00e9 l&rsquo;industrie de cibler les mineurs.<\/p>\n\n<p>Il a averti que les vapes contiennent des \u00ab\u00a0milliers d&rsquo;ingr\u00e9dients\u00a0\u00bb, notamment des m\u00e9taux et des compos\u00e9s chimiques form\u00e9s sous l&rsquo;effet de la chaleur, qui, selon lui, peuvent pr\u00e9senter des risques pour la sant\u00e9.<\/p>\n\n<h3 class=\"wp-block-heading\"><strong>Appel \u00e0 une r\u00e9pression \u00e0 l&rsquo;\u00e9chelle de l&rsquo;UE<\/strong><\/h3>\n\n<p>M. Vandenbroucke demande \u00e0 l&rsquo;UE d&rsquo;introduire des limites plus strictes sur les substances autoris\u00e9es dans les produits de vapotage, ainsi qu&rsquo;une interdiction des dispositifs jetables dans l&rsquo;ensemble de l&rsquo;Union.<\/p>\n\n<p>Une interdiction des vapes jetables est d\u00e9j\u00e0 en vigueur en Belgique, et le ministre a d\u00e9clar\u00e9 que des mesures similaires devraient maintenant \u00eatre adopt\u00e9es \u00e0 l&rsquo;\u00e9chelle de l&rsquo;UE.<\/p>\n\n<p>Il a \u00e9galement pr\u00e9conis\u00e9 des restrictions plus strictes en mati\u00e8re d&rsquo;ar\u00f4mes, rappelant les r\u00e8gles en vigueur aux Pays-Bas, o\u00f9 seul l&rsquo;ar\u00f4me de tabac est autoris\u00e9.<\/p>\n\n<h3 class=\"wp-block-heading\"><strong>Les d\u00e9fis de l&rsquo;application de la loi au niveau national<\/strong><\/h3>\n\n<p>La pression en faveur d&rsquo;une action plus stricte de l&rsquo;UE intervient alors que la Belgique continue de se d\u00e9battre avec l&rsquo;application de ses propres <a href=\"https:\/\/clearingtheair.eu\/en\/post\/belgium-seizes-140000-illegal-disposable-vapes-after-sales-ban\/\">restrictions nationales<\/a>.<\/p>\n\n<p>Au cours des douze mois qui ont suivi l&rsquo;interdiction des vapes jetables, le 1er janvier 2025, les autorit\u00e9s ont saisi plus de 140 000 appareils ill\u00e9gaux. Les inspecteurs ont effectu\u00e9 pr\u00e8s de 2 400 contr\u00f4les dans des magasins et chez des vendeurs en ligne, et des centaines de produits ill\u00e9gaux ont \u00e9t\u00e9 d\u00e9couverts. <\/p>\n\n<p>Pr\u00e8s de 600 proc\u00e8s-verbaux ont \u00e9t\u00e9 dress\u00e9s et 18 magasins ont \u00e9t\u00e9 temporairement ferm\u00e9s, ce qui t\u00e9moigne de l&rsquo;ampleur du probl\u00e8me.<\/p>\n\n<p>Les donn\u00e9es relatives \u00e0 l&rsquo;application de la l\u00e9gislation r\u00e9v\u00e8lent \u00e9galement de grandes diff\u00e9rences r\u00e9gionales. \u00c0 Bruxelles, des vapes jetables ill\u00e9gales ont \u00e9t\u00e9 trouv\u00e9es dans pr\u00e8s de 60 % des inspections, tandis qu&rsquo;en Flandre, environ un magasin contr\u00f4l\u00e9 sur cinq \u00e9tait en infraction. <\/p>\n\n<p>Ces chiffres soulignent \u00e0 quel point il peut \u00eatre difficile de contr\u00f4ler l&rsquo;offre une fois que des restrictions sont introduites, en particulier dans les zones urbaines dens\u00e9ment peupl\u00e9es.<\/p>\n\n<h3 class=\"wp-block-heading\"><strong>Un changement de politique plus large<\/strong><\/h3>\n\n<p>L&rsquo;interdiction de la vape jetable en Belgique s&rsquo;inscrit dans le cadre d&rsquo;un resserrement plus large de la politique.<\/p>\n\n<p>Le gouvernement pr\u00e9voit d&rsquo;interdire de fumer et de vaper sur les terrasses des caf\u00e9s et des restaurants \u00e0 partir de 2027, et pr\u00e9pare une l\u00e9gislation qui limiterait les ar\u00f4mes de vape au tabac.<\/p>\n\n<p>Mme Vandenbroucke a d\u00e9j\u00e0 d\u00e9crit le secteur de la vape comme une \u00ab\u00a0industrie criminelle\u00a0\u00bb et affirm\u00e9 que les ar\u00f4mes sont con\u00e7us pour \u00ab\u00a0attirer les enfants et dissimuler la nocivit\u00e9\u00a0\u00bb de ces produits.<\/p>\n\n<p>Les responsables belges ont souvent cit\u00e9 les Pays-Bas comme mod\u00e8le, bien que les donn\u00e9es solides sur l&rsquo;impact de ses restrictions en mati\u00e8re d&rsquo;ar\u00f4mes restent limit\u00e9es.<\/p>\n\n<h3 class=\"wp-block-heading\"><strong>Inqui\u00e9tudes quant aux effets non intentionnels<\/strong><\/h3>\n\n<p>La r\u00e9pression a \u00e9galement suscit\u00e9 des inqui\u00e9tudes quant \u00e0 ses cons\u00e9quences involontaires.<\/p>\n\n<p>Une enqu\u00eate men\u00e9e par la VRT au d\u00e9but de l&rsquo;ann\u00e9e a r\u00e9v\u00e9l\u00e9 que l&rsquo;interdiction de la vape jetable avait pouss\u00e9 une partie du march\u00e9 dans la clandestinit\u00e9, les produits non r\u00e9glement\u00e9s \u00e9tant plus susceptibles de contenir des substances telles que des liquides de THC ou des cannabino\u00efdes synth\u00e9tiques.<\/p>\n\n<p>Malgr\u00e9 l&rsquo;interdiction, les vapes jetables seraient encore largement disponibles dans certaines \u00e9coles secondaires, ce qui soul\u00e8ve des questions quant \u00e0 la capacit\u00e9 d&rsquo;application de la loi et \u00e0 la s\u00e9curit\u00e9 des produits.<\/p>\n\n<p>Les groupes de d\u00e9taillants ont \u00e9galement averti que de nouvelles restrictions, en particulier sur les ar\u00f4mes, pourraient pousser davantage de consommateurs vers les vendeurs ill\u00e9gaux plut\u00f4t que vers les produits r\u00e9glement\u00e9s.<\/p>\n\n<h3 class=\"wp-block-heading\"><strong>L&rsquo;UE annonce de nouvelles mesures<\/strong><\/h3>\n\n<p>M. McGrath a d\u00e9clar\u00e9 que l&rsquo;ampleur du probl\u00e8me \u00e9tait \u00ab\u00a0consid\u00e9rable\u00a0\u00bb et a appel\u00e9 \u00e0 une coop\u00e9ration plus \u00e9troite entre les pays de l&rsquo;UE.<\/p>\n\n<p>Apr\u00e8s avoir observ\u00e9 les essais en laboratoire \u00e0 Sciensano, il a d\u00e9clar\u00e9 que l&rsquo;UE devrait mieux utiliser les recherches existantes et am\u00e9liorer la coordination entre les autorit\u00e9s nationales.<\/p>\n\n<p>La Commission europ\u00e9enne devrait proposer dans le courant de l&rsquo;ann\u00e9e une mise \u00e0 jour des r\u00e8gles de surveillance du march\u00e9, qui pourrait influencer la mani\u00e8re dont les produits de vapotage sont r\u00e9glement\u00e9s dans l&rsquo;Union europ\u00e9enne.<\/p>\n<div class=\"clear-after-content-2\" style=\"margin-top: 20px;margin-bottom: 20px;margin-left: auto;margin-right: auto;text-align: center;\" id=\"clear-2399581992\"><img src=\"https:\/\/clearingtheair.eu\/wp-content\/uploads\/2026\/04\/caafc5c68900198b80aee12c11b50184.avif\" alt=\"\"   style=\"display: inline-block;\" \/><\/div>","protected":false},"excerpt":{"rendered":"<p>Le ministre belge de la sant\u00e9 a exhort\u00e9 l&rsquo;Union europ\u00e9enne \u00e0 renforcer les r\u00e8gles concernant les vapes, en avertissant que leur utilisation est en train de devenir une \u00ab\u00a0\u00e9pid\u00e9mie\u00a0\u00bb et en appelant \u00e0 une r\u00e9pression \u00e0 l&rsquo;\u00e9chelle de l&rsquo;Union. Lors d&rsquo;une visite&hellip;<\/p>\n","protected":false},"author":990002,"featured_media":35581,"comment_status":"open","ping_status":"open","sticky":false,"template":"","format":"standard","meta":{"footnotes":""},"categories":[267],"tags":[432,519,408],"slider":[],"class_list":["post-35607","post","type-post","status-publish","format-standard","has-post-thumbnail","hentry","category-news","tag-belgium-fr","tag-netherlands-fr","tag-union-europeenne"],"_links":{"self":[{"href":"https:\/\/clearingtheair.eu\/fr\/wp-json\/wp\/v2\/posts\/35607","targetHints":{"allow":["GET"]}}],"collection":[{"href":"https:\/\/clearingtheair.eu\/fr\/wp-json\/wp\/v2\/posts"}],"about":[{"href":"https:\/\/clearingtheair.eu\/fr\/wp-json\/wp\/v2\/types\/post"}],"author":[{"embeddable":true,"href":"https:\/\/clearingtheair.eu\/fr\/wp-json\/wp\/v2\/users\/990002"}],"replies":[{"embeddable":true,"href":"https:\/\/clearingtheair.eu\/fr\/wp-json\/wp\/v2\/comments?post=35607"}],"version-history":[{"count":1,"href":"https:\/\/clearingtheair.eu\/fr\/wp-json\/wp\/v2\/posts\/35607\/revisions"}],"predecessor-version":[{"id":35612,"href":"https:\/\/clearingtheair.eu\/fr\/wp-json\/wp\/v2\/posts\/35607\/revisions\/35612"}],"wp:featuredmedia":[{"embeddable":true,"href":"https:\/\/clearingtheair.eu\/fr\/wp-json\/wp\/v2\/media\/35581"}],"wp:attachment":[{"href":"https:\/\/clearingtheair.eu\/fr\/wp-json\/wp\/v2\/media?parent=35607"}],"wp:term":[{"taxonomy":"category","embeddable":true,"href":"https:\/\/clearingtheair.eu\/fr\/wp-json\/wp\/v2\/categories?post=35607"},{"taxonomy":"post_tag","embeddable":true,"href":"https:\/\/clearingtheair.eu\/fr\/wp-json\/wp\/v2\/tags?post=35607"},{"taxonomy":"slider","embeddable":true,"href":"https:\/\/clearingtheair.eu\/fr\/wp-json\/wp\/v2\/slider?post=35607"}],"curies":[{"name":"wp","href":"https:\/\/api.w.org\/{rel}","templated":true}]}}