{"id":35625,"date":"2026-04-01T12:31:23","date_gmt":"2026-04-01T12:31:23","guid":{"rendered":"https:\/\/clearingtheair.eu\/post\/les-socialistes-suedois-reclament-linterdiction-de-voyager-a-strasbourg\/"},"modified":"2026-04-01T16:02:51","modified_gmt":"2026-04-01T16:02:51","slug":"les-socialistes-suedois-reclament-linterdiction-de-voyager-a-strasbourg","status":"publish","type":"post","link":"https:\/\/clearingtheair.eu\/fr\/post\/les-socialistes-suedois-reclament-linterdiction-de-voyager-a-strasbourg\/","title":{"rendered":"\u00ab\u00a0Les socialistes su\u00e9dois r\u00e9clament l&rsquo;interdiction de voyager \u00e0 Strasbourg."},"content":{"rendered":"<div class=\"clear-before-content-2\" style=\"margin-top: 20px;margin-bottom: 20px;margin-left: auto;margin-right: auto;text-align: center;\" id=\"clear-1090328974\"><img src=\"https:\/\/clearingtheair.eu\/wp-content\/uploads\/2026\/04\/caafc5c68900198b80aee12c11b50184.avif\" alt=\"\"   style=\"display: inline-block;\" \/><\/div>\n<p><strong>Les socialistes su\u00e9dois du Parlement europ\u00e9en ont demand\u00e9 que les d\u00e9put\u00e9s europ\u00e9ens ne se rendent pas \u00e0 Strasbourg alors que la loi fran\u00e7aise pr\u00e9voit des peines d&#8217;emprisonnement de cinq ans pour toute personne trouv\u00e9e en possession de sachets de nicotine. <\/strong>Le projet fran\u00e7ais a \u00e9t\u00e9 <a href=\"https:\/\/clearingtheair.eu\/en\/post\/five-years-pouch-users-in-france-could-face-jail-time-under-new-law\/\">rapport\u00e9 pour la premi\u00e8re fois par Clearing the Air<\/a>.<\/p>\n\n<p>A letter proposing the travel pause &#8211; seen by Clearing the Air and published <a href=\"https:\/\/drive.google.com\/file\/d\/1rlpy44GM4wzOYnzxCUwl34px3SvTNiD4\/view?usp=sharing\" rel=\"nofollow noopener\" target=\"_blank\">here<\/a> &#8211; was sent by all five Swedish members of the Parliament\u2019s Socialist Group to European Parliament President Roberta Metsola.<\/p>\n\n<p>\u00ab\u00a0La perspective que des citoyens su\u00e9dois soient priv\u00e9s de libert\u00e9 ou punis d&rsquo;une lourde amende lors de leur visite en France, uniquement pour avoir poss\u00e9d\u00e9 ou utilis\u00e9 des sachets de nicotine, est tout simplement absurde et totalement inacceptable\u00a0\u00bb, indique la lettre, \u00ab\u00a0en particulier si l&rsquo;on consid\u00e8re que ces produits sont largement consid\u00e9r\u00e9s comme des alternatives moins nocives au tabagisme\u00a0\u00bb.<\/p>\n\n<p>\u00ab\u00a0Si la France poursuit l&rsquo;interdiction accompagn\u00e9e de sanctions aussi s\u00e9v\u00e8res et disproportionn\u00e9es, nous vous demandons de demander que les sessions de Strasbourg soient suspendues jusqu&rsquo;\u00e0 ce que la proportionnalit\u00e9 soit r\u00e9tablie en France et que les citoyens de l&rsquo;UE puissent s&rsquo;y rendre sans risquer des mesures punitives pour avoir utilis\u00e9 un produit \u00e0 base de nicotine qui est l\u00e9gal dans leur \u00c9tat membre d&rsquo;origine\u00a0\u00bb, poursuit la lettre.<\/p>\n\n<h3 class=\"wp-block-heading\"><strong>Pourquoi Strasbourg ?<\/strong><\/h3>\n\n<p>Le Parlement europ\u00e9en est bas\u00e9 \u00e0 Bruxelles, mais ses membres doivent se rendre \u00e0 Strasbourg une fois par mois pour voter, dans ce qui est largement consid\u00e9r\u00e9 comme un exercice inutile et gaspilleur qui a \u00e9t\u00e9 inscrit dans les trait\u00e9s de l&rsquo;UE \u00e0 l&rsquo;insistance de la France, qui a r\u00e9sist\u00e9 \u00e0 toutes les tentatives visant \u00e0 y mettre fin.<\/p>\n\n<p>Le d\u00e9m\u00e9nagement concerne 750 d\u00e9put\u00e9s europ\u00e9ens, environ 3 000 membres du personnel, des lobbyistes et des fonctionnaires qui d\u00e9m\u00e9nagent quatre jours par mois. Une centaine d&#8217;employ\u00e9s \u00e0 temps plein assurent l&rsquo;entretien du b\u00e2timent de Strasbourg, m\u00eame lorsqu&rsquo;il est vide. <\/p>\n\n<p>La facture annuelle de la migration mensuelle est estim\u00e9e entre 114 et 180 millions d&rsquo;euros par an, selon la m\u00e9thodologie utilis\u00e9e. La Cour des comptes europ\u00e9enne (2014) a estim\u00e9 le montant \u00e0 113,8 millions d&rsquo;euros par an pour les co\u00fbts permanents, plus une \u00e9conomie ponctuelle de 616 millions d&rsquo;euros si les b\u00e2timents de Strasbourg \u00e9taient c\u00e9d\u00e9s. Sur une l\u00e9gislature (5 ans), cela repr\u00e9sente environ 570 \u00e0 900 millions d&rsquo;euros pour les seuls co\u00fbts op\u00e9rationnels.  <\/p>\n\n<p>Les employ\u00e9s du Parlement europ\u00e9en utilisant des pochettes, qui ont parl\u00e9 \u00e0 Clearing the Air sous couvert d&rsquo;anonymat, s&rsquo;inqui\u00e8tent des implications possibles de la loi fran\u00e7aise. \u00ab\u00a0Il est absurde que nous risquions cinq ans de prison simplement pour avoir men\u00e9 une vie normale et fait notre travail\u00a0\u00bb, a d\u00e9clar\u00e9 l&rsquo;un d&rsquo;entre eux.   <\/p>\n\n<h3 class=\"wp-block-heading\"><strong>La r\u00e9vision de la l\u00e9gislation europ\u00e9enne sur le tabac sous le feu des critiques<\/strong><\/h3>\n\n<p>Dans une lettre s\u00e9par\u00e9e &#8211; \u00e9galement vue par Clearing the Air et publi\u00e9e <a href=\"https:\/\/drive.google.com\/file\/d\/1prZ2830TVFEfA9z_FauTm57owfcVmdpl\/view?usp=sharing\" rel=\"nofollow noopener\" target=\"_blank\">ici<\/a> &#8211; la d\u00e9l\u00e9gation a \u00e9crit \u00e0 la pr\u00e9sidente de la Commission europ\u00e9enne, Ursula von der Leyen, au sujet de l&rsquo;interdiction et de ses implications plus larges pour la r\u00e9vision prochaine par Bruxelles des lois sur les produits du tabac. Le commissaire charg\u00e9 de cette r\u00e9vision, Oliver Varheyli, a \u00e9t\u00e9 <a href=\"https:\/\/clearingtheair.eu\/en\/post\/23-experts-write-to-eu-warning-over-vaping-risk-misinformation\/\">largement critiqu\u00e9 <\/a>pour avoir d\u00e9clar\u00e9 \u00e0 tort que les nouveaux produits \u00e0 base de nicotine, tels que les sachets, pr\u00e9sentaient les m\u00eames risques que les cigarettes. <\/p>\n\n<p>\u00ab\u00a0De nombreux adultes su\u00e9dois sont pass\u00e9s de la cigarette aux produits sans tabac, y compris les sachets de nicotine, r\u00e9duisant ainsi consid\u00e9rablement l&rsquo;exposition aux effets nocifs du tabagisme\u00a0\u00bb, affirme la lettre.<\/p>\n\n<p>Si les changements propos\u00e9s \u00e0 la directive concernent les sachets de nicotine, le groupe demande \u00e0 Mme Von der Leyen \u00ab\u00a0quelles garanties [la Commission] envisage-t-elle pour assurer l&rsquo;\u00e9laboration de politiques fond\u00e9es sur des donn\u00e9es scientifiques ? Renvoyer le commissaire \u00e0 la sant\u00e9 pourrait \u00eatre un bon d\u00e9but. <\/p>\n\n<p><\/p>\n<div class=\"clear-after-content-2\" style=\"margin-top: 20px;margin-bottom: 20px;margin-left: auto;margin-right: auto;text-align: center;\" id=\"clear-1418058919\"><img src=\"https:\/\/clearingtheair.eu\/wp-content\/uploads\/2026\/04\/caafc5c68900198b80aee12c11b50184.avif\" alt=\"\"   style=\"display: inline-block;\" \/><\/div>","protected":false},"excerpt":{"rendered":"<p>Les socialistes su\u00e9dois du Parlement europ\u00e9en ont demand\u00e9 que les d\u00e9put\u00e9s europ\u00e9ens ne se rendent pas \u00e0 Strasbourg alors que la loi fran\u00e7aise pr\u00e9voit des peines d&#8217;emprisonnement de cinq ans pour toute personne trouv\u00e9e en possession de sachets de nicotine. Le projet&hellip;<\/p>\n","protected":false},"author":990003,"featured_media":35615,"comment_status":"open","ping_status":"open","sticky":false,"template":"","format":"standard","meta":{"footnotes":""},"categories":[267],"tags":[435,381,529],"slider":[],"class_list":["post-35625","post","type-post","status-publish","format-standard","has-post-thumbnail","hentry","category-news","tag-france-fr","tag-nicotine-fr","tag-voyage"],"_links":{"self":[{"href":"https:\/\/clearingtheair.eu\/fr\/wp-json\/wp\/v2\/posts\/35625","targetHints":{"allow":["GET"]}}],"collection":[{"href":"https:\/\/clearingtheair.eu\/fr\/wp-json\/wp\/v2\/posts"}],"about":[{"href":"https:\/\/clearingtheair.eu\/fr\/wp-json\/wp\/v2\/types\/post"}],"author":[{"embeddable":true,"href":"https:\/\/clearingtheair.eu\/fr\/wp-json\/wp\/v2\/users\/990003"}],"replies":[{"embeddable":true,"href":"https:\/\/clearingtheair.eu\/fr\/wp-json\/wp\/v2\/comments?post=35625"}],"version-history":[{"count":5,"href":"https:\/\/clearingtheair.eu\/fr\/wp-json\/wp\/v2\/posts\/35625\/revisions"}],"predecessor-version":[{"id":35701,"href":"https:\/\/clearingtheair.eu\/fr\/wp-json\/wp\/v2\/posts\/35625\/revisions\/35701"}],"wp:featuredmedia":[{"embeddable":true,"href":"https:\/\/clearingtheair.eu\/fr\/wp-json\/wp\/v2\/media\/35615"}],"wp:attachment":[{"href":"https:\/\/clearingtheair.eu\/fr\/wp-json\/wp\/v2\/media?parent=35625"}],"wp:term":[{"taxonomy":"category","embeddable":true,"href":"https:\/\/clearingtheair.eu\/fr\/wp-json\/wp\/v2\/categories?post=35625"},{"taxonomy":"post_tag","embeddable":true,"href":"https:\/\/clearingtheair.eu\/fr\/wp-json\/wp\/v2\/tags?post=35625"},{"taxonomy":"slider","embeddable":true,"href":"https:\/\/clearingtheair.eu\/fr\/wp-json\/wp\/v2\/slider?post=35625"}],"curies":[{"name":"wp","href":"https:\/\/api.w.org\/{rel}","templated":true}]}}