{"id":38458,"date":"2026-06-17T08:46:32","date_gmt":"2026-06-17T08:46:32","guid":{"rendered":"https:\/\/clearingtheair.eu\/post\/les-pays-bas-rejettent-le-projet-dinterdiction-des-cigarettes-electroniques-jetables\/"},"modified":"2026-06-17T08:47:27","modified_gmt":"2026-06-17T08:47:27","slug":"les-pays-bas-rejettent-le-projet-dinterdiction-des-cigarettes-electroniques-jetables","status":"publish","type":"post","link":"https:\/\/clearingtheair.eu\/fr\/post\/les-pays-bas-rejettent-le-projet-dinterdiction-des-cigarettes-electroniques-jetables\/","title":{"rendered":"Les Pays-Bas rejettent le projet d&rsquo;interdiction des cigarettes \u00e9lectroniques jetables"},"content":{"rendered":"<div class=\"clear-before-content-2\" style=\"margin-top: 20px;margin-bottom: 20px;margin-left: auto;margin-right: auto;text-align: center;\" id=\"clear-1683887518\"><a data-no-instant=\"1\" href=\"https:\/\/www.broughton-group.com\/nicotine?utm_campaign=43296353-Clearing%20the%20Air%20PPC%20Campaign%20-%202026&#038;utm_source=ppc&#038;utm_medium=Paid%20Ads\" rel=\"noopener\" class=\"a2t-link\" aria-label=\"728 x 90 (2)\"><img src=\"https:\/\/clearingtheair.eu\/wp-content\/uploads\/2026\/04\/728-x-90-2.png\" alt=\"\"  srcset=\"https:\/\/clearingtheair.eu\/wp-content\/uploads\/2026\/04\/728-x-90-2.png 728w, https:\/\/clearingtheair.eu\/wp-content\/uploads\/2026\/04\/728-x-90-2-300x37.png 300w, https:\/\/clearingtheair.eu\/wp-content\/uploads\/2026\/04\/728-x-90-2-370x46.png 370w, https:\/\/clearingtheair.eu\/wp-content\/uploads\/2026\/04\/728-x-90-2-600x74.png 600w\" sizes=\"(max-width: 728px) 100vw, 728px\" width=\"728\" height=\"90\"  style=\"display: inline-block;\" \/><\/a><\/div>\n<p class=\"wp-block-paragraph\"><strong>Le gouvernement n\u00e9erlandais a rejet\u00e9 les projets visant \u00e0 interdire \u00e0 l&rsquo;\u00e9chelle nationale les cigarettes \u00e9lectroniques jetables, soulignant qu&rsquo;une telle mesure soul\u00e8verait des incertitudes juridiques et qu&rsquo;elle devrait plut\u00f4t \u00eatre trait\u00e9e au niveau de l&rsquo;Union europ\u00e9enne.<\/strong><\/p>\n\n<p class=\"wp-block-paragraph\">Cette d\u00e9cision signifie que les Pays-Bas ne mettront pas en place de nouvelles restrictions nationales concernant les produits \u00e0 usage unique, notamment les cigarettes \u00e9lectroniques jetables et les filtres de cigarettes, malgr\u00e9 les pr\u00e9occupations environnementales li\u00e9es aux d\u00e9chets, aux incendies et aux d\u00e9tritus.<\/p>\n\n<p class=\"wp-block-paragraph\">Les ministres ont d\u00e9clar\u00e9 qu&rsquo;une interdiction nationale des cigarettes \u00e9lectroniques jetables pourrait entrer en conflit avec la directive europ\u00e9enne sur les produits du tabac. Le gouvernement a toutefois estim\u00e9 qu&rsquo;une \u00ab interdiction \u00e0 l&rsquo;\u00e9chelle de l&rsquo;Union europ\u00e9enne semblait \u00eatre l&rsquo;option la plus prometteuse \u00bb et que les Pays-Bas plaideraient en faveur d&rsquo;une action \u00e0 Bruxelles. <\/p>\n\n<p class=\"wp-block-paragraph\">Cette d\u00e9cision rev\u00eat une importance particuli\u00e8re, car les Pays-Bas ont d\u00e9j\u00e0 adopt\u00e9 une position tr\u00e8s stricte en mati\u00e8re de vapotage. La vente en ligne de cigarettes \u00e9lectroniques est interdite depuis juillet 2023, et le tabac est d\u00e9sormais la seule saveur l\u00e9galement disponible dans le pays. <\/p>\n\n<p class=\"wp-block-paragraph\">Mais les donn\u00e9es recueillies aupr\u00e8s des vapoteurs n\u00e9erlandais semblent indiquer que ces restrictions ont pouss\u00e9 de nombreux adultes \u00e0 se d\u00e9tourner du march\u00e9 l\u00e9gal plut\u00f4t que de mettre fin \u00e0 leur consommation.<\/p>\n\n<h3 class=\"wp-block-heading\"><strong>Des doutes juridiques bloquent l&rsquo;interdiction nationale<\/strong><\/h3>\n\n<p class=\"wp-block-paragraph\">Le gouvernement n\u00e9erlandais a d\u00e9clar\u00e9 qu&rsquo;une l\u00e9gislation nationale visant les produits jetables nuisibles \u00e0 l&rsquo;environnement entra\u00eenerait une trop grande ins\u00e9curit\u00e9 juridique.<\/p>\n\n<p class=\"wp-block-paragraph\">Le projet rejet\u00e9 concernait les plastiques \u00e0 usage unique, notamment les filtres de cigarettes et les cigarettes \u00e9lectroniques jetables. Les ministres ont \u00e9galement \u00e9cart\u00e9 la mise en place d&rsquo;un syst\u00e8me de consigne pour les emballages souples utilis\u00e9s pour les boissons, le savon et les lessives, estimant que les machines de collecte existantes ne sont pas adapt\u00e9es \u00e0 leur traitement. <\/p>\n\n<p class=\"wp-block-paragraph\">Un projet d&rsquo;interdiction de fumer sur les plages a \u00e9galement \u00e9t\u00e9 abandonn\u00e9 en raison d&rsquo;une \u00ab capacit\u00e9 insuffisante des autorit\u00e9s locales \u00e0 faire respecter cette interdiction \u00bb.<\/p>\n\n<p class=\"wp-block-paragraph\">En ce qui concerne les cigarettes \u00e0 filtre, l&rsquo;Institut national de la sant\u00e9 publique et de l&rsquo;environnement a indiqu\u00e9 en avril qu&rsquo;environ neuf milliards de cigarettes \u00e0 filtre sont vendues chaque ann\u00e9e aux Pays-Bas. Beaucoup finissent par devenir des d\u00e9chets sauvages. <\/p>\n\n<p class=\"wp-block-paragraph\">Les filtres contiennent de l&rsquo;ac\u00e9tate de cellulose, un plastique qui se d\u00e9compose extr\u00eamement lentement et qui peut persister dans l&rsquo;environnement pendant des ann\u00e9es.<\/p>\n\n<p class=\"wp-block-paragraph\">Les cigarettes \u00e9lectroniques jetables posent un autre probl\u00e8me. Le gouvernement a soulign\u00e9 qu&rsquo;elles devaient \u00eatre jet\u00e9es avec les d\u00e9chets r\u00e9siduels, mais qu&rsquo;elles pouvaient provoquer des incendies dans les camions-poubelles et les installations de traitement des d\u00e9chets. Elles finissent \u00e9galement souvent dans la nature.  <\/p>\n\n<p class=\"wp-block-paragraph\">Malgr\u00e9 tout, les autorit\u00e9s n\u00e9erlandaises ont estim\u00e9 qu&rsquo;une interdiction nationale se heurterait \u00e0 des probl\u00e8mes juridiques au niveau de l&rsquo;UE.<\/p>\n\n<p class=\"wp-block-paragraph\"><a href=\"https:\/\/clearingtheair.eu\/en\/post\/belgium-to-ban-flavoured-vapes-from-2028-as-crackdown-intensifies\/\">La Belgique<\/a> a instaur\u00e9 une interdiction des cigarettes \u00e9lectroniques jetables en recourant \u00e0 une clause d&rsquo;exception, mais les responsables n\u00e9erlandais ont d\u00e9clar\u00e9 qu&rsquo;ils ne pensaient pas que les Pays-Bas puissent suivre la m\u00eame voie.<\/p>\n\n<h3 class=\"wp-block-heading\"><strong>Une approche ax\u00e9e sur les interdictions, d\u00e9j\u00e0 remise en cause<\/strong><\/h3>\n\n<p class=\"wp-block-paragraph\">La d\u00e9cision concernant les cigarettes \u00e9lectroniques jetables intervient dans un contexte difficile pour la politique n\u00e9erlandaise en mati\u00e8re de cigarette \u00e9lectronique.<\/p>\n\n<p class=\"wp-block-paragraph\">Depuis janvier 2024, seules les cigarettes \u00e9lectroniques aromatis\u00e9es au tabac sont l\u00e9galement disponibles aux Pays-Bas. Pourtant, <a href=\"https:\/\/clearingtheair.eu\/en\/post\/vape-ban-in-the-netherlands-has-backfired-new-poll-shows\/\">un sondage r\u00e9alis\u00e9 par <\/a>l&rsquo;association n\u00e9erlandaise de consommateurs de cigarettes \u00e9lectroniques ACVODA a r\u00e9v\u00e9l\u00e9 que l&rsquo;interdiction des ar\u00f4mes n&rsquo;avait eu qu&rsquo;un impact limit\u00e9 sur les habitudes de consommation des utilisateurs adultes. <\/p>\n\n<p class=\"wp-block-paragraph\">Au contraire, la plupart des personnes interrog\u00e9es ont d\u00e9clar\u00e9 s&rsquo;\u00eatre tourn\u00e9es vers les achats \u00e0 l&rsquo;\u00e9tranger ou en ligne.<\/p>\n\n<p class=\"wp-block-paragraph\">Selon cette enqu\u00eate, 80 % des vapoteurs n\u00e9erlandais adultes ach\u00e8tent d\u00e9sormais leurs cigarettes \u00e9lectroniques \u00e0 l&rsquo;\u00e9tranger ou en ligne. La moiti\u00e9 d&rsquo;entre eux ont d\u00e9clar\u00e9 se rendre dans les pays voisins pour en acheter, tandis que 30 % ont indiqu\u00e9 passer commande en ligne ou aupr\u00e8s de vendeurs bas\u00e9s \u00e0 l&rsquo;\u00e9tranger via les r\u00e9seaux sociaux. <\/p>\n\n<p class=\"wp-block-paragraph\">Le tabac est la seule saveur de cigarette \u00e9lectronique l\u00e9galement disponible, mais seuls 2 % des utilisateurs interrog\u00e9s ont d\u00e9clar\u00e9 l&rsquo;utiliser.<\/p>\n\n<p class=\"wp-block-paragraph\">L&rsquo;ACVODA a d\u00e9clar\u00e9 : \u00ab Cela ne peut pas \u00eatre l&rsquo;intention de la politique n\u00e9erlandaise actuelle, qui ne concerne d\u00e9sormais que les consommateurs adultes. L&rsquo;interdiction des ar\u00f4mes passe \u00e0 c\u00f4t\u00e9 de l&rsquo;essentiel. L&rsquo;autorisation d&rsquo;un certain nombre d&rsquo;ar\u00f4mes et une meilleure application de la r\u00e9glementation constitueraient un pas dans la bonne direction. \u00bb<\/p>\n\n<p class=\"wp-block-paragraph\">L&rsquo;enqu\u00eate a \u00e9galement r\u00e9v\u00e9l\u00e9 que pr\u00e8s de la moiti\u00e9 des personnes interrog\u00e9es avaient commenc\u00e9 \u00e0 vapoter pour arr\u00eater de fumer. Depuis l&rsquo;entr\u00e9e en vigueur des nouvelles r\u00e8gles, un peu moins de 10 % d&rsquo;entre elles ont d\u00e9clar\u00e9 \u00eatre revenues \u00e0 la cigarette. <\/p>\n\n<p class=\"wp-block-paragraph\">C&rsquo;est l\u00e0 la principale pr\u00e9occupation en mati\u00e8re de r\u00e9duction des risques. Les mesures visant \u00e0 r\u00e9duire l&rsquo;attrait des jeunes ou le gaspillage environnemental peuvent avoir des cons\u00e9quences impr\u00e9vues si elles poussent les fumeurs adultes et les anciens fumeurs \u00e0 se tourner vers la cigarette traditionnelle, les ventes transfrontali\u00e8res ou des circuits d&rsquo;approvisionnement non r\u00e9glement\u00e9s. <\/p>\n\n<h3 class=\"wp-block-heading\"><strong>Les fumeurs se retrouvent avec moins de recours juridiques<\/strong><\/h3>\n\n<p class=\"wp-block-paragraph\">Selon l&rsquo;ACVODA, la politique n\u00e9erlandaise a rendu plus difficile l&rsquo;acc\u00e8s des adultes aux produits qu&rsquo;ils utilisaient pour arr\u00eater de fumer.<\/p>\n\n<p class=\"wp-block-paragraph\">Le groupe a d\u00e9clar\u00e9 : \u00ab Il est d\u00e9sormais impossible d\u2019acheter aux Pays-Bas le produit l\u00e9gal souhait\u00e9 et de l\u2019utiliser comme alternative moins nocive \u00e0 la cigarette. Il ne reste pratiquement plus aucun magasin sp\u00e9cialis\u00e9 o\u00f9 l\u2019on puisse trouver des informations fiables. Le vapoteur moyen, dont plus de 98 % fumaient auparavant des cigarettes, ne ressentait gu\u00e8re le besoin de se tourner vers le tabac aromatis\u00e9. \u00bb<\/p>\n\n<p class=\"wp-block-paragraph\">Il a ajout\u00e9 : \u00ab Le gouvernement rend d\u00e9sormais impossible l\u2019achat d\u2019un produit l\u00e9gal et s\u00fbr, pl\u00e9biscit\u00e9 aux Pays-Bas. La grande majorit\u00e9 des personnes interrog\u00e9es affirment que la restriction et l\u2019interdiction des alternatives facilitent le passage \u00e0 la cigarette au lieu de le rendre plus difficile \u2013 apr\u00e8s tout, il n\u2019existe plus d\u2019option permettant de satisfaire le plaisir de la nicotine d\u2019une mani\u00e8re moins nocive. \u00bb<\/p>\n<div class=\"clear-after-content\" style=\"margin-top: 20px;margin-bottom: 20px;margin-left: auto;margin-right: auto;text-align: center;\" id=\"clear-47682903\"><a data-no-instant=\"1\" href=\"https:\/\/www.broughton-group.com\/nicotine?utm_campaign=43296353-Clearing%20the%20Air%20PPC%20Campaign%20-%202026&#038;utm_source=ppc&#038;utm_medium=Paid%20Ads\" rel=\"noopener\" class=\"a2t-link\" aria-label=\"728 x 90 (2)\"><img src=\"https:\/\/clearingtheair.eu\/wp-content\/uploads\/2026\/04\/728-x-90-2.png\" alt=\"\"  srcset=\"https:\/\/clearingtheair.eu\/wp-content\/uploads\/2026\/04\/728-x-90-2.png 728w, https:\/\/clearingtheair.eu\/wp-content\/uploads\/2026\/04\/728-x-90-2-300x37.png 300w, https:\/\/clearingtheair.eu\/wp-content\/uploads\/2026\/04\/728-x-90-2-370x46.png 370w, https:\/\/clearingtheair.eu\/wp-content\/uploads\/2026\/04\/728-x-90-2-600x74.png 600w\" sizes=\"(max-width: 728px) 100vw, 728px\" width=\"728\" height=\"90\"  style=\"display: inline-block;\" \/><\/a><\/div>","protected":false},"excerpt":{"rendered":"<p>Le gouvernement n\u00e9erlandais a rejet\u00e9 les projets visant \u00e0 interdire \u00e0 l&rsquo;\u00e9chelle nationale les cigarettes \u00e9lectroniques jetables, soulignant qu&rsquo;une telle mesure soul\u00e8verait des incertitudes juridiques et qu&rsquo;elle devrait plut\u00f4t \u00eatre trait\u00e9e au niveau de l&rsquo;Union europ\u00e9enne. Cette d\u00e9cision signifie que les Pays-Bas&hellip;<\/p>\n","protected":false},"author":990005,"featured_media":38446,"comment_status":"open","ping_status":"open","sticky":false,"template":"","format":"standard","meta":{"footnotes":""},"categories":[267],"tags":[432,519,381,529],"slider":[],"class_list":["post-38458","post","type-post","status-publish","format-standard","has-post-thumbnail","hentry","category-news","tag-belgium-fr","tag-netherlands-fr","tag-nicotine-fr","tag-voyage"],"_links":{"self":[{"href":"https:\/\/clearingtheair.eu\/fr\/wp-json\/wp\/v2\/posts\/38458","targetHints":{"allow":["GET"]}}],"collection":[{"href":"https:\/\/clearingtheair.eu\/fr\/wp-json\/wp\/v2\/posts"}],"about":[{"href":"https:\/\/clearingtheair.eu\/fr\/wp-json\/wp\/v2\/types\/post"}],"author":[{"embeddable":true,"href":"https:\/\/clearingtheair.eu\/fr\/wp-json\/wp\/v2\/users\/990005"}],"replies":[{"embeddable":true,"href":"https:\/\/clearingtheair.eu\/fr\/wp-json\/wp\/v2\/comments?post=38458"}],"version-history":[{"count":1,"href":"https:\/\/clearingtheair.eu\/fr\/wp-json\/wp\/v2\/posts\/38458\/revisions"}],"predecessor-version":[{"id":38461,"href":"https:\/\/clearingtheair.eu\/fr\/wp-json\/wp\/v2\/posts\/38458\/revisions\/38461"}],"wp:featuredmedia":[{"embeddable":true,"href":"https:\/\/clearingtheair.eu\/fr\/wp-json\/wp\/v2\/media\/38446"}],"wp:attachment":[{"href":"https:\/\/clearingtheair.eu\/fr\/wp-json\/wp\/v2\/media?parent=38458"}],"wp:term":[{"taxonomy":"category","embeddable":true,"href":"https:\/\/clearingtheair.eu\/fr\/wp-json\/wp\/v2\/categories?post=38458"},{"taxonomy":"post_tag","embeddable":true,"href":"https:\/\/clearingtheair.eu\/fr\/wp-json\/wp\/v2\/tags?post=38458"},{"taxonomy":"slider","embeddable":true,"href":"https:\/\/clearingtheair.eu\/fr\/wp-json\/wp\/v2\/slider?post=38458"}],"curies":[{"name":"wp","href":"https:\/\/api.w.org\/{rel}","templated":true}]}}