{"id":39240,"date":"2026-06-30T05:02:44","date_gmt":"2026-06-30T05:02:44","guid":{"rendered":"https:\/\/clearingtheair.eu\/post\/lecosse-va-supprimer-lallegement-fiscal-accorde-aux-magasins-de-cigarettes-electroniques-a-compter-de-2027\/"},"modified":"2026-06-30T05:03:19","modified_gmt":"2026-06-30T05:03:19","slug":"lecosse-va-supprimer-lallegement-fiscal-accorde-aux-magasins-de-cigarettes-electroniques-a-compter-de-2027","status":"publish","type":"post","link":"https:\/\/clearingtheair.eu\/fr\/post\/lecosse-va-supprimer-lallegement-fiscal-accorde-aux-magasins-de-cigarettes-electroniques-a-compter-de-2027\/","title":{"rendered":"L&rsquo;\u00c9cosse va supprimer l&rsquo;all\u00e8gement fiscal accord\u00e9 aux magasins de cigarettes \u00e9lectroniques \u00e0 compter de 2027"},"content":{"rendered":"<div class=\"clear-before-content-2\" style=\"margin-top: 20px;margin-bottom: 20px;margin-left: auto;margin-right: auto;text-align: center;\" id=\"clear-1817433209\"><a data-no-instant=\"1\" href=\"https:\/\/www.broughton-group.com\/nicotine?utm_campaign=43296353-Clearing%20the%20Air%20PPC%20Campaign%20-%202026&#038;utm_source=ppc&#038;utm_medium=Paid%20Ads\" rel=\"noopener\" class=\"a2t-link\" aria-label=\"728 x 90 (2)\"><img src=\"https:\/\/clearingtheair.eu\/wp-content\/uploads\/2026\/04\/728-x-90-2.png\" alt=\"\"  srcset=\"https:\/\/clearingtheair.eu\/wp-content\/uploads\/2026\/04\/728-x-90-2.png 728w, https:\/\/clearingtheair.eu\/wp-content\/uploads\/2026\/04\/728-x-90-2-300x37.png 300w, https:\/\/clearingtheair.eu\/wp-content\/uploads\/2026\/04\/728-x-90-2-370x46.png 370w, https:\/\/clearingtheair.eu\/wp-content\/uploads\/2026\/04\/728-x-90-2-600x74.png 600w\" sizes=\"(max-width: 728px) 100vw, 728px\" width=\"728\" height=\"90\"  style=\"display: inline-block;\" \/><\/a><\/div>\n<p class=\"wp-block-paragraph\">Les magasins sp\u00e9cialis\u00e9s dans la vape en \u00c9cosse devraient perdre leur exon\u00e9ration de la taxe fonci\u00e8re \u00e0 compter du 1er avril 2027, dans le cadre d&rsquo;une mesure prise par le gouvernement \u00e9cossais qui place ces commerces au c\u0153ur d&rsquo;un d\u00e9bat plus large portant sur les centres-villes, la sant\u00e9 publique et la r\u00e9duction des risques li\u00e9s au tabagisme.<\/p>\n\n<p class=\"wp-block-paragraph\">La vice-Premi\u00e8re ministre Jenny Gilruth <a href=\"https:\/\/www.gov.scot\/news\/rate-relief-to-be-removed-for-vape-shops\/\" rel=\"nofollow noopener\" target=\"_blank\">a annonc\u00e9 ce changement<\/a> dans une d\u00e9claration devant le Parlement \u00e9cossais, alors que les ministres pr\u00e9sentaient leurs projets de r\u00e9forme du syst\u00e8me de taxation des locaux non r\u00e9sidentiels en \u00c9cosse.<\/p>\n\n<p class=\"wp-block-paragraph\">La taxe fonci\u00e8re sur les locaux non r\u00e9sidentiels, commun\u00e9ment appel\u00e9e \u00ab business rates \u00bb, est une taxe fonci\u00e8re acquitt\u00e9e par les occupants de locaux non r\u00e9sidentiels. Elle est calcul\u00e9e \u00e0 partir de la valeur imposable du bien immobilier, qui repose globalement sur la valeur locative, et d\u2019un taux d\u2019imposition national, les collectivit\u00e9s locales appliquant les abattements applicables. <\/p>\n\n<p class=\"wp-block-paragraph\">Le gouvernement \u00e9cossais a d\u00e9clar\u00e9 que les magasins de cigarettes \u00e9lectroniques allaient perdre leurs r\u00e9ductions sur leurs factures dans le cadre d&rsquo;une r\u00e9vision plus large du syst\u00e8me.<\/p>\n\n<h3 class=\"wp-block-heading\"><strong>Les ministres font part de leurs inqui\u00e9tudes concernant le vapotage chez les jeunes<\/strong><\/h3>\n\n<p class=\"wp-block-paragraph\">Cette d\u00e9cision a \u00e9t\u00e9 pr\u00e9sent\u00e9e en partie comme une mesure de sant\u00e9 publique. Clare Haughey, d\u00e9put\u00e9e du SNP pour Rutherglen et Cambuslang, a demand\u00e9 en quoi le fait d&rsquo;exclure les magasins de cigarettes \u00e9lectroniques de ces mesures d&rsquo;all\u00e8gement contribuerait aux engagements de l&rsquo;\u00c9cosse en mati\u00e8re de sant\u00e9 publique. <\/p>\n\n<p class=\"wp-block-paragraph\">Mme Gilruth a indiqu\u00e9 que la pratique du vapotage avait augment\u00e9 en \u00c9cosse ces derni\u00e8res ann\u00e9es et qu\u2019elle \u00e9tait la plus r\u00e9pandue chez les 16-24 ans. Elle a \u00e9galement soulign\u00e9 la multiplication des magasins de vapotage dans les centres-villes, pr\u00e9cisant qu\u2019ils vendaient \u00ab des produits qui entra\u00eenent une d\u00e9pendance \u00e0 la nicotine et d\u2019autres risques pour la sant\u00e9 \u00bb. <\/p>\n\n<p class=\"wp-block-paragraph\">Le vice-premier ministre a d\u00e9clar\u00e9 que cette mesure visait \u00e0 faire en sorte que les magasins de cigarettes \u00e9lectroniques \u00ab contribuent \u00e0 la vitalit\u00e9 des centres-villes \u00bb et \u00e0 garantir que l&rsquo;all\u00e8gement fiscal \u00ab soit conforme \u00e0 nos engagements en mati\u00e8re de sant\u00e9 publique \u00bb.<\/p>\n\n<p class=\"wp-block-paragraph\"><a href=\"https:\/\/www.gov.scot\/publications\/scottish-health-survey-2024-volume-1-main-report\/pages\/8--smoking\/\" rel=\"nofollow noopener\" target=\"_blank\">La derni\u00e8re enqu\u00eate sur la sant\u00e9 en \u00c9cosse<\/a> r\u00e9v\u00e8le qu&rsquo;en 2024, 10 % des adultes \u00e9cossais ont d\u00e9clar\u00e9 utiliser actuellement des cigarettes \u00e9lectroniques ou des dispositifs de vapotage, contre une fourchette comprise entre 5 et 7 % entre 2014 et 2021. C&rsquo;est chez les adultes \u00e2g\u00e9s de 16 \u00e0 24 ans que le taux d&rsquo;utilisation \u00e9tait le plus \u00e9lev\u00e9, avec 18 %. <\/p>\n\n<p class=\"wp-block-paragraph\">Toutefois, le tabagisme reste un probl\u00e8me de sant\u00e9 publique bien plus important en \u00c9cosse. En 2024, 14 % des adultes \u00e9taient des fumeurs actifs, un chiffre inchang\u00e9 par rapport \u00e0 2023, le tabagisme \u00e9tant nettement plus r\u00e9pandu dans les zones les plus d\u00e9favoris\u00e9es que dans les zones les moins d\u00e9favoris\u00e9es. <\/p>\n\n<h3 class=\"wp-block-heading\"><strong>Tensions li\u00e9es \u00e0 la r\u00e9duction des risques<\/strong><\/h3>\n\n<p class=\"wp-block-paragraph\">Cette d\u00e9cision touche \u00e0 un domaine sensible de la politique en mati\u00e8re de nicotine. Les cigarettes \u00e9lectroniques ne sont pas sans risque et ne sont pas recommand\u00e9es pour les enfants ni pour les personnes n\u2019ayant jamais fum\u00e9. Cependant, les autorit\u00e9s sanitaires britanniques continuent de consid\u00e9rer que le vapotage est nettement moins nocif que le tabagisme pour les adultes qui y renoncent compl\u00e8tement.  <\/p>\n\n<p class=\"wp-block-paragraph\">Le NHS affirme que le vapotage \u00e0 la nicotine est moins nocif que le tabagisme et qu&rsquo;il constitue l&rsquo;un des moyens les plus efficaces pour arr\u00eater de fumer. Il pr\u00e9cise \u00e9galement que les enfants et les non-fumeurs ne devraient jamais vapoter. <\/p>\n\n<p class=\"wp-block-paragraph\"><a href=\"https:\/\/www.cochrane.org\/evidence\/CD010216_can-electronic-cigarettes-help-people-stop-smoking-and-do-they-have-any-unwanted-effects-when-used\" rel=\"nofollow noopener\" target=\"_blank\">Une revue Cochrane de 2025<\/a> a r\u00e9v\u00e9l\u00e9 que les personnes avaient plus de chances d&rsquo;arr\u00eater de fumer pendant au moins six mois en utilisant des cigarettes \u00e9lectroniques \u00e0 la nicotine qu&rsquo;en utilisant des cigarettes \u00e9lectroniques de substitution nicotinique sans nicotine.<\/p>\n\n<p class=\"wp-block-paragraph\">Cela cr\u00e9e une tension politique. Les ministres souhaitent r\u00e9duire l&rsquo;attrait, la visibilit\u00e9 et l&rsquo;accessibilit\u00e9 des produits nicotiniques aupr\u00e8s des jeunes. Les fumeurs adultes, en revanche, peuvent compter sur les cigarettes \u00e9lectroniques r\u00e9glement\u00e9es et les d\u00e9taillants sp\u00e9cialis\u00e9s lorsqu&rsquo;ils tentent d&rsquo;arr\u00eater la cigarette.  <\/p>\n\n<p class=\"wp-block-paragraph\">Le gouvernement \u00e9cossais n&rsquo;a pas annonc\u00e9 d&rsquo;interdiction des magasins de cigarettes \u00e9lectroniques. Toutefois, la suppression de l&rsquo;all\u00e8gement fiscal pourrait entra\u00eener une augmentation des co\u00fbts fixes pour les petits commer\u00e7ants, alors m\u00eame que le secteur est confront\u00e9 \u00e0 des r\u00e8gles plus strictes en mati\u00e8re de publicit\u00e9, de pr\u00e9sentation en magasin et d&rsquo;enregistrement des produits. <\/p>\n\n<h3 class=\"wp-block-heading\"><strong>Dans le cadre d&rsquo;une campagne de r\u00e9pression plus large<\/strong><\/h3>\n\n<p class=\"wp-block-paragraph\">Cette d\u00e9cision concernant les tarifs s&rsquo;inscrit dans le cadre d&rsquo;un durcissement plus g\u00e9n\u00e9ral de la r\u00e9glementation relative aux cigarettes \u00e9lectroniques et \u00e0 la nicotine.<\/p>\n\n<p class=\"wp-block-paragraph\"><a href=\"https:\/\/www.legislation.gov.uk\/ukpga\/2026\/18\/contents\" rel=\"nofollow noopener\" target=\"_blank\">La loi de 2026 sur le tabac et les cigarettes \u00e9lectroniques<\/a> a re\u00e7u la sanction royale en avril et devrait instaurer une interdiction totale de la publicit\u00e9 et du parrainage des cigarettes \u00e9lectroniques et des produits nicotiniques \u00e0 compter du 1er juin 2027.<\/p>\n\n<p class=\"wp-block-paragraph\">Le gouvernement britannique a d\u00e9clar\u00e9 que cette loi visait \u00e0 trouver un juste \u00e9quilibre entre la lutte contre le vapotage chez les jeunes et le r\u00f4le que les cigarettes \u00e9lectroniques peuvent jouer pour aider les fumeurs adultes \u00e0 arr\u00eater de fumer.<\/p>\n\n<p class=\"wp-block-paragraph\">En \u00c9cosse, une r\u00e9glementation distincte \u00e9tendra les r\u00e8gles d&rsquo;enregistrement des d\u00e9taillants aux entreprises vendant des produits \u00e0 base de nicotine, tels que les sachets de nicotine, ainsi que des produits \u00e0 fumer \u00e0 base de plantes. Le gouvernement \u00e9cossais estime que cette modification est n\u00e9cessaire pour faciliter l&rsquo;application de la r\u00e9glementation, limiter l&rsquo;acc\u00e8s des jeunes \u00e0 ces produits et contr\u00f4ler les points de vente. <\/p>\n\n<p class=\"wp-block-paragraph\">Selon l&rsquo;\u00e9tude d&rsquo;impact r\u00e9glementaire sur les entreprises r\u00e9alis\u00e9e par le gouvernement \u00e9cossais, le registre du tabac et des cigarettes \u00e9lectroniques comptait, au 11 juin 2026, 11 762 inscriptions de d\u00e9taillants vendant du tabac et\/ou des cigarettes \u00e9lectroniques dans toute l&rsquo;\u00c9cosse.<\/p>\n\n<p class=\"wp-block-paragraph\"><strong>Questions destin\u00e9es aux d\u00e9taillants g\u00e9n\u00e9ralistes<\/strong><\/p>\n\n<p class=\"wp-block-paragraph\">Une question reste en suspens : comment cette modification s&rsquo;appliquera-t-elle aux commerces mixtes, notamment aux sup\u00e9rettes qui vendent des cigarettes \u00e9lectroniques aux c\u00f4t\u00e9s d&rsquo;autres produits ?<\/p>\n\n<p class=\"wp-block-paragraph\">Le communiqu\u00e9 du gouvernement fait r\u00e9f\u00e9rence aux magasins sp\u00e9cialis\u00e9s dans la vape. Le journal *Scottish Grocer* a indiqu\u00e9 que les ministres n&rsquo;avaient pas pr\u00e9cis\u00e9 quelles seraient les r\u00e9percussions de cette mesure sur les sup\u00e9rettes proposant des produits de vapotage. <\/p>\n\n<p class=\"wp-block-paragraph\">Si les magasins sp\u00e9cialis\u00e9s dans la vape constituent une voie d&rsquo;acc\u00e8s aux produits r\u00e9glement\u00e9s pour les fumeurs adultes, les cigarettes \u00e9lectroniques sont \u00e9galement vendues dans les supermarch\u00e9s, les sup\u00e9rettes et chez les d\u00e9taillants en ligne.<\/p>\n\n<p class=\"wp-block-paragraph\">Le gouvernement \u00e9cossais nommera \u00e9galement un comit\u00e9 ind\u00e9pendant charg\u00e9 d&rsquo;examiner les r\u00e9sultats de la r\u00e9\u00e9valuation des biens immobiliers non r\u00e9sidentiels de 2026, \u00e0 la suite d&rsquo;informations faisant \u00e9tat d&rsquo;incoh\u00e9rences dans les \u00e9valuations.<\/p>\n\n<p class=\"wp-block-paragraph\">Le comit\u00e9 \u00e9valuera s&rsquo;il existe des anomalies et rendra son rapport dans un d\u00e9lai de trois mois \u00e0 compter de sa nomination.<\/p>\n<div class=\"clear-after-content\" style=\"margin-top: 20px;margin-bottom: 20px;margin-left: auto;margin-right: auto;text-align: center;\" id=\"clear-3369883671\"><a data-no-instant=\"1\" href=\"https:\/\/www.broughton-group.com\/nicotine?utm_campaign=43296353-Clearing%20the%20Air%20PPC%20Campaign%20-%202026&#038;utm_source=ppc&#038;utm_medium=Paid%20Ads\" rel=\"noopener\" class=\"a2t-link\" aria-label=\"728 x 90 (2)\"><img src=\"https:\/\/clearingtheair.eu\/wp-content\/uploads\/2026\/04\/728-x-90-2.png\" alt=\"\"  srcset=\"https:\/\/clearingtheair.eu\/wp-content\/uploads\/2026\/04\/728-x-90-2.png 728w, https:\/\/clearingtheair.eu\/wp-content\/uploads\/2026\/04\/728-x-90-2-300x37.png 300w, https:\/\/clearingtheair.eu\/wp-content\/uploads\/2026\/04\/728-x-90-2-370x46.png 370w, https:\/\/clearingtheair.eu\/wp-content\/uploads\/2026\/04\/728-x-90-2-600x74.png 600w\" sizes=\"(max-width: 728px) 100vw, 728px\" width=\"728\" height=\"90\"  style=\"display: inline-block;\" \/><\/a><\/div>","protected":false},"excerpt":{"rendered":"<p>Les magasins sp\u00e9cialis\u00e9s dans la vape en \u00c9cosse devraient perdre leur exon\u00e9ration de la taxe fonci\u00e8re \u00e0 compter du 1er avril 2027, dans le cadre d&rsquo;une mesure prise par le gouvernement \u00e9cossais qui place ces commerces au c\u0153ur d&rsquo;un d\u00e9bat plus large&hellip;<\/p>\n","protected":false},"author":990005,"featured_media":39232,"comment_status":"open","ping_status":"open","sticky":false,"template":"","format":"standard","meta":{"footnotes":""},"categories":[267],"tags":[410,381],"slider":[],"class_list":["post-39240","post","type-post","status-publish","format-standard","has-post-thumbnail","hentry","category-news","tag-ecosse","tag-nicotine-fr"],"_links":{"self":[{"href":"https:\/\/clearingtheair.eu\/fr\/wp-json\/wp\/v2\/posts\/39240","targetHints":{"allow":["GET"]}}],"collection":[{"href":"https:\/\/clearingtheair.eu\/fr\/wp-json\/wp\/v2\/posts"}],"about":[{"href":"https:\/\/clearingtheair.eu\/fr\/wp-json\/wp\/v2\/types\/post"}],"author":[{"embeddable":true,"href":"https:\/\/clearingtheair.eu\/fr\/wp-json\/wp\/v2\/users\/990005"}],"replies":[{"embeddable":true,"href":"https:\/\/clearingtheair.eu\/fr\/wp-json\/wp\/v2\/comments?post=39240"}],"version-history":[{"count":1,"href":"https:\/\/clearingtheair.eu\/fr\/wp-json\/wp\/v2\/posts\/39240\/revisions"}],"predecessor-version":[{"id":39243,"href":"https:\/\/clearingtheair.eu\/fr\/wp-json\/wp\/v2\/posts\/39240\/revisions\/39243"}],"wp:featuredmedia":[{"embeddable":true,"href":"https:\/\/clearingtheair.eu\/fr\/wp-json\/wp\/v2\/media\/39232"}],"wp:attachment":[{"href":"https:\/\/clearingtheair.eu\/fr\/wp-json\/wp\/v2\/media?parent=39240"}],"wp:term":[{"taxonomy":"category","embeddable":true,"href":"https:\/\/clearingtheair.eu\/fr\/wp-json\/wp\/v2\/categories?post=39240"},{"taxonomy":"post_tag","embeddable":true,"href":"https:\/\/clearingtheair.eu\/fr\/wp-json\/wp\/v2\/tags?post=39240"},{"taxonomy":"slider","embeddable":true,"href":"https:\/\/clearingtheair.eu\/fr\/wp-json\/wp\/v2\/slider?post=39240"}],"curies":[{"name":"wp","href":"https:\/\/api.w.org\/{rel}","templated":true}]}}