{"id":39287,"date":"2026-07-01T09:08:06","date_gmt":"2026-07-01T09:08:06","guid":{"rendered":"https:\/\/clearingtheair.eu\/post\/lirlande-se-rapproche-de-linterdiction-des-aromes-de-fruits-et-de-sucreries-dans-les-cigarettes-electroniques\/"},"modified":"2026-07-01T09:08:38","modified_gmt":"2026-07-01T09:08:38","slug":"lirlande-se-rapproche-de-linterdiction-des-aromes-de-fruits-et-de-sucreries-dans-les-cigarettes-electroniques","status":"publish","type":"post","link":"https:\/\/clearingtheair.eu\/fr\/post\/lirlande-se-rapproche-de-linterdiction-des-aromes-de-fruits-et-de-sucreries-dans-les-cigarettes-electroniques\/","title":{"rendered":"L&rsquo;Irlande se rapproche de l&rsquo;interdiction des ar\u00f4mes de fruits et de sucreries dans les cigarettes \u00e9lectroniques"},"content":{"rendered":"<div class=\"clear-before-content-2\" style=\"margin-top: 20px;margin-bottom: 20px;margin-left: auto;margin-right: auto;text-align: center;\" id=\"clear-613298682\"><a data-no-instant=\"1\" href=\"https:\/\/www.broughton-group.com\/nicotine?utm_campaign=43296353-Clearing%20the%20Air%20PPC%20Campaign%20-%202026&#038;utm_source=ppc&#038;utm_medium=Paid%20Ads\" rel=\"noopener\" class=\"a2t-link\" aria-label=\"728 x 90 (2)\"><img src=\"https:\/\/clearingtheair.eu\/wp-content\/uploads\/2026\/04\/728-x-90-2.png\" alt=\"\"  srcset=\"https:\/\/clearingtheair.eu\/wp-content\/uploads\/2026\/04\/728-x-90-2.png 728w, https:\/\/clearingtheair.eu\/wp-content\/uploads\/2026\/04\/728-x-90-2-300x37.png 300w, https:\/\/clearingtheair.eu\/wp-content\/uploads\/2026\/04\/728-x-90-2-370x46.png 370w, https:\/\/clearingtheair.eu\/wp-content\/uploads\/2026\/04\/728-x-90-2-600x74.png 600w\" sizes=\"(max-width: 728px) 100vw, 728px\" width=\"728\" height=\"90\"  style=\"display: inline-block;\" \/><\/a><\/div>\n<p class=\"wp-block-paragraph\"><strong>L&rsquo;Irlande s&rsquo;est rapproch\u00e9e de l&rsquo;interdiction de la plupart des cigarettes \u00e9lectroniques aromatis\u00e9es apr\u00e8s l&rsquo;adoption par le D\u00e1il de nouvelles lois sur la nicotine.<\/strong><\/p>\n\n<p class=\"wp-block-paragraph\"><a href=\"https:\/\/www.oireachtas.ie\/en\/bills\/bill\/2026\/36\/\" rel=\"nofollow noopener\" target=\"_blank\">Le projet de loi de 2026 portant modification de la loi sur la sant\u00e9 publique (produits du tabac et produits \u00e0 inhalation de nicotine)<\/a> a franchi mercredi la derni\u00e8re \u00e9tape de son examen au D\u00e1il et va d\u00e9sormais \u00eatre transmis au Seanad, o\u00f9 il devrait faire l&rsquo;objet d&rsquo;un d\u00e9bat en juillet.<\/p>\n\n<p class=\"wp-block-paragraph\">S&rsquo;il \u00e9tait adopt\u00e9, ce projet de loi restreindrait consid\u00e9rablement le march\u00e9 irlandais de la cigarette \u00e9lectronique en limitant les ar\u00f4mes autoris\u00e9s au tabac et aux produits non aromatis\u00e9s. Il imposerait \u00e9galement des restrictions sur les emballages color\u00e9s, les pr\u00e9sentoirs en magasin et la publicit\u00e9 dans le commerce de d\u00e9tail. <\/p>\n\n<p class=\"wp-block-paragraph\">Le gouvernement attend la fin de la proc\u00e9dure de notification aupr\u00e8s de l&rsquo;UE avant que la l\u00e9gislation puisse entrer en vigueur, les ministres ayant pour objectif que ces mesures soient op\u00e9rationnelles d&rsquo;ici la fin de l&rsquo;ann\u00e9e.<\/p>\n\n<h3 class=\"wp-block-heading\"><strong>Ce que le projet de loi modifierait<\/strong><\/h3>\n\n<p class=\"wp-block-paragraph\">Ce projet de loi vise \u00e0 r\u00e9duire l&rsquo;attrait, la visibilit\u00e9 et l&rsquo;accessibilit\u00e9 des cigarettes \u00e9lectroniques et autres produits \u00e0 base de nicotine, en particulier chez les jeunes.<\/p>\n\n<p class=\"wp-block-paragraph\">En vertu du projet de loi, l&rsquo;Irlande :<\/p>\n\n<ul class=\"wp-block-list\">\n<li>Interdire la vente de sachets de nicotine et d&rsquo;autres produits destin\u00e9s \u00e0 la consommation de nicotine aux mineurs de moins de 18 ans.<\/li>\n\n\n\n<li>Interdire la publicit\u00e9 pour les cigarettes \u00e9lectroniques et les produits contenant de la nicotine dans tous les points de vente au d\u00e9tail.<\/li>\n\n\n\n<li>Interdire la pr\u00e9sentation en rayon des cigarettes \u00e9lectroniques et des produits contenant de la nicotine dans les commerces de d\u00e9tail mixtes, tels que les supermarch\u00e9s, les stations-service et les kiosques \u00e0 journaux.<\/li>\n\n\n\n<li>Limiter les couleurs et les illustrations figurant sur les appareils de vapotage et leurs emballages.<\/li>\n\n\n\n<li>Interdire les dispositifs de vapotage con\u00e7us pour ressembler \u00e0 d&rsquo;autres produits, notamment des jouets ou des jeux.<\/li>\n\n\n\n<li>Limiter les ar\u00f4mes des cigarettes \u00e9lectroniques aux produits au tabac et non aromatis\u00e9s.<\/li>\n<\/ul>\n\n<p class=\"wp-block-paragraph\">Ce projet de loi conf\u00e9rerait \u00e9galement aux ministres le pouvoir de r\u00e9glementer les d\u00e9nominations des ar\u00f4mes et d&rsquo;actualiser la l\u00e9gislation en cas d&rsquo;arriv\u00e9e sur le march\u00e9 de nouveaux produits \u00e0 base de nicotine.<\/p>\n\n<p class=\"wp-block-paragraph\">C&rsquo;est ce qu&rsquo;a d\u00e9clar\u00e9 la ministre de la Sant\u00e9, Jennifer Carroll MacNeill, lorsque le projet de loi a \u00e9t\u00e9 approuv\u00e9 par le gouvernement. Elle a d\u00e9clar\u00e9 : \u00ab Ce projet de loi renforcera et \u00e9largira la l\u00e9gislation existante relative aux produits \u00e0 inhalation de nicotine en r\u00e9duisant leur attrait, leur visibilit\u00e9 et leur accessibilit\u00e9. Il interdira \u00e9galement la vente aux mineurs des produits \u00e0 base de nicotine \u00e0 usage r\u00e9cr\u00e9atif, actuels et futurs, et r\u00e9duira leur visibilit\u00e9 dans les points de vente. \u00bb <\/p>\n\n<p class=\"wp-block-paragraph\">Elle a ajout\u00e9 : \u00ab Ensemble, ces lois constituent un ensemble complet de mesures visant \u00e0 limiter la promotion et la vente de ces produits cr\u00e9ant une d\u00e9pendance. Elles illustrent \u00e9galement le r\u00f4le de premier plan que continue de jouer l\u2019Irlande en mati\u00e8re de lutte contre le tabac et la nicotine, dans le cadre des efforts d\u00e9ploy\u00e9s pour aider et prot\u00e9ger notre population afin qu\u2019elle m\u00e8ne une vie plus saine. \u00bb<\/p>\n\n<h3 class=\"wp-block-heading\"><strong>Rang\u00e9e de pochettes<\/strong><\/h3>\n\n<p class=\"wp-block-paragraph\">Le d\u00e9bat au D\u00e1il a \u00e9galement mis en \u00e9vidence les pressions exerc\u00e9es pour aller plus loin concernant les sachets de nicotine, qui sont soumis \u00e0 certaines des restrictions pr\u00e9vues par le projet de loi, mais pas aux mesures de contr\u00f4le des emballages propos\u00e9es.<\/p>\n\n<p class=\"wp-block-paragraph\">Le d\u00e9put\u00e9 social-d\u00e9mocrate P\u00e1draig Rice a fait valoir que ces sachets \u00e9taient actuellement \u00ab pr\u00e9sent\u00e9s dans les magasins dans des emballages aux couleurs vives \u00bb et a d\u00e9clar\u00e9 qu&rsquo;ils rencontraient un succ\u00e8s croissant aupr\u00e8s des adolescents.<\/p>\n\n<p class=\"wp-block-paragraph\">Il a insist\u00e9 pour que les sachets de nicotine soient inclus dans les restrictions relatives aux emballages, mais la secr\u00e9taire d&rsquo;\u00c9tat \u00e0 la Sant\u00e9, Jennifer Murnane O\u2019Connor, a rejet\u00e9 cet amendement, affirmant que cela n\u00e9cessiterait une nouvelle notification \u00e0 l&rsquo;Union europ\u00e9enne et pourrait retarder l&rsquo;adoption du projet de loi de pr\u00e8s d&rsquo;un an.<\/p>\n\n<p class=\"wp-block-paragraph\">Ce projet de loi int\u00e8gre d&rsquo;ores et d\u00e9j\u00e0 les sachets de nicotine dans la l\u00e9gislation irlandaise en interdisant leur vente aux moins de 18 ans et en limitant leur publicit\u00e9 et leur pr\u00e9sentation en magasin.<\/p>\n\n<h3 class=\"wp-block-heading\"><strong>Le vapotage chez les jeunes entra\u00eene un durcissement des mesures<\/strong><\/h3>\n\n<p class=\"wp-block-paragraph\"><a href=\"https:\/\/www.gov.ie\/en\/healthy-ireland\/publications\/healthy-ireland-survey-2025\/\" rel=\"nofollow noopener\" target=\"_blank\">La derni\u00e8re enqu\u00eate \u00ab Healthy Ireland \u00bb men\u00e9e en Irlande<\/a> a r\u00e9v\u00e9l\u00e9 que 8 % de la population utilise actuellement des cigarettes \u00e9lectroniques, que ce soit quotidiennement ou occasionnellement. C&rsquo;est chez les jeunes que la consommation est la plus \u00e9lev\u00e9e : 18 % des 15-24 ans d\u00e9clarent vapoter quotidiennement ou occasionnellement. <\/p>\n\n<p class=\"wp-block-paragraph\">Cette m\u00eame enqu\u00eate a r\u00e9v\u00e9l\u00e9 que 50 % des utilisateurs de cigarettes \u00e9lectroniques sont d&rsquo;anciens fumeurs, 33 % sont des fumeurs actuels et 17 % n&rsquo;ont jamais fum\u00e9.<\/p>\n\n<p class=\"wp-block-paragraph\">Cela signifie que ces restrictions toucheront un public h\u00e9t\u00e9rog\u00e8ne : les jeunes qui n&rsquo;ont jamais fum\u00e9, les adultes qui fument et ceux qui ont d\u00e9j\u00e0 arr\u00eat\u00e9 la cigarette.<\/p>\n\n<p class=\"wp-block-paragraph\">En Irlande, le tabagisme reste plus r\u00e9pandu que la cigarette \u00e9lectronique. L&rsquo;enqu\u00eate \u00ab Healthy Ireland \u00bb a r\u00e9v\u00e9l\u00e9 que 17 % de la population sont des fumeurs actuels, dont 13 % fument quotidiennement et 4 % occasionnellement. <\/p>\n\n<p class=\"wp-block-paragraph\">Selon les recommandations du HSE, le vapotage pourrait \u00eatre moins nocif que le tabagisme, car il permet d&rsquo;absorber de la nicotine en lib\u00e9rant moins de toxines que les cigarettes, mais il n&rsquo;est pas sans risque.<\/p>\n\n<h3 class=\"wp-block-heading\"><strong>Dans le cadre d&rsquo;une r\u00e9pression plus large visant la nicotine<\/strong><\/h3>\n\n<p class=\"wp-block-paragraph\">Le projet de loi sur les ar\u00f4mes et les emballages s&rsquo;inscrit dans le cadre d&rsquo;une campagne de r\u00e9pression plus large men\u00e9e par l&rsquo;Irlande \u00e0 l&rsquo;encontre des produits du tabac et de la nicotine.<\/p>\n\n<p class=\"wp-block-paragraph\">L&rsquo;Irlande a d\u00e9j\u00e0 interdit la vente de cigarettes \u00e9lectroniques aux moins de 18 ans. Un projet de loi distinct visant \u00e0 interdire les cigarettes \u00e9lectroniques \u00e0 usage unique est \u00e9galement en cours d&rsquo;examen \u00e0 l&rsquo;Oireachtas, motiv\u00e9 par des pr\u00e9occupations li\u00e9es \u00e0 leur consommation par les jeunes, aux produits ill\u00e9gaux et aux d\u00e9chets environnementaux. <\/p>\n\n<p class=\"wp-block-paragraph\">Le Service de documentation et de recherche de l&rsquo;Oireachtas a estim\u00e9 que la mise en \u0153uvre du projet de loi actuel et de l&rsquo;interdiction distincte des cigarettes \u00e9lectroniques \u00e0 usage unique n\u00e9cessiterait <a href=\"https:\/\/data.oireachtas.ie\/ie\/oireachtas\/libraryResearch\/2026\/2026-04-16_bill-digest-public-health-tobacco-products-and-nicotine-inhaling-products-amendment-bill-2026_en.pdf\" rel=\"nofollow noopener\" target=\"_blank\">un budget suppl\u00e9mentaire de 3,1 millions d&rsquo;euros par an.<\/a><\/p>\n\n<p class=\"wp-block-paragraph\">Le gouvernement affirme que ces nouvelles r\u00e8gles sont n\u00e9cessaires, car la r\u00e9glementation actuelle ne s&rsquo;est pas av\u00e9r\u00e9e suffisante pour inverser la tendance \u00e0 la consommation de cigarettes \u00e9lectroniques chez les jeunes.<\/p>\n\n<p class=\"wp-block-paragraph\">Pour les fumeurs adultes et les anciens fumeurs, cette mesure r\u00e9duira consid\u00e9rablement le march\u00e9 l\u00e9gal de la cigarette \u00e9lectronique. Quant aux jeunes, les ministres affirment qu\u2019elle rendra les produits \u00e0 base de nicotine moins visibles, moins color\u00e9s et moins attrayants. <\/p>\n\n<p class=\"wp-block-paragraph\">Le d\u00e9bat au S\u00e9nat permettra de d\u00e9terminer si l&rsquo;Irlande mettra en place l&rsquo;un des r\u00e9gimes les plus stricts d&rsquo;Europe en mati\u00e8re d&rsquo;ar\u00f4mes pour cigarettes \u00e9lectroniques.<\/p>\n<div class=\"clear-after-content\" style=\"margin-top: 20px;margin-bottom: 20px;margin-left: auto;margin-right: auto;text-align: center;\" id=\"clear-1068837615\"><a data-no-instant=\"1\" href=\"https:\/\/www.broughton-group.com\/nicotine?utm_campaign=43296353-Clearing%20the%20Air%20PPC%20Campaign%20-%202026&#038;utm_source=ppc&#038;utm_medium=Paid%20Ads\" rel=\"noopener\" class=\"a2t-link\" aria-label=\"728 x 90 (2)\"><img src=\"https:\/\/clearingtheair.eu\/wp-content\/uploads\/2026\/04\/728-x-90-2.png\" alt=\"\"  srcset=\"https:\/\/clearingtheair.eu\/wp-content\/uploads\/2026\/04\/728-x-90-2.png 728w, https:\/\/clearingtheair.eu\/wp-content\/uploads\/2026\/04\/728-x-90-2-300x37.png 300w, https:\/\/clearingtheair.eu\/wp-content\/uploads\/2026\/04\/728-x-90-2-370x46.png 370w, https:\/\/clearingtheair.eu\/wp-content\/uploads\/2026\/04\/728-x-90-2-600x74.png 600w\" sizes=\"(max-width: 728px) 100vw, 728px\" width=\"728\" height=\"90\"  style=\"display: inline-block;\" \/><\/a><\/div>","protected":false},"excerpt":{"rendered":"<p>L&rsquo;Irlande s&rsquo;est rapproch\u00e9e de l&rsquo;interdiction de la plupart des cigarettes \u00e9lectroniques aromatis\u00e9es apr\u00e8s l&rsquo;adoption par le D\u00e1il de nouvelles lois sur la nicotine. Le projet de loi de 2026 portant modification de la loi sur la sant\u00e9 publique (produits du tabac et&hellip;<\/p>\n","protected":false},"author":990005,"featured_media":39275,"comment_status":"open","ping_status":"open","sticky":false,"template":"","format":"standard","meta":{"footnotes":""},"categories":[267],"tags":[403,381],"slider":[],"class_list":["post-39287","post","type-post","status-publish","format-standard","has-post-thumbnail","hentry","category-news","tag-ireland-fr","tag-nicotine-fr"],"_links":{"self":[{"href":"https:\/\/clearingtheair.eu\/fr\/wp-json\/wp\/v2\/posts\/39287","targetHints":{"allow":["GET"]}}],"collection":[{"href":"https:\/\/clearingtheair.eu\/fr\/wp-json\/wp\/v2\/posts"}],"about":[{"href":"https:\/\/clearingtheair.eu\/fr\/wp-json\/wp\/v2\/types\/post"}],"author":[{"embeddable":true,"href":"https:\/\/clearingtheair.eu\/fr\/wp-json\/wp\/v2\/users\/990005"}],"replies":[{"embeddable":true,"href":"https:\/\/clearingtheair.eu\/fr\/wp-json\/wp\/v2\/comments?post=39287"}],"version-history":[{"count":1,"href":"https:\/\/clearingtheair.eu\/fr\/wp-json\/wp\/v2\/posts\/39287\/revisions"}],"predecessor-version":[{"id":39290,"href":"https:\/\/clearingtheair.eu\/fr\/wp-json\/wp\/v2\/posts\/39287\/revisions\/39290"}],"wp:featuredmedia":[{"embeddable":true,"href":"https:\/\/clearingtheair.eu\/fr\/wp-json\/wp\/v2\/media\/39275"}],"wp:attachment":[{"href":"https:\/\/clearingtheair.eu\/fr\/wp-json\/wp\/v2\/media?parent=39287"}],"wp:term":[{"taxonomy":"category","embeddable":true,"href":"https:\/\/clearingtheair.eu\/fr\/wp-json\/wp\/v2\/categories?post=39287"},{"taxonomy":"post_tag","embeddable":true,"href":"https:\/\/clearingtheair.eu\/fr\/wp-json\/wp\/v2\/tags?post=39287"},{"taxonomy":"slider","embeddable":true,"href":"https:\/\/clearingtheair.eu\/fr\/wp-json\/wp\/v2\/slider?post=39287"}],"curies":[{"name":"wp","href":"https:\/\/api.w.org\/{rel}","templated":true}]}}